{"id":16904,"date":"2025-08-24T16:42:09","date_gmt":"2025-08-24T16:42:09","guid":{"rendered":"https:\/\/www.europesays.com\/no\/16904\/"},"modified":"2025-08-24T16:42:09","modified_gmt":"2025-08-24T16:42:09","slug":"dennis-hauger-sikret-gullet-og-vinner-85-mill","status":"publish","type":"post","link":"https:\/\/www.europesays.com\/no\/16904\/","title":{"rendered":"Dennis Hauger sikret gullet og vinner 8,5 mill."},"content":{"rendered":"\n<p class=\"_lead_1bvmi_2 _lead_xtcu6_50 layout-component text-serif-m layout-normal text-serif-l layout-component layout-wide layout-padded _wide_17hqh_1 layout-padded\">Dennis Hauger (22) har allerede sikret gullet i Indy NXT-mesterskapet for 2025.<\/p>\n<p> <img class=\"_image_qp4xg_65 layout-component layout-wide\" data-fullscreen- data-track-element-type=\"Article image fullscreen\" data-track-name=\"ImageFullscreen\" fetchpriority=\"high\" decoding=\"sync\" loading=\"eager\" height=\"102\" itemprop=\"image\"  src=\"https:\/\/www.europesays.com\/no\/wp-content\/uploads\/2025\/08\/0828a4e8e81cf965cf81777e69cf8080.jpg\"  style=\"object-position:50% 50%;aspect-ratio:1.75;height:auto;object-fit:cover;width:100%\" width=\"102\"\/>  <\/p>\n<ul aria-hidden=\"true\" class=\"_images_1y6fe_106\">\n<li><a class=\"_link_1y6fe_111\" href=\"https:\/\/www.vg.no\/forfatter\/ole-kristian-stroem\" style=\"z-index:1\" title=\"Ole Kristian Str\u00f8m\" rel=\"nofollow noopener\" target=\"_blank\"><img alt=\"Bilde av Ole Kristian Str\u00f8m\" class=\"_image_1y6fe_88\" fetchpriority=\"low\" loading=\"lazy\" decoding=\"async\" itemprop=\"image\"  src=\"https:\/\/www.europesays.com\/no\/wp-content\/uploads\/2025\/08\/1756053728_165_dd65a725-93c8-4bec-9c8b-df4ed88aa4f8\"  width=\"480\"\/><\/a><\/li>\n<\/ul>\n<p> Oppdatert s\u00f8ndag 24. august kl. 18:30     <\/p>\n<p class=\"_paragraph_1bvmi_4 _paragraph_xtcu6_10 layout-component text-serif-m layout-normal text-serif-m layout-padded\">Det er klart etter 2. plass p\u00e5 ovalbanen i Milwaukee s\u00f8ndag. Det er ingen som kan ta ham igjen, selv om ett l\u00f8p gjenst\u00e5r.<\/p>\n<p class=\"_paragraph_1bvmi_4 _paragraph_xtcu6_10 layout-component text-serif-m layout-normal text-serif-m layout-padded\">VG vet at Hauger jobber med \u00e5 f\u00e5 kj\u00f8re toppklassen Indycar i 2026. <\/p>\n<p class=\"_paragraph_1bvmi_4 _paragraph_xtcu6_10 layout-component text-serif-m layout-normal text-serif-m layout-padded\">\u2013 Det har v\u00e6rt en utrolig sesong. Dette er en stor seier for meg, sier Hauger i et intervju vist p\u00e5 Viaplay.<\/p>\n<p class=\"_paragraph_1bvmi_4 _paragraph_xtcu6_10 layout-component text-serif-m layout-normal text-serif-m layout-padded\">Han mislyktes i \u00e5 n\u00e5 Formel 1 etter tre tunge \u00e5r i Formel 2, men har v\u00e6rt i s\u00e6rklasse i den amerikanske varianten av Formel 2, som heter Indy NXT.<\/p>\n<p class=\"_paragraph_1bvmi_4 _paragraph_xtcu6_10 layout-component text-serif-m layout-normal text-serif-m layout-padded\">F\u00f8rstepremien er p\u00e5 8,5 mill. kroner &#8211; som er \u00f8remerket videre Indycar-kj\u00f8ring.<\/p>\n<p class=\"_paragraph_1bvmi_4 _paragraph_xtcu6_10 layout-component text-serif-m layout-normal text-serif-m layout-padded\">Andretti-f\u00f8rer Hauger hadde beste startposisjon og visste at han kom til \u00e5 ha mesterskapstittelen i lommen om han kom foran brasilianeren Caio Collet i m\u00e5l. Det klarte han, for Collet ble nummer syv. Meksikanske Salvador De Alba vant l\u00f8pet, og det ble trippel Andretti-teamet p\u00e5 pallen.<\/p>\n<p class=\"_paragraph_1bvmi_4 _paragraph_xtcu6_10 layout-component text-serif-m layout-normal text-serif-m layout-padded\">Det betyr at <a href=\"https:\/\/www.vg.no\/tag\/dennis-hauger?utm_source=vg-article&amp;utm_medium=auto-tagger&amp;utm_campaign=nyd1X5\" class=\"_link_1bvmi_39\" rel=\"nofollow noopener\" target=\"_blank\">Dennis Hauger<\/a> bare kan nyte den siste runden, som g\u00e5r i Nashville neste helg. <\/p>\n<p class=\"_paragraph_1bvmi_4 _paragraph_xtcu6_10 layout-component text-serif-m layout-normal text-serif-m layout-padded\">\u2013 Dette er sterkt. Dennis har dominert som vi visste at han var i stand til og som han burde etter tre ganske kjipe \u00e5r i Formel 2, sier Simen N\u00e6ss Hagen, redakt\u00f8r i <a href=\"https:\/\/www.parcferme.no\/\" class=\"_link_1bvmi_39\" rel=\"nofollow noopener\" target=\"_blank\">parcferme.no. <\/a>og kommentator p\u00e5 Viaplay.<\/p>\n<p><img alt=\"Dennis Hauger i aksjon i Milwaukee i helgen.  Foto: Indy NXT\" class=\"_image_qp4xg_65 layout-component layout-normal\" data-fullscreen- data-track-element-type=\"Article image fullscreen\" data-track-name=\"ImageFullscreen\" decoding=\"async\" loading=\"lazy\" height=\"1787\" itemprop=\"image\"  src=\"https:\/\/www.europesays.com\/no\/wp-content\/uploads\/2025\/08\/78cb587b-5ae1-466f-8e60-1567576f3357\"  style=\"object-position:0% 0%\" width=\"4650\"\/>Dennis Hauger i aksjon i Milwaukee i helgen.  Foto: Indy NXT<\/p>\n<p class=\"_paragraph_1bvmi_4 _paragraph_xtcu6_10 layout-component text-serif-m layout-normal text-serif-m layout-padded\">Hauger jublet og takket teamet over radioen rett etter at han hadde kj\u00f8rt over m\u00e5lstreken.<\/p>\n<p class=\"_paragraph_1bvmi_4 _paragraph_xtcu6_10 layout-component text-serif-m layout-normal text-serif-m layout-padded\">\u2013 Han er en av de mest overlegne vinnerne p\u00e5 dette niv\u00e5et noen sinne, sier Simen N\u00e6ss Hagen.<\/p>\n<p class=\"_paragraph_1bvmi_4 _paragraph_xtcu6_10 layout-component text-serif-m layout-normal text-serif-m layout-padded\">\u2013 Det er rett og rimelig at skal dominere p\u00e5 dette niv\u00e5et &#8211; og det har han klart. Jeg er rimelig sikker p\u00e5 at han kommer til \u00e5 en kontrakt i Indycar for hele 2026 &#8211; ut over at han som mester allerede er sikret \u00e5 f\u00e5 kj\u00f8re Indy 500 og et l\u00f8p til som premie.<\/p>\n<p class=\"_paragraph_1bvmi_4 _paragraph_xtcu6_10 layout-component text-serif-m layout-normal text-serif-m layout-padded\">F\u00f8rstepremien i Indy NXT er alts\u00e5 p\u00e5 850.000 dollar, omtrent 8,5 millioner kroner. De skal brukes til testing og l\u00f8p i Indycar i 2026.<\/p>\n<p class=\"_paragraph_1bvmi_4 _paragraph_xtcu6_10 layout-component text-serif-m layout-normal text-serif-m layout-padded\">Simen N\u00e6ss Hagen sier at Hauger har hatt god kontroll p\u00e5 resten av feltet hele sesongen.<\/p>\n<p class=\"_paragraph_1bvmi_4 _paragraph_xtcu6_10 layout-component text-serif-m layout-normal text-serif-m layout-padded\">\u2013 Det gj\u00f8r ham veldig attraktiv. Han er ikke garantert Indy-sete for hele 2026, men jeg er rimelig sikker p\u00e5 at det kommer til \u00e5 skje.<\/p>\n<p class=\"_paragraph_1bvmi_4 _paragraph_xtcu6_10 layout-component text-serif-m layout-normal text-serif-m layout-padded\">Dennis Hauger hadde vunnet seks av 11 l\u00f8p foran s\u00f8ndagens l\u00f8p i Milwaukee.<\/p>\n<p class=\"_paragraph_1bvmi_4 _paragraph_xtcu6_10 layout-component text-serif-m layout-normal text-serif-m layout-padded\">Der m\u00e5tte sikkerhetsbilen inn etter 49 av 90 runder. <\/p>\n","protected":false},"excerpt":{"rendered":"Dennis Hauger (22) har allerede sikret gullet i Indy NXT-mesterskapet for 2025. Oppdatert s\u00f8ndag 24. august kl. 18:30&hellip;\n","protected":false},"author":2,"featured_media":16905,"comment_status":"","ping_status":"","sticky":false,"template":"","format":"standard","meta":{"footnotes":""},"categories":[59],"tags":[1119,3104,30,28,29,83,82],"class_list":{"0":"post-16904","1":"post","2":"type-post","3":"status-publish","4":"format-standard","5":"has-post-thumbnail","7":"category-sport","8":"tag-dennis-hauger","9":"tag-indy-500","10":"tag-no","11":"tag-norge","12":"tag-norway","13":"tag-sport","14":"tag-sports"},"share_on_mastodon":{"url":"","error":""},"_links":{"self":[{"href":"https:\/\/www.europesays.com\/no\/wp-json\/wp\/v2\/posts\/16904","targetHints":{"allow":["GET"]}}],"collection":[{"href":"https:\/\/www.europesays.com\/no\/wp-json\/wp\/v2\/posts"}],"about":[{"href":"https:\/\/www.europesays.com\/no\/wp-json\/wp\/v2\/types\/post"}],"author":[{"embeddable":true,"href":"https:\/\/www.europesays.com\/no\/wp-json\/wp\/v2\/users\/2"}],"replies":[{"embeddable":true,"href":"https:\/\/www.europesays.com\/no\/wp-json\/wp\/v2\/comments?post=16904"}],"version-history":[{"count":0,"href":"https:\/\/www.europesays.com\/no\/wp-json\/wp\/v2\/posts\/16904\/revisions"}],"wp:featuredmedia":[{"embeddable":true,"href":"https:\/\/www.europesays.com\/no\/wp-json\/wp\/v2\/media\/16905"}],"wp:attachment":[{"href":"https:\/\/www.europesays.com\/no\/wp-json\/wp\/v2\/media?parent=16904"}],"wp:term":[{"taxonomy":"category","embeddable":true,"href":"https:\/\/www.europesays.com\/no\/wp-json\/wp\/v2\/categories?post=16904"},{"taxonomy":"post_tag","embeddable":true,"href":"https:\/\/www.europesays.com\/no\/wp-json\/wp\/v2\/tags?post=16904"}],"curies":[{"name":"wp","href":"https:\/\/api.w.org\/{rel}","templated":true}]}}