{"id":16926,"date":"2025-08-24T17:26:27","date_gmt":"2025-08-24T17:26:27","guid":{"rendered":"https:\/\/www.europesays.com\/no\/16926\/"},"modified":"2025-08-24T17:26:27","modified_gmt":"2025-08-24T17:26:27","slug":"sport-eliteserien-2025-skal-til-endelig-ta-en-seier-igjen-folg-kampen-mot-molde-her-nordlys","status":"publish","type":"post","link":"https:\/\/www.europesays.com\/no\/16926\/","title":{"rendered":"Sport, Eliteserien 2025 | Skal TIL endelig ta en seier igjen? F\u00f8lg kampen mot Molde her &#8211; Nordlys"},"content":{"rendered":"<ol>\n<li><a href=\"https:\/\/news.google.com\/rss\/articles\/CBMinwFBVV95cUxOSGQ3RGJEdnpqa2pGeGJDcE1xRVJaNDJ4UHVIMTdrSE0xUEdRZGpvY2Fmek1PX1QyNXVKc2tvMFhZTUVNV1Q3bnpPQUJvNnNtWjQyZ2VMZHFqVl81aHBlSjRzRHBQSFpXSUJOUFoxUmVYQTZuMHB1dFJXY0ctX2k3ODV1cVlkQWFpOWtLQmxoR2hGVnYzYko4MDBIUHdZRTg?oc=5\" target=\"_blank\" rel=\"nofollow noopener\">Sport, Eliteserien 2025 | Skal TIL endelig ta en seier igjen? F\u00f8lg kampen mot Molde her<\/a>&nbsp;&nbsp;Nordlys<\/li>\n<li><a href=\"https:\/\/news.google.com\/rss\/articles\/CBMiggFBVV95cUxNLVNWUlhvdks3UE9lUUVXbkNnblkwUGlHN0M2NjhETURqM2VveWZaQ19STGtGUFc3QURrZjdnaFg2NXB3dWtBam85N0YySkEzQm9IUWVpOE1vMlVfWEVqTVJ1VkhCeFFSYmx2UGltUHkwRV9jZm1fR1YxcWZ6TFdRaUFR?oc=5\" target=\"_blank\" rel=\"nofollow noopener\">Molde FK mot Troms\u00f8 idrettslag<\/a>&nbsp;&nbsp;NRK<\/li>\n<li><a href=\"https:\/\/news.google.com\/rss\/articles\/CBMid0FVX3lxTE80WU9iV3htM01CU2hnZHh6aWZpMW5Pb0RwZWpTRWlJbFUxdXF0WFRtNEZTbzVNTEFDcXhiZjFzZEJ0N2h3eHhvRllWNXJXaDc5VFNWYl82ZmQwczJMMWtqeEVBdEFBcjdqZEw5Vi1kUm5LSU1wTDFr?oc=5\" target=\"_blank\" rel=\"nofollow noopener\">(+) To endringer p\u00e5 laget &#8211; se hvem som starter!<\/a>&nbsp;&nbsp;rbnett.no<\/li>\n<li><a href=\"https:\/\/news.google.com\/rss\/articles\/CBMic0FVX3lxTE1UTHlVLUEzSG5xMDdvUEdmV1hTOFg4TXV5NVpVSHlOWTMxeFZaU1VzMGNuYzRRY1FKUnpVeTdVYnkxU1FMTzRMWURCYWR1NGtxMWRMVV9EQlQzaENXMDNUMm9SNzVsbWYwZEFhTnd0QUZfbnc?oc=5\" target=\"_blank\" rel=\"nofollow noopener\">To lag med motsatt formkurve: Molde f\u00e5r bes\u00f8k av Troms\u00f8<\/a>&nbsp;&nbsp;Norsk Tipping<\/li>\n<li><a href=\"https:\/\/news.google.com\/rss\/articles\/CBMidEFVX3lxTE9pLXZwcTBSdjR4bVF3LWhuRTRRX0VVZ20xcG9OMzJtWFNiaGVjVVRJdjc4R2xreGlfN3RNSnBtdTlSNy1Gd3lrMHV4STBiNEdwektnNl9EYkRuQTl0cC1VQV9iZXoyVDI2Z2g3WmRWQTRNem85?oc=5\" target=\"_blank\" rel=\"nofollow noopener\">Dette skjer p\u00e5 kampdag: Molde &#8211; Troms\u00f8<\/a>&nbsp;&nbsp;moldefk.no<\/li>\n<\/ol>\n","protected":false},"excerpt":{"rendered":"Sport, Eliteserien 2025 | Skal TIL endelig ta en seier igjen? F\u00f8lg kampen mot Molde her&nbsp;&nbsp;Nordlys Molde FK&hellip;\n","protected":false},"author":2,"featured_media":16927,"comment_status":"","ping_status":"","sticky":false,"template":"","format":"standard","meta":{"footnotes":""},"categories":[59],"tags":[36,2344,30,28,29,83,82,1510,471,2346],"class_list":{"0":"post-16926","1":"post","2":"type-post","3":"status-publish","4":"format-standard","5":"has-post-thumbnail","7":"category-sport","8":"tag-art","9":"tag-eliteserien-2025","10":"tag-no","11":"tag-norge","12":"tag-norway","13":"tag-sport","14":"tag-sports","15":"tag-story","16":"tag-til","17":"tag-tromso-idrettslag"},"share_on_mastodon":{"url":"","error":""},"_links":{"self":[{"href":"https:\/\/www.europesays.com\/no\/wp-json\/wp\/v2\/posts\/16926","targetHints":{"allow":["GET"]}}],"collection":[{"href":"https:\/\/www.europesays.com\/no\/wp-json\/wp\/v2\/posts"}],"about":[{"href":"https:\/\/www.europesays.com\/no\/wp-json\/wp\/v2\/types\/post"}],"author":[{"embeddable":true,"href":"https:\/\/www.europesays.com\/no\/wp-json\/wp\/v2\/users\/2"}],"replies":[{"embeddable":true,"href":"https:\/\/www.europesays.com\/no\/wp-json\/wp\/v2\/comments?post=16926"}],"version-history":[{"count":0,"href":"https:\/\/www.europesays.com\/no\/wp-json\/wp\/v2\/posts\/16926\/revisions"}],"wp:featuredmedia":[{"embeddable":true,"href":"https:\/\/www.europesays.com\/no\/wp-json\/wp\/v2\/media\/16927"}],"wp:attachment":[{"href":"https:\/\/www.europesays.com\/no\/wp-json\/wp\/v2\/media?parent=16926"}],"wp:term":[{"taxonomy":"category","embeddable":true,"href":"https:\/\/www.europesays.com\/no\/wp-json\/wp\/v2\/categories?post=16926"},{"taxonomy":"post_tag","embeddable":true,"href":"https:\/\/www.europesays.com\/no\/wp-json\/wp\/v2\/tags?post=16926"}],"curies":[{"name":"wp","href":"https:\/\/api.w.org\/{rel}","templated":true}]}}