{"id":16960,"date":"2025-08-24T18:07:09","date_gmt":"2025-08-24T18:07:09","guid":{"rendered":"https:\/\/www.europesays.com\/no\/16960\/"},"modified":"2025-08-24T18:07:09","modified_gmt":"2025-08-24T18:07:09","slug":"steffen-skjottelvik-29-er-funnet-omkommet","status":"publish","type":"post","link":"https:\/\/www.europesays.com\/no\/16960\/","title":{"rendered":"Steffen Skj\u00f8ttelvik (29) er funnet omkommet"},"content":{"rendered":"\n<p class=\"_lead_1bvmi_2 _lead_xtcu6_50 layout-component text-serif-m layout-normal text-serif-l layout-component layout-wide layout-padded _wide_17hqh_1 layout-padded\">Steffen Skj\u00f8ttelvik, som har v\u00e6rt savnet i Canadas villmark, er funnet.<\/p>\n<p><img alt=\"Steffen Skj\u00f8ttelvik ville g\u00e5 Canada p\u00e5 tvers til fots.  Foto: Privat \/ Privat\" class=\"_image_qp4xg_65 layout-component layout-wide\" data-fullscreen- data-track-element-type=\"Article image fullscreen\" data-track-name=\"ImageFullscreen\" fetchpriority=\"high\" decoding=\"sync\" loading=\"eager\" height=\"1498\" itemprop=\"image\"  src=\"https:\/\/www.europesays.com\/no\/wp-content\/uploads\/2025\/08\/be9f499d-b9af-415d-9769-4679ff1e45d1\"  style=\"object-position:49.743589743589745% 65.3871829105474%\" width=\"1170\"\/>Steffen Skj\u00f8ttelvik ville g\u00e5 Canada p\u00e5 tvers til fots.  Foto: Privat \/ Privat<\/p>\n<ul aria-hidden=\"true\" class=\"_images_1y6fe_106\">\n<li><a class=\"_link_1y6fe_111\" href=\"https:\/\/www.vg.no\/forfatter\/stella-bugge\" style=\"z-index:1\" title=\"Stella Bugge\" rel=\"nofollow noopener\" target=\"_blank\"><img alt=\"Bilde av Stella Bugge\" class=\"_image_1y6fe_88\" fetchpriority=\"low\" loading=\"lazy\" decoding=\"async\" itemprop=\"image\"  src=\"https:\/\/www.europesays.com\/no\/wp-content\/uploads\/2025\/08\/1756058828_602_c673ac82-f3e7-47d3-aa1d-79bb6eca457a\"  width=\"480\"\/><\/a><\/li>\n<\/ul>\n<p> Oppdatert s\u00f8ndag 24. august kl. 20:03     <\/p>\n<p class=\"_paragraph_1bvmi_4 _paragraph_xtcu6_10 layout-component text-serif-m layout-normal text-serif-m layout-padded\">\u2013 Familien har n\u00e5 i kveld f\u00e5tt bekreftet at Steffen Skj\u00f8ttelvik er funnet omkommet ved elven Hayes i Canada. De er i dyp sorg n\u00e5, sier familiens pressetalsperson Christian Dyresen til VG s\u00f8ndag.<\/p>\n<p class=\"_paragraph_1bvmi_4 _paragraph_xtcu6_10 layout-component text-serif-m layout-normal text-serif-m layout-padded\">\u2013 Familien er likevel lettet over at letingen n\u00e5 er over og at prosessen n\u00e5 kan starte med \u00e5 bringe Steffen hjem til Holmsbu. De vil benytte sjansen til \u00e5 takke alle, hjemme og ute, for kj\u00e6rligheten og engasjementet i saken.\u00a0<\/p>\n<p class=\"_paragraph_1bvmi_4 _paragraph_xtcu6_10 layout-component text-serif-m layout-normal text-serif-m layout-padded\">Siste livstegn fra eventyreren Steffen Skj\u00f8ttelvik ble gjort torsdag 14. august.<\/p>\n<p class=\"_paragraph_1bvmi_4 _paragraph_xtcu6_10 layout-component text-serif-m layout-normal text-serif-m layout-padded\">Siden da har begge hundene han hadde med seg p\u00e5 turen i Canadas villmark dukket opp i sivilisasjonen \u2013 mer enn 300 kilometer fra hverandre. Letemannskapene har ogs\u00e5 funnet hans sekk og parkas.<\/p>\n<p class=\"_paragraph_1bvmi_4 _paragraph_xtcu6_10 layout-component text-serif-m layout-normal text-serif-m layout-padded\">\u2013 Han ble funnet p\u00e5 elvebredden mellom der hvor sekken og jakken hans ble funnet, sier Dyresen.<\/p>\n<p class=\"_paragraph_1bvmi_4 _paragraph_xtcu6_10 layout-component text-serif-m layout-normal text-serif-m layout-padded\">Steffen Skj\u00f8ttelvik ble funnet s\u00f8ndag kveld norsk tid.<\/p>\n<p class=\"_paragraph_1bvmi_4 _paragraph_xtcu6_10 layout-component text-serif-m layout-normal text-serif-m layout-padded\">Kanadisk politi fikk ut de aller siste koordinatene fra 29-\u00e5ringens\u00a0Garmin In Reach-enhet\u00a0onsdag.<\/p>\n<p class=\"_paragraph_1bvmi_4 _paragraph_xtcu6_10 layout-component text-serif-m layout-normal text-serif-m layout-padded\">Den norske friluftsmannen har bodd to \u00e5r i\u00a0<a href=\"https:\/\/www.vg.no\/tag\/canada?utm_source=vg-article&amp;utm_medium=auto-tagger&amp;utm_campaign=zAn549\" class=\"_link_1bvmi_39\" rel=\"nofollow noopener\" target=\"_blank\">Canada<\/a>\u00a0\u2013 og jobbet med \u00e5 realisere dr\u00f8mmen om \u00e5 krysse landet til fots.<\/p>\n<ul class=\"_list_1bvmi_3 _list_xtcu6_9 _unordered_1bvmi_99 layout-component text-serif-m layout-normal text-serif-m layout-padded\">\n<li class=\"_item_1bvmi_30\">2. juli i \u00e5r forlot han lokalsamfunnet Peawanuck i Ontario med de to hundene sine, Bay og Togo.<\/li>\n<li class=\"_item_1bvmi_30\">Over en m\u00e5ned senere, 14. august, meldte han fra at han skulle g\u00e5 den siste etappen p\u00e5 20 kilometer \u2013 fra Nanuk-leiren til York Factory ved Hudson Bay.<\/li>\n<li class=\"_item_1bvmi_30\">Han dukket imidlertid aldri opp til ansl\u00e5tt tid.<\/li>\n<\/ul>\n<p>       <img decoding=\"async\" alt=\"Tips oss illustrasjon\" width=\"62px\" height=\"auto\" src=\"https:\/\/www.europesays.com\/no\/wp-content\/uploads\/2025\/08\/1754784428_95_W9avJzE.png\"\/>    <\/p>\n<p class=\"title-serif-s\">Har du tips til oss?<\/p>\n<p class=\"text-sans-m\">Send oss informasjon, bilder eller video<\/p>\n<p>  <a href=\"https:\/\/www.vg.no\/tips-oss\" rel=\"nofollow noopener\" target=\"_blank\"> Tips oss <\/a>      <\/p>\n","protected":false},"excerpt":{"rendered":"Steffen Skj\u00f8ttelvik, som har v\u00e6rt savnet i Canadas villmark, er funnet. Steffen Skj\u00f8ttelvik ville g\u00e5 Canada p\u00e5 tvers&hellip;\n","protected":false},"author":2,"featured_media":16961,"comment_status":"","ping_status":"","sticky":false,"template":"","format":"standard","meta":{"footnotes":""},"categories":[10],"tags":[31,20,21,24,25,15,22,23,13,30,28,29,14,16,26,27],"class_list":{"0":"post-16960","1":"post","2":"type-post","3":"status-publish","4":"format-standard","5":"has-post-thumbnail","7":"category-norge","8":"tag-breaking","9":"tag-breaking-news","10":"tag-breakingnews","11":"tag-featured-news","12":"tag-featurednews","13":"tag-headlines","14":"tag-latest-news","15":"tag-latestnews","16":"tag-news","17":"tag-no","18":"tag-norge","19":"tag-norway","20":"tag-nyheter","21":"tag-overskrifter","22":"tag-top-stories","23":"tag-topstories"},"share_on_mastodon":{"url":"","error":""},"_links":{"self":[{"href":"https:\/\/www.europesays.com\/no\/wp-json\/wp\/v2\/posts\/16960","targetHints":{"allow":["GET"]}}],"collection":[{"href":"https:\/\/www.europesays.com\/no\/wp-json\/wp\/v2\/posts"}],"about":[{"href":"https:\/\/www.europesays.com\/no\/wp-json\/wp\/v2\/types\/post"}],"author":[{"embeddable":true,"href":"https:\/\/www.europesays.com\/no\/wp-json\/wp\/v2\/users\/2"}],"replies":[{"embeddable":true,"href":"https:\/\/www.europesays.com\/no\/wp-json\/wp\/v2\/comments?post=16960"}],"version-history":[{"count":0,"href":"https:\/\/www.europesays.com\/no\/wp-json\/wp\/v2\/posts\/16960\/revisions"}],"wp:featuredmedia":[{"embeddable":true,"href":"https:\/\/www.europesays.com\/no\/wp-json\/wp\/v2\/media\/16961"}],"wp:attachment":[{"href":"https:\/\/www.europesays.com\/no\/wp-json\/wp\/v2\/media?parent=16960"}],"wp:term":[{"taxonomy":"category","embeddable":true,"href":"https:\/\/www.europesays.com\/no\/wp-json\/wp\/v2\/categories?post=16960"},{"taxonomy":"post_tag","embeddable":true,"href":"https:\/\/www.europesays.com\/no\/wp-json\/wp\/v2\/tags?post=16960"}],"curies":[{"name":"wp","href":"https:\/\/api.w.org\/{rel}","templated":true}]}}