{"id":17000,"date":"2025-08-24T18:59:11","date_gmt":"2025-08-24T18:59:11","guid":{"rendered":"https:\/\/www.europesays.com\/no\/17000\/"},"modified":"2025-08-24T18:59:11","modified_gmt":"2025-08-24T18:59:11","slug":"krig-og-fred-og-gud-og-sann","status":"publish","type":"post","link":"https:\/\/www.europesays.com\/no\/17000\/","title":{"rendered":"Krig og fred og Gud og s\u00e5nn"},"content":{"rendered":"<p>Det p\u00e5g\u00e5r en konflikt, en v\u00e6pnet konflikt i et land som er opphav til de tre store skriftreligionene \u2013 j\u00f8dedom, kristendom og islam. Det skulle man ikke tro slik som de oppf\u00f8rer seg mot hverandre. Det skytes, det drepes, det sultes, det stjeles, det lyves, det voldtas.<\/p>\n<p>Jeg har bodd et \u00e5r i Israel og reist veldig mye rundt i landet. Riktignok er det mange \u00e5r siden, men jeg husker mange av inntrykkene og opplevelsene fortsatt. Jeg har kj\u00f8rt p\u00e5 Vestbredden, i Gaza, p\u00e5 Golanh\u00f8ydene, i Tel Aviv, Jerusalem og s\u00e5 videre. Jeg fikk inn vanen med \u00e5 legge meg ned for \u00e5 se om det var festet bomber til minibussen f\u00f8r jeg l\u00e5ste opp og slapp turistene inn i bussen. Jeg har sett barna trene p\u00e5 \u00e5 l\u00f8pe til tilfluktsrom, jeg har sett det. Det er klart at det gj\u00f8r noe med en befolkning n\u00e5r man alltid m\u00e5 tenke p\u00e5 \u00e5 beskytte seg (enten man er j\u00f8de eller araber). Og det blir en ekstrem reaksjon i befolkningen n\u00e5r et terroranslag f\u00f8rer til 1200 drepte og 200 gisler. Det er 17 ganger s\u00e5 mange drepte som ved terrorangrepet mot Ut\u00f8ya.<\/p>\n<p>Reaksjonene etterp\u00e5 dreier seg tilsynelatende ikke bare om \u00e5 straffe de som var ansvarlige for dette terrorangrepet. Antagelig er over 60.000 palestinere drept etterp\u00e5, sv\u00e6rt mange av dem er sivile. I tillegg er byer lagt i grus, sykehus er \u00f8delagt, humanit\u00e6r hjelp i form av mat og medisiner er blitt stoppet av israelske myndigheter.<\/p>\n<p>Det f\u00f8rste som taper i en krig er sannheten. L\u00f8gn og desinformasjon h\u00f8rer med i en krig. Derfor m\u00e5 vi lytte til andre kilder enn det som kommer fra de stridende parter.<\/p>\n<p>Jeg blir skikkelig overrasket n\u00e5r s\u00e5kalt alminnelige mennesker i Norge med utdanning blir s\u00e5 selvsikre p\u00e5 at de kan finne \u00absann\u00bb informasjon om denne krigen at de lukker \u00f8yne og \u00f8rer for hva FN, Leger uten grenser, R\u00f8de Kors og andre humanit\u00e6re organisasjoner rapporterer. Jeg ser lenker som blir delt p\u00e5 den s\u00e5kalte Fjesboken der det blir p\u00e5st\u00e5tt \u00e5 v\u00e6re sann informasjon selv om det er tilbakevist gjentatte ganger.<\/p>\n<p>En krig som involverer Israel f\u00e5r alltid enkelte stemmer til \u00e5 heve seg. Det snakkes om endetid og Stor-Israel grenser. Man kan ikke kritisere Israel uten \u00e5 bli stemplet som antisemitt! Hva slags kristendom er det? Kan man lovsynge Jesus og samtidig tie n\u00e5r barn sulter og sultes i Gaza skriver Morten Eikli (han er ikke prest i Den norske kirke) i et leserinnlegg i avisen V\u00e5rt Land.<\/p>\n<p>Kan man virkelig lukke \u00f8ynene for det grusomme som skjer i Gaza og si at dette er kun Hamas sin feil! Det er ikke Hamas som stoppet n\u00f8dhjelpskolonnene. Ja, det er Hamas som er ansvarlig for terroraksjonen den 7. oktober 2023. Gislene som sulter har det vondt, barna som sultes i Gaza har det ogs\u00e5 forferdelig!<\/p>\n<p>Ogs\u00e5 Israelske menneskerettighetsorganisasjoner protesterer n\u00e5 mot det som skjer.<\/p>\n<p>De som beskylder den kirken jeg tilh\u00f8rer for \u00e5 v\u00e6re ensidig opptatt av Gaza og mener at vi glemmer de j\u00f8diske gislene har veldig vanskelig for \u00e5 si at uskyldige mennesker mister livet i Gaza p\u00e5 grunn av den Israelske h\u00e6rens brutalitet. Jeg opplever en voldsom ensidighet hos enkelte.<\/p>\n<p>Enkelte ganger sl\u00e5r liksom denne tanken inn hos meg: Hva ville Jesus ha sagt til oss i Norge n\u00e5. Han som sa at alt det vi gj\u00f8r mot en av disse minste har dere gjort mot meg!<\/p>\n<p>Dietrich Bonhoeffer har blant annet sagt dette: \u00c5 ikke tale er \u00e5 tale. \u00c5 ikke handle er \u00e5 handle.<\/p>\n<p><strong>Olav Rune Ertzeid<\/strong><\/p>\n<p><strong>Prost i S\u00f8r-Helgeland og Nord-Helgelan<\/strong>d<\/p>\n","protected":false},"excerpt":{"rendered":"Det p\u00e5g\u00e5r en konflikt, en v\u00e6pnet konflikt i et land som er opphav til de tre store skriftreligionene&hellip;\n","protected":false},"author":2,"featured_media":17001,"comment_status":"","ping_status":"","sticky":false,"template":"","format":"standard","meta":{"footnotes":""},"categories":[12],"tags":[20,21,24,25,53,15,52,22,23,13,30,28,29,14,16,26,27,42,43,44,45],"class_list":{"0":"post-17000","1":"post","2":"type-post","3":"status-publish","4":"format-standard","5":"has-post-thumbnail","7":"category-verden","8":"tag-breaking-news","9":"tag-breakingnews","10":"tag-featured-news","11":"tag-featurednews","12":"tag-gaza","13":"tag-headlines","14":"tag-israel","15":"tag-latest-news","16":"tag-latestnews","17":"tag-news","18":"tag-no","19":"tag-norge","20":"tag-norway","21":"tag-nyheter","22":"tag-overskrifter","23":"tag-top-stories","24":"tag-topstories","25":"tag-verden","26":"tag-world","27":"tag-world-news","28":"tag-worldnews"},"share_on_mastodon":{"url":"","error":""},"_links":{"self":[{"href":"https:\/\/www.europesays.com\/no\/wp-json\/wp\/v2\/posts\/17000","targetHints":{"allow":["GET"]}}],"collection":[{"href":"https:\/\/www.europesays.com\/no\/wp-json\/wp\/v2\/posts"}],"about":[{"href":"https:\/\/www.europesays.com\/no\/wp-json\/wp\/v2\/types\/post"}],"author":[{"embeddable":true,"href":"https:\/\/www.europesays.com\/no\/wp-json\/wp\/v2\/users\/2"}],"replies":[{"embeddable":true,"href":"https:\/\/www.europesays.com\/no\/wp-json\/wp\/v2\/comments?post=17000"}],"version-history":[{"count":0,"href":"https:\/\/www.europesays.com\/no\/wp-json\/wp\/v2\/posts\/17000\/revisions"}],"wp:featuredmedia":[{"embeddable":true,"href":"https:\/\/www.europesays.com\/no\/wp-json\/wp\/v2\/media\/17001"}],"wp:attachment":[{"href":"https:\/\/www.europesays.com\/no\/wp-json\/wp\/v2\/media?parent=17000"}],"wp:term":[{"taxonomy":"category","embeddable":true,"href":"https:\/\/www.europesays.com\/no\/wp-json\/wp\/v2\/categories?post=17000"},{"taxonomy":"post_tag","embeddable":true,"href":"https:\/\/www.europesays.com\/no\/wp-json\/wp\/v2\/tags?post=17000"}],"curies":[{"name":"wp","href":"https:\/\/api.w.org\/{rel}","templated":true}]}}