{"id":170262,"date":"2026-02-22T17:26:30","date_gmt":"2026-02-22T17:26:30","guid":{"rendered":"https:\/\/www.europesays.com\/no\/170262\/"},"modified":"2026-02-22T17:26:30","modified_gmt":"2026-02-22T17:26:30","slug":"tok-farvel-med-legendarisk-pop-stjerne","status":"publish","type":"post","link":"https:\/\/www.europesays.com\/no\/170262\/","title":{"rendered":"Tok farvel med legendarisk pop-stjerne"},"content":{"rendered":"<p class=\"kicker \" style=\"\">Tok farvel med 70-tallshelten<\/p>\n<p>    Stemmen var hans fine instrument. N\u00e5 har den stilnet. Se alle bildene!<\/p>\n<p>\n    VEMOD: Stein Ingebrigtsen og kona Inger var blant Dag Spantells aller n\u00e6rmeste venner. \u2013 Dag og jeg var tvillingsjeler, sier Stein til Se og H\u00f8r.\n  <\/p>\n<p>Han var en av 70-tallets mest popul\u00e6re plateartister. Med sin s\u00e6regne stemme ble Dag Spantell en viktig del av legendariske Kjell Karlsens orkester, og senere p\u00e5 de ber\u00f8mmelige \u00abTreff\u00bb-platene.\u00a0<\/p>\n<p>Han var ogs\u00e5 stemmen bak \u00abSol\u00bb-sangen, med det kjente refrenget \u00abGod dag, god dag, dette her er meteorologisk institutt\u00bb. <\/p>\n<p>        <img loading=\"lazy\" decoding=\"async\" src=\"https:\/\/www.europesays.com\/no\/wp-content\/uploads\/2026\/02\/84180342.webp.webp\" width=\"667\" height=\"527\" title=\"STJERNETRIO: Inger Lise Rypdal og Stein Ingebrigtsen sang med Dag Spantell p\u00e5 de popul\u00e6re \u00abTreff\u00bb-platene p\u00e5 70-tallet. Her er popdronningen i muntert selskap med gutta i 2010 p\u00e5 premi\u00e8ren til \u00abInger Lise elsker 70-tallet\u00bb.\" alt=\"\" class=\"\" style=\"--aspect-ratio-image: 1.27; \"\/><\/p>\n<p>\n        STJERNETRIO: Inger Lise Rypdal og Stein Ingebrigtsen sang med Dag Spantell p\u00e5 de popul\u00e6re \u00abTreff\u00bb-platene p\u00e5 70-tallet. Her er popdronningen i muntert selskap med gutta i 2010 p\u00e5 premi\u00e8ren til \u00abInger Lise elsker 70-tallet\u00bb.\n    <\/p>\n<p>N\u00e5 har stemmen stilnet. Dag sovnet inn p\u00e5 Fagerborghjemmet i Oslo, 75 \u00e5r gammel.<\/p>\n<p>    <a itemprop=\"url\" href=\"https:\/\/www.seher.no\/kongelig\/bryter-samarbeidet\/84178409\" rel=\"nofollow noopener\" target=\"_blank\"><\/p>\n<p>        <img loading=\"lazy\" decoding=\"async\" src=\"https:\/\/www.europesays.com\/no\/wp-content\/uploads\/2026\/02\/1771781173_834_84178415.webp.webp\" width=\"980\" height=\"441\" title=\"Bryter samarbeidet\" alt=\"\" class=\"lazyload\" style=\"--aspect-ratio-image: 2.22; \"\/><\/p>\n<p>        Bryter samarbeidet<\/p>\n<p>    <\/a><\/p>\n<p>Spantell ble bisatt fra Vestre Gravlund i Oslo, og det var mange som kom for \u00e5 ta et siste farvel med ham.<\/p>\n<p>        <img loading=\"lazy\" decoding=\"async\" src=\"https:\/\/www.europesays.com\/no\/wp-content\/uploads\/2026\/02\/84180357.webp.webp\" width=\"686\" height=\"844\" title=\"TOK FARVEL: Anne Lise Gj\u00f8st\u00f8l (t.v.) og Anne-Karine Str\u00f8m i vemodig lag med den gamle rockeren Freddy Dahl (73). \u2013 Jeg kjente Dag som en veldig hyggelig fyr. Og han sang kjempefint, sier Freddy.\" alt=\"\" class=\"\" style=\"--aspect-ratio-image: 0.81; \"\/><\/p>\n<p>\n        TOK FARVEL: Anne Lise Gj\u00f8st\u00f8l (t.v.) og Anne-Karine Str\u00f8m i vemodig lag med den gamle rockeren Freddy Dahl (73). \u2013 Jeg kjente Dag som en veldig hyggelig fyr. Og han sang kjempefint, sier Freddy.\n    <\/p>\n<p>\u2013 Dag var en str\u00e5lende sanger, og en av mine aller beste venner, s\u00e5 dette er tungt og emosjonelt. Livet blir ikke det samme uten ham, sier en vemodig Stein Ingebrigtsen (80) til Se og H\u00f8r.<\/p>\n<p>        <img loading=\"lazy\" decoding=\"async\" src=\"https:\/\/www.europesays.com\/no\/wp-content\/uploads\/2026\/02\/84180372.webp.webp\" width=\"667\" height=\"527\" title=\"VERDIG: Dag Spantell ble bisatt fra Gravlundskapellet p\u00e5 Vestre Gravlund i Oslo.\" alt=\"\" class=\"\" style=\"--aspect-ratio-image: 1.27; \"\/><\/p>\n<p>\n        VERDIG: Dag Spantell ble bisatt fra Gravlundskapellet p\u00e5 Vestre Gravlund i Oslo.\n    <\/p>\n<p>Stein var en av de store popstjernene p\u00e5 1970-tallet, og forteller om et vennskap som har vart i over 50 \u00e5r.<\/p>\n<p>        <img loading=\"lazy\" decoding=\"async\" src=\"https:\/\/www.europesays.com\/no\/wp-content\/uploads\/2026\/02\/84180389.webp.webp\" width=\"686\" height=\"796\" title=\"VENNINNER: Gudny Aspaas (74, t.h.) kom til bisettelsen med venninnen May Britt Sol\u00e9r (70). Gudny er mest kjent fra rockebandet Ruphus p\u00e5 70-tallet, men deltok ogs\u00e5 i Melodi Grand Prix samtidig med Dag Spantell.\" alt=\"\" class=\"\" style=\"--aspect-ratio-image: 0.86; \"\/><\/p>\n<p>\n        VENNINNER: Gudny Aspaas (74, t.h.) kom til bisettelsen med venninnen May Britt Sol\u00e9r (70). Gudny er mest kjent fra rockebandet Ruphus p\u00e5 70-tallet, men deltok ogs\u00e5 i Melodi Grand Prix samtidig med Dag Spantell.\n    <\/p>\n<p>\u2013 Dag og jeg m\u00f8ttes f\u00f8rste gang p\u00e5 nattklubben Downtown i Oslo i 1973. P\u00e5 den tiden spilte Dag med Kjell Karlsen, og jeg med Terje Fj\u00e6rns orkester. Vi fant tonen med \u00e9n gang, og siden har vi v\u00e6rt kamerater og bestevenner.<\/p>\n<p>        <img loading=\"lazy\" decoding=\"async\" src=\"https:\/\/www.europesays.com\/no\/wp-content\/uploads\/2026\/02\/84180524.webp.webp\" width=\"686\" height=\"721\" title=\"SANG: Privatetterforsker Ola Thune (t.v.) og Frank Aleksandersen ble kompiser av Dag Spantell de senere \u00e5rene. Frank frem\u00f8rte sin egen sang \u00abUnder samme sol\u00bb ved seremonien.\" alt=\"\" class=\"\" style=\"--aspect-ratio-image: 0.95; \"\/><\/p>\n<p>\n        SANG: Privatetterforsker Ola Thune (t.v.) og Frank Aleksandersen ble kompiser av Dag Spantell de senere \u00e5rene. Frank frem\u00f8rte sin egen sang \u00abUnder samme sol\u00bb ved seremonien.\n    <\/p>\n<p>Vennskapet f\u00f8rte til et livslangt samarbeid \u2013 med plateinnspillinger, turn\u00e9er og konserter over hele landet. De var ogs\u00e5 naboer i en \u00e5rrekke, med mye privat omgang familiene imellom.\u00a0<\/p>\n<p>Stein omtaler vennen i varme ordelag.<\/p>\n<p>        <img loading=\"lazy\" decoding=\"async\" src=\"https:\/\/www.europesays.com\/no\/wp-content\/uploads\/2026\/02\/84180533.webp.webp\" width=\"686\" height=\"1084\" title=\"R\u00d8RT: \u2013 Dag var et helt nydelig menneske. Jeg var veldig glad i ham, s\u00e5 dette er en trist dag, sier sangeren og musikeren Elisabet Sille (59). Hun spilte med Dag Spantell p\u00e5 slutten av 90-tallet, da hun startet sin egen strykekvartett Strings Unlimited.\" alt=\"\" class=\"\" style=\"--aspect-ratio-image: 0.63; \"\/><\/p>\n<p>\n        R\u00d8RT: \u2013 Dag var et helt nydelig menneske. Jeg var veldig glad i ham, s\u00e5 dette er en trist dag, sier sangeren og musikeren Elisabet Sille (59). Hun spilte med Dag Spantell p\u00e5 slutten av 90-tallet, da hun startet sin egen strykekvartett Strings Unlimited.\n    <\/p>\n<p>\u2013 Dag og jeg var tvillingsjeler. Vi s\u00e5 likt p\u00e5 mye, og kunne snakke om det meste. Det var mye humor mellom oss ogs\u00e5 \u2013 og vi hadde samme skost\u00f8rrelse! Vi var musikkens Knoll og Tott, humrer han.<\/p>\n<p>I 2016 gjorde Stein og Dag sin siste plateinnspilling med sangen \u00abHjertet til en spellemann\u00bb, komponert av Steins s\u00f8nn Christian. Den handler om kj\u00e6rligheten til musikken og livet langs landeveien.\u00a0<\/p>\n<p>Deres siste opptreden sammen var ved feiringen av Steins 80-\u00e5rsdag. <\/p>\n<p>        <img loading=\"lazy\" decoding=\"async\" src=\"https:\/\/www.europesays.com\/no\/wp-content\/uploads\/2026\/02\/84180539.webp.webp\" width=\"686\" height=\"1112\" title=\"GITARIST: Pete Knutsen (78) var \u00aboveralt\u00bb p\u00e5 70-tallets musikalske arena, og spilte ogs\u00e5 med Dag Spantell.\" alt=\"\" class=\"\" style=\"--aspect-ratio-image: 0.62; \"\/><\/p>\n<p>\n        GITARIST: Pete Knutsen (78) var \u00aboveralt\u00bb p\u00e5 70-tallets musikalske arena, og spilte ogs\u00e5 med Dag Spantell.\n    <\/p>\n<p>\u2013 Selv om Dag var preget av sykdommen, stilte han opp for meg \u2013 og humoren var fremdeles der, forteller Stein.<\/p>\n<p>\u2013 Vi gjorde en duett, og s\u00e5 gjorde Dag et solonummer. Siden han var fem \u00e5r yngre enn meg, valgte han sp\u00f8kefullt \u00e5 for\u00e6re meg sangen \u00abYou Make Me Feel So Young\u00bb, sier han med et smil.<\/p>\n<p>        <img loading=\"lazy\" decoding=\"async\" src=\"https:\/\/www.europesays.com\/no\/wp-content\/uploads\/2026\/02\/84180542.webp.webp\" width=\"686\" height=\"680\" title=\"VENN: Orkesterleder Philip Kruse (76) har jobbet mye med Dag Spantell, helt til det siste. \u2013 Han var en fantastisk hyggelig fyr og en flott sanger. En kjernekar! Det tror jeg du vil h\u00f8re fra alle som har m\u00f8tt opp her i dag, sier Philip, som kom sammen med kona Wenche.\" alt=\"\" class=\"\" style=\"--aspect-ratio-image: 1.01; \"\/><\/p>\n<p>\n        VENN: Orkesterleder Philip Kruse (76) har jobbet mye med Dag Spantell, helt til det siste. \u2013 Han var en fantastisk hyggelig fyr og en flott sanger. En kjernekar! Det tror jeg du vil h\u00f8re fra alle som har m\u00f8tt opp her i dag, sier Philip, som kom sammen med kona Wenche.\n    <\/p>\n<p>Anne-Karine Str\u00f8m (74) og Anne Lise Gj\u00f8st\u00f8l (73) var bare ten\u00e5ringer f\u00f8rste gang de m\u00f8tte den sympatiske sangeren.<\/p>\n<p>        SKUFFET: Kongehusekspert Caroline Vagle reagerer p\u00e5 de oppsiktsvekkende nyhetene om at kronprinsesse Mette-Marits navn dukker opp flere hundre ganger i saksmaterialet rundt Jeffrey Epstein-saken. Video: H\u00e5vard Bj\u00f8rnerem \/\/ Reporter: Caroline Vagle \/\/ Foto: NTB \/ Se og H\u00f8r<\/p>\n<p>\u2013 Dag spilte i et Beatles-band som inviterte meg til \u00e5 kore med dem i garasjen der de \u00f8vde, minnes Anne-Karine. <\/p>\n<p>        <img loading=\"lazy\" decoding=\"async\" src=\"https:\/\/www.europesays.com\/no\/wp-content\/uploads\/2026\/02\/84180550.webp.webp\" width=\"686\" height=\"707\" title=\"TRIST: Produsent Trond Lie (70) var mange\u00e5rig venn av Dag, og hyret ham til mange ulike arrangementer over hele landet, blant annet det popul\u00e6re Momarkedet.\" alt=\"\" class=\"\" style=\"--aspect-ratio-image: 0.97; \"\/><\/p>\n<p>\n        TRIST: Produsent Trond Lie (70) var mange\u00e5rig venn av Dag, og hyret ham til mange ulike arrangementer over hele landet, blant annet det popul\u00e6re Momarkedet.\n    <\/p>\n<p>\u2013 Og jeg traff ham da vi begge var deltakere i NRK- programmet \u00abNye talenter\u00bb i 1970, forteller Anne Lise.<\/p>\n<p>    <a itemprop=\"url\" href=\"https:\/\/www.seher.no\/kjendis\/hjemlos\/84178546\" rel=\"nofollow noopener\" target=\"_blank\"><\/p>\n<p>        <img loading=\"lazy\" decoding=\"async\" src=\"https:\/\/www.europesays.com\/no\/wp-content\/uploads\/2026\/02\/1771781186_795_84178377.webp.webp\" width=\"980\" height=\"441\" title=\"Hjeml\u00f8s\" alt=\"\" class=\"lazyload\" style=\"--aspect-ratio-image: 2.22; \"\/><\/p>\n<p>        Hjeml\u00f8s<\/p>\n<p>    <\/a><\/p>\n<p>I likhet med Stein Ingebrigtsen og Dag Spantell, var Anne-Karine og Anne Lise blant de mest popul\u00e6re sangerne i norsk pop p\u00e5 70-tallet. I 1975 dro de fire p\u00e5 turn\u00e9 sammen, og utviklet et vennskap for livet.<\/p>\n<p>        <img loading=\"lazy\" decoding=\"async\" src=\"https:\/\/www.europesays.com\/no\/wp-content\/uploads\/2026\/02\/84180561.webp.webp\" width=\"686\" height=\"810\" title=\"SAMMEN I SORGEN: NRKs kanalvert Yasmin Syed (59) kom sammen med eks-kj\u00e6resten Viggo Lund. \u2013 Jeg har kjent Dag fra gammelt av, og Viggo var en god venn av ham, forteller hun.\" alt=\"\" class=\"\" style=\"--aspect-ratio-image: 0.85; \"\/><\/p>\n<p>\n        SAMMEN I SORGEN: NRKs kanalvert Yasmin Syed (59) kom sammen med eks-kj\u00e6resten Viggo Lund. \u2013 Jeg har kjent Dag fra gammelt av, og Viggo var en god venn av ham, forteller hun.\n    <\/p>\n<p>\u2013 Dag var \u00e9n det var godt \u00e5 v\u00e6re sammen med. Han var utrolig snill, og viste omsorg for menneskene rundt seg. Han sang med Gro Anita Sch\u00f8nn p\u00e5 Treff-platene, og da hun ble syk, var det Dag som tok seg av henne, forteller Anne-Karine. <\/p>\n<p>    <a itemprop=\"url\" href=\"https:\/\/www.seher.no\/kjendis\/viser-frem-kjaeresten\/83642840\" rel=\"nofollow noopener\" target=\"_blank\"><\/p>\n<p>        <img loading=\"lazy\" decoding=\"async\" src=\"https:\/\/www.europesays.com\/no\/wp-content\/uploads\/2026\/02\/1771781188_239_84178727.webp.webp\" width=\"980\" height=\"441\" title=\"Viser frem kj\u00e6resten\" alt=\"\" class=\"lazyload\" style=\"--aspect-ratio-image: 2.22; \"\/><\/p>\n<p>        Viser frem kj\u00e6resten<\/p>\n<p>    <\/a><\/p>\n<p>Dag Spantells vinnende vesen bragte ham mange venner gjennom livet. Blant de nyere bekjentskapene er artisten Frank Aleksandersen (72) og privatetterforskeren Ola Thune (72), som begge kom for \u00e5 vise kompisen den siste \u00e6re.<\/p>\n<p>        <img loading=\"lazy\" decoding=\"async\" src=\"https:\/\/www.europesays.com\/no\/wp-content\/uploads\/2026\/02\/84180572.webp.webp\" width=\"686\" height=\"536\" title=\"AVSKJED: Dags s\u00f8nn Andr\u00e9 Spantell gikk f\u00f8rst da farens kiste ble b\u00e5ret ut.\" alt=\"\" class=\"\" style=\"--aspect-ratio-image: 1.28; \"\/><\/p>\n<p>\n        AVSKJED: Dags s\u00f8nn Andr\u00e9 Spantell gikk f\u00f8rst da farens kiste ble b\u00e5ret ut.\n    <\/p>\n<p>\u2013 Dag og jeg snakket sammen omtrent annenhver dag, forteller Frank.<\/p>\n<p>\u2013 Vi gikk turer sammen, m\u00f8ttes p\u00e5 kaf\u00e9 og snakket om livet her p\u00e5 jorden.<\/p>\n<p>\u00a0Ola husker ogs\u00e5 Dag fra \u00abgamle dager\u00bb, da han selv var aktiv musiker.<\/p>\n<p>\u2013 S\u00e5 ble jeg bedre kjent med ham gjennom Frank i senere \u00e5r, forteller han. <\/p>\n<p>        LIVSENDRENDE: I ukens episode av \u00abTabu\u00bb p\u00e5 NRK forteller Mette om da hun valgte \u00e5 fjerne synet frivillig. Video: Karolina Grace\/R\u00f8d L\u00f8per, \u00abTabu\u00bb\/NRK. <\/p>\n<p>\u2013 I dag tenker jeg tilbake p\u00e5 mange hyggelige kaf\u00e9stunder, der vi snakket om musikk og alt mulig annet over en kopp kaffe og et wienerbr\u00f8d. Dag var en usedvanlig \u00e5pen, raus og hyggelig fyr som du ble glad i, og \u00e9n du gjerne ville dele tid med, sier Ola Thune.<\/p>\n","protected":false},"excerpt":{"rendered":"Tok farvel med 70-tallshelten Stemmen var hans fine instrument. N\u00e5 har den stilnet. Se alle bildene! VEMOD: Stein&hellip;\n","protected":false},"author":2,"featured_media":170263,"comment_status":"","ping_status":"","sticky":false,"template":"","format":"standard","meta":{"footnotes":"","_share_on_mastodon":"0"},"categories":[58],"tags":[380,17813,4104,71,479,30,28,29,17812,72],"class_list":["post-170262","post","type-post","status-publish","format-standard","has-post-thumbnail","category-underholdning","tag-bisettelse","tag-dag-spantell","tag-eksklusivt","tag-entertainment","tag-kjendis","tag-no","tag-norge","tag-norway","tag-stein-ingebrigtsen","tag-underholdning"],"share_on_mastodon":{"url":"https:\/\/pubeurope.com\/@no\/116115458401940610","error":""},"_links":{"self":[{"href":"https:\/\/www.europesays.com\/no\/wp-json\/wp\/v2\/posts\/170262","targetHints":{"allow":["GET"]}}],"collection":[{"href":"https:\/\/www.europesays.com\/no\/wp-json\/wp\/v2\/posts"}],"about":[{"href":"https:\/\/www.europesays.com\/no\/wp-json\/wp\/v2\/types\/post"}],"author":[{"embeddable":true,"href":"https:\/\/www.europesays.com\/no\/wp-json\/wp\/v2\/users\/2"}],"replies":[{"embeddable":true,"href":"https:\/\/www.europesays.com\/no\/wp-json\/wp\/v2\/comments?post=170262"}],"version-history":[{"count":0,"href":"https:\/\/www.europesays.com\/no\/wp-json\/wp\/v2\/posts\/170262\/revisions"}],"wp:featuredmedia":[{"embeddable":true,"href":"https:\/\/www.europesays.com\/no\/wp-json\/wp\/v2\/media\/170263"}],"wp:attachment":[{"href":"https:\/\/www.europesays.com\/no\/wp-json\/wp\/v2\/media?parent=170262"}],"wp:term":[{"taxonomy":"category","embeddable":true,"href":"https:\/\/www.europesays.com\/no\/wp-json\/wp\/v2\/categories?post=170262"},{"taxonomy":"post_tag","embeddable":true,"href":"https:\/\/www.europesays.com\/no\/wp-json\/wp\/v2\/tags?post=170262"}],"curies":[{"name":"wp","href":"https:\/\/api.w.org\/{rel}","templated":true}]}}