{"id":170314,"date":"2026-02-22T18:38:15","date_gmt":"2026-02-22T18:38:15","guid":{"rendered":"https:\/\/www.europesays.com\/no\/170314\/"},"modified":"2026-02-22T18:38:15","modified_gmt":"2026-02-22T18:38:15","slug":"heidi-weng-og-karoline-simpson-larsen-slakter-femmila","status":"publish","type":"post","link":"https:\/\/www.europesays.com\/no\/170314\/","title":{"rendered":"Heidi Weng og Karoline Simpson-Larsen slakter femmila"},"content":{"rendered":"\n<p class=\"_paragraph_o9xde_4 _paragraph_6fko5_10 layout-component text-serif-m layout-normal text-serif-m layout-padded\">\u2013 Jeg er overhodet ikke begeistret for femmil. Det er bare tull. Jeg synes det er litt langt og altfor store avstander mellom ut\u00f8vere, sier Heidi Weng til NRK.<\/p>\n<p class=\"_paragraph_o9xde_4 _paragraph_6fko5_10 layout-component text-serif-m layout-normal text-serif-m layout-padded\">I ensom majestet gikk svenske Ebba Andersson inn til <a href=\"https:\/\/www.vg.no\/sport\/i\/oEW4dW\/andersson-fikk-sin-revansje-ble-tidenes-foerste-kvinnelige-ol-mester-paa-femmila\" data-track-element-type=\"Link\" data-track-id=\"link:oEW4dW\" class=\"_link_o9xde_39\" rel=\"nofollow noopener\" target=\"_blank\">sitt f\u00f8rste individuelle OL-gull<\/a>.<\/p>\n<p class=\"_paragraph_o9xde_4 _paragraph_6fko5_10 layout-component text-serif-m layout-normal text-serif-m layout-padded\">Ned til Heidi Weng p\u00e5 s\u00f8lvplass skilte det over to minutter.<\/p>\n<p class=\"_paragraph_o9xde_4 _paragraph_6fko5_10 layout-component text-serif-m layout-normal text-serif-m layout-padded\">Nadja K\u00e4lin p\u00e5 bronseplass foran Kristin Austgulen Fosn\u00e6s var nesten syv minutter bak. <\/p>\n<p class=\"_paragraph_o9xde_4 _paragraph_6fko5_10 layout-component text-serif-m layout-normal text-serif-m layout-padded\">Karoline Simpson-Larsen p\u00e5 14. plass var 13 minutter etter.<\/p>\n<p class=\"_paragraph_o9xde_4 _paragraph_6fko5_10 layout-component text-serif-m layout-normal text-serif-m layout-padded\">\u2013 Jeg synes jo at det er like idiotisk jeg og. Jeg synes tre mil er langt nok i massevis, og avstandene blir jo enorme uti der og &#8230; ja. Jeg vet ikke hvordan det er \u00e5 se p\u00e5 da, men jeg kan aldri tenke meg at det er noe mer spennende \u00e5 se fem mil enn tre mil, sier Simpson-Larsen til VG.<\/p>\n<ul class=\"_gallery_1qa3s_23\" tabindex=\"0\">\n<li class=\"_item_1qa3s_37\" data-index=\"0\"><img decoding=\"async\" class=\"_image_foru8_23 _articleGallery_foru8_39\" data-fullscreen- width=\"5760\" height=\"3840\" itemprop=\"image\" loading=\"lazy\"  src=\"https:\/\/www.europesays.com\/no\/wp-content\/uploads\/2026\/02\/7390aee7-c161-4e53-b2af-b5c77f7f609f.png\"  style=\"object-position:50% 50%;aspect-ratio:var(--gallery-aspect-ratio, 16 \/ 9)\"\/>Foto: Bj\u00f8rn S. Delebekk \/ VG<\/li>\n<li class=\"_item_1qa3s_37\" data-index=\"1\"><img decoding=\"async\" class=\"_image_foru8_23 _articleGallery_foru8_39\" data-fullscreen- width=\"3840\" height=\"2560\" itemprop=\"image\" loading=\"lazy\"  src=\"https:\/\/www.europesays.com\/no\/wp-content\/uploads\/2026\/02\/329bd535-b8ae-45a5-b173-53f8a72731e6.jpeg\"  style=\"object-position:50% 50%;aspect-ratio:var(--gallery-aspect-ratio, 16 \/ 9)\"\/>Foto: Bj\u00f8rn S. Delebekk \/ VG<\/li>\n<li class=\"_item_1qa3s_37\" data-index=\"2\"><img decoding=\"async\" class=\"_image_foru8_23 _articleGallery_foru8_39\" data-fullscreen- width=\"8256\" height=\"5504\" itemprop=\"image\" loading=\"lazy\"  src=\"https:\/\/www.europesays.com\/no\/wp-content\/uploads\/2026\/02\/db4cba56-89a2-4b27-9cf2-6b4a0f2ffd97.png\"  style=\"object-position:50% 50%;aspect-ratio:var(--gallery-aspect-ratio, 16 \/ 9)\"\/>Foto: Bj\u00f8rn S. Delebekk \/ VG<\/li>\n<li class=\"_item_1qa3s_37\" data-index=\"3\"><img decoding=\"async\" class=\"_image_foru8_23 _articleGallery_foru8_39\" data-fullscreen- width=\"8256\" height=\"5504\" itemprop=\"image\" loading=\"lazy\"  src=\"https:\/\/www.europesays.com\/no\/wp-content\/uploads\/2026\/02\/e114bd6a-6598-4ee0-b102-1882b7479359.jpeg\"  style=\"object-position:50% 50%;aspect-ratio:var(--gallery-aspect-ratio, 16 \/ 9)\"\/>Foto: Bj\u00f8rn S. Delebekk \/ VG<\/li>\n<\/ul>\n<p>Foto: Bj\u00f8rn S. Delebekk \/ VG<\/p>\n<p class=\"_paragraph_o9xde_4 _paragraph_6fko5_10 layout-component text-serif-m layout-normal text-serif-m layout-padded\">I 2022 ga den norske skihelten Vegard Ulvang seg i FIS etter 24 \u00e5r i ulike verv. Som leder av langrennskomiteen var det et hjertebarn for ham at kvinner og menn skulle g\u00e5 like distanser. <\/p>\n<p class=\"_paragraph_o9xde_4 _paragraph_6fko5_10 layout-component text-serif-m layout-normal text-serif-m layout-padded\">Hans \u00f8nske ble stemt frem av nasjonene til verdenscupen i 2022\/23-sesongen og i mesterskap fra VM i Trondheim i fjor. <\/p>\n<ul class=\"_list_o9xde_3 _list_6fko5_9 _unordered_o9xde_106 layout-component text-serif-m layout-normal text-serif-m layout-padded\">\n<li class=\"_item_o9xde_30\">F\u00f8r gikk kvinner 10 km og herrene 15 km. N\u00e5 g\u00e5r begge kj\u00f8nn 10 km<\/li>\n<li class=\"_item_o9xde_30\">F\u00f8r gikk kvinner 15 km med skibytte og herrene 30 km med skibytte. N\u00e5 g\u00e5r begge kj\u00f8nn 20 km <\/li>\n<li class=\"_item_o9xde_30\">F\u00f8r gikk kvinnene 30 km og herrene 50 km. N\u00e5 g\u00e5r begge 50 km<\/li>\n<li class=\"_item_o9xde_30\">Sprint, lagsprint og stafett er ogs\u00e5 blitt like langt<\/li>\n<\/ul>\n<p class=\"_paragraph_o9xde_4 _paragraph_6fko5_10 layout-component text-serif-m layout-normal text-serif-m layout-padded\">Vegard Ulvang fulgte l\u00f8pet med stor iver.<\/p>\n<p class=\"_paragraph_o9xde_4 _paragraph_6fko5_10 layout-component text-serif-m layout-normal text-serif-m layout-padded\">\u2013 Jeg synes dagens l\u00f8p var fantastisk skirenn. Det hadde alt et skil\u00f8p skal ha. Jeg er imponert av Ebba og tiden. En fantastisk prestasjon &#8211; og da blir avstandene st\u00f8rre, mener Ulvang.<\/p>\n<p><img alt=\"Vegard Ulvang har selv tre OL-gull i langrenn. Aldri p\u00e5 femmila, men ett gull p\u00e5 tremila.  Foto: Bj\u00f8rn S. Delebekk \/ VG\" class=\"_image_qp4xg_65 layout-component layout-normal\" data-fullscreen- data-track-element-type=\"Article image fullscreen\" data-track-name=\"ImageFullscreen\" decoding=\"async\" loading=\"lazy\" height=\"5288\" itemprop=\"image\"  src=\"https:\/\/www.europesays.com\/no\/wp-content\/uploads\/2026\/02\/95fd1b6c-a515-4eb4-b61e-7faeeeec93df.jpeg\"  style=\"object-position:0% 0%\" width=\"7940\"\/>Vegard Ulvang har selv tre OL-gull i langrenn. Aldri p\u00e5 femmila, men ett gull p\u00e5 tremila.  Foto: Bj\u00f8rn S. Delebekk \/ VG<\/p>\n<p class=\"_paragraph_o9xde_4 _paragraph_6fko5_10 layout-component text-serif-m layout-normal text-serif-m layout-padded\">Han har derimot noen pressiseringer til det som er skrevet over:<\/p>\n<p class=\"_paragraph_o9xde_4 _paragraph_6fko5_10 layout-component text-serif-m layout-normal text-serif-m layout-padded\">\u2013 Jeg var ikke leder da det vedtaket (om femmila) ble gjort. Da jeg var leder vedtok vi prinsippet for like distanser for begge kj\u00f8nn som et pr\u00f8veprosjekt. Etter at jeg gikk av ble det vedtatt som permanent l\u00f8sning med overveldende flertall, forklarer Ulvang til VG.<\/p>\n<p class=\"_paragraph_o9xde_4 _paragraph_6fko5_10 layout-component text-serif-m layout-normal text-serif-m layout-padded\">Han har merket seg kritikken fra de norske l\u00f8perne.<\/p>\n<p class=\"_paragraph_o9xde_4 _paragraph_6fko5_10 layout-component text-serif-m layout-normal text-serif-m layout-padded\">\u2013 Jeg ser at Heidi Weng og de norske ikke liker det. Det skal man respektere og forst\u00e5 &#8211; men det er en gang bestemt med overveldende flertall. De norske har i NM de siste \u00e5rene g\u00e5tt 30km. Hadde Heidi Weng f\u00e5tt \u00f8vd p\u00e5 femmil i tre sesonger n\u00e5 s\u00e5 hadde hun kanskje hatt st\u00f8rre sjanse til \u00e5 tolke den. Det gjelder alle de norske &#8211; som har for lite erfaring i \u00f8velsen, sier Ulvang.<\/p>\n<p class=\"_paragraph_o9xde_4 _paragraph_6fko5_10 layout-component text-serif-m layout-normal text-serif-m layout-padded\">I Sverige g\u00e5r man femmil under det svenske mesterskapet.<\/p>\n<p class=\"_paragraph_o9xde_4 _paragraph_6fko5_10 layout-component text-serif-m layout-normal text-serif-m layout-padded\">\u2013 De har g\u00e5tt det siden f\u00f8r det ble vedtatt. Det var de som fremmet forslaget faktisk, peker Ulvang p\u00e5.<\/p>\n<p class=\"_paragraph_o9xde_4 _paragraph_6fko5_10 layout-component text-serif-m layout-normal text-serif-m layout-padded\">Han er heller ikke sikker p\u00e5 at de store forskjellene handler om fem eller tre mil.<\/p>\n<p class=\"_paragraph_o9xde_4 _paragraph_6fko5_10 layout-component text-serif-m layout-normal text-serif-m layout-padded\"><strong class=\"_strong_o9xde_25\">\u2013 Vi har sett Johaug g\u00e5 i m\u00e5l p\u00e5 tremila med over fire minutters forsprang, men det blir avstander over lange l\u00f8p. Det er i l\u00f8pets natur, mener han.<\/strong><\/p>\n<p class=\"_paragraph_o9xde_4 _paragraph_6fko5_10 layout-component text-serif-m layout-normal text-serif-m layout-padded\">\u2013 Det \u00f8delegger sporten, sier Italias trener Markus Cramer.<\/p>\n<p class=\"_paragraph_o9xde_4 _paragraph_6fko5_10 layout-component text-serif-m layout-normal text-serif-m layout-padded\">Han rister p\u00e5 hodet og sier at de vil sende inn forslag til FIS om endring. <\/p>\n<p class=\"_paragraph_o9xde_4 _paragraph_6fko5_10 layout-component text-serif-m layout-normal text-serif-m layout-padded\">\u2013 Jeg har stor respekt for alle ut\u00f8verne, men for min del m\u00e5 dette endres raskt. Det gir ikke mening \u00e5 ha 50 kilometer for kvinner. Det var feil avgj\u00f8relse for fire \u00e5r siden \u00e5 endre til femmil. Vi kjemper for \u00e5 endre dette, sier Cramer.<\/p>\n<p class=\"_paragraph_o9xde_4 _paragraph_6fko5_10 layout-component text-serif-m layout-normal text-serif-m layout-padded\">Simpson-Larsen syns Norge b\u00f8r stille seg bak Italias forslag.<\/p>\n<p class=\"_paragraph_o9xde_4 _paragraph_6fko5_10 layout-component text-serif-m layout-normal text-serif-m layout-padded\">\u2013 Jeg har spurt hva vi kan gj\u00f8re for \u00e5 f\u00e5 tilbake tremil. Jeg vet ikke hva vi kan gj\u00f8re n\u00e5r noen andre bestemmer hva vi skal g\u00e5. Jeg g\u00e5r gjerne i bresjen for \u00e5 f\u00e5 det tilbake, sier Simpson-Larsen.<\/p>\n<p class=\"_paragraph_o9xde_4 _paragraph_6fko5_10 layout-component text-serif-m layout-normal text-serif-m layout-padded\">\u2013 Det er synd at man skal g\u00e5 to un\u00f8dvendige mil lenger. <\/p>\n<p class=\"_paragraph_o9xde_4 _paragraph_6fko5_10 layout-component text-serif-m layout-normal text-serif-m layout-padded\">Han f\u00e5r medhold av den tyske langrennssjefen, Peter Schlikenrieder:<\/p>\n<p class=\"_paragraph_o9xde_4 _paragraph_6fko5_10 layout-component text-serif-m layout-normal text-serif-m layout-padded\">\u2013 Dette er konkurransen med f\u00e6rrest tilskuere \u2013 der har du svaret ditt, svarer han p\u00e5 VGs sp\u00f8rsm\u00e5l om underholdningen i dette. <\/p>\n<p class=\"_paragraph_o9xde_4 _paragraph_6fko5_10 layout-component text-serif-m layout-normal text-serif-m layout-padded\">Ulvang minner om at b\u00e5de Italia og Tyskland stemte for like distanser i 2023. Han mener ogs\u00e5 at Cramer og Schlikenrieder svarer basert p\u00e5 resultater.<\/p>\n<p class=\"_paragraph_o9xde_4 _paragraph_6fko5_10 layout-component text-serif-m layout-normal text-serif-m layout-padded\">\u2014 N\u00e5r man diskuterer hvilke \u00f8velser man skal ha &#8211; og man sp\u00f8r aktive og trenere s\u00e5 er det preget av hvordan man hevder seg. Begge de hadde svart annerledes om en italiener eller enn tysker hadde vunnet bronse. Det samme gjelder de aktive, mener Ulvang.<\/p>\n<p class=\"_paragraph_o9xde_4 _paragraph_6fko5_10 layout-component text-serif-m layout-normal text-serif-m layout-padded\">Ebba Andersson er en av f\u00e5 som tar femmila i forsvar.<\/p>\n<p class=\"_paragraph_o9xde_4 _paragraph_6fko5_10 layout-component text-serif-m layout-normal text-serif-m layout-padded\">\u2013 Jeg har hele tiden hatt innstillingen om at hvis det er tre mil, er det det vi kj\u00f8rer, og er det fem mil, skal jeg beherske det og. Det handler bare om \u00e5 ta det som serveres til seg, og i dag tok jeg virkelig sjansen, sier Andersson til VG. <\/p>\n<p class=\"_paragraph_o9xde_4 _paragraph_6fko5_10 layout-component text-serif-m layout-normal text-serif-m layout-padded\">Ogs\u00e5 i forbindelse med sprintene her i Val di Fiemme b\u00e5de under Tour de Ski og i OL har det v\u00e6rt diskusjoner om at kj\u00f8nnene g\u00e5r like langt. FIS-sjef Michel Lamplot avslo da<a href=\"https:\/\/www.vg.no\/sport\/i\/pBLe1X\/langrenn-vil-skille-menn-og-kvinner-like-distanser-blir-ikke-likt\" data-track-element-type=\"Link\" data-track-id=\"link:pBLe1X\" class=\"_link_o9xde_39\" rel=\"nofollow noopener\" target=\"_blank\"> forslag om \u00e5 endre distansene p\u00e5 nytt.<\/a><\/p>\n<p class=\"_paragraph_o9xde_4 _paragraph_6fko5_10 layout-component text-serif-m layout-normal text-serif-m layout-padded\">\u2013 Vi hadde diskusjonen om like distanser for noen \u00e5r siden, s\u00e5 jeg ser ingen grunn til \u00e5 endre det igjen n\u00e5, sa Lamplot i januar.<\/p>\n<p><img alt=\"I m\u00e5lomr\u00e5det var det flere tomme seter.   Foto: Bj\u00f8rn S. Delebekk \/ VG\" class=\"_image_qp4xg_65 layout-component layout-normal\" data-fullscreen- data-track-element-type=\"Article image fullscreen\" data-track-name=\"ImageFullscreen\" decoding=\"async\" loading=\"lazy\" height=\"5504\" itemprop=\"image\"  src=\"https:\/\/www.europesays.com\/no\/wp-content\/uploads\/2026\/02\/d59633e7-7e82-47c1-be8d-4bdae93b7235.png\"  style=\"object-position:0% 0%\" width=\"8256\"\/>I m\u00e5lomr\u00e5det var det flere tomme seter.   Foto: Bj\u00f8rn S. Delebekk \/ VG    <\/p>\n","protected":false},"excerpt":{"rendered":"\u2013 Jeg er overhodet ikke begeistret for femmil. Det er bare tull. Jeg synes det er litt langt&hellip;\n","protected":false},"author":2,"featured_media":170315,"comment_status":"","ping_status":"","sticky":false,"template":"","format":"standard","meta":{"footnotes":"","_share_on_mastodon":"0"},"categories":[59],"tags":[2907,5413,15013,8789,30,28,29,10469,83,82],"class_list":["post-170314","post","type-post","status-publish","format-standard","has-post-thumbnail","category-sport","tag-ebba-andersson","tag-heidi-weng","tag-karoline-simpson-larsen","tag-kristin-austgulen-fosnaes","tag-no","tag-norge","tag-norway","tag-ol-2026","tag-sport","tag-sports"],"share_on_mastodon":{"url":"https:\/\/pubeurope.com\/@no\/116115741507165465","error":""},"_links":{"self":[{"href":"https:\/\/www.europesays.com\/no\/wp-json\/wp\/v2\/posts\/170314","targetHints":{"allow":["GET"]}}],"collection":[{"href":"https:\/\/www.europesays.com\/no\/wp-json\/wp\/v2\/posts"}],"about":[{"href":"https:\/\/www.europesays.com\/no\/wp-json\/wp\/v2\/types\/post"}],"author":[{"embeddable":true,"href":"https:\/\/www.europesays.com\/no\/wp-json\/wp\/v2\/users\/2"}],"replies":[{"embeddable":true,"href":"https:\/\/www.europesays.com\/no\/wp-json\/wp\/v2\/comments?post=170314"}],"version-history":[{"count":0,"href":"https:\/\/www.europesays.com\/no\/wp-json\/wp\/v2\/posts\/170314\/revisions"}],"wp:featuredmedia":[{"embeddable":true,"href":"https:\/\/www.europesays.com\/no\/wp-json\/wp\/v2\/media\/170315"}],"wp:attachment":[{"href":"https:\/\/www.europesays.com\/no\/wp-json\/wp\/v2\/media?parent=170314"}],"wp:term":[{"taxonomy":"category","embeddable":true,"href":"https:\/\/www.europesays.com\/no\/wp-json\/wp\/v2\/categories?post=170314"},{"taxonomy":"post_tag","embeddable":true,"href":"https:\/\/www.europesays.com\/no\/wp-json\/wp\/v2\/tags?post=170314"}],"curies":[{"name":"wp","href":"https:\/\/api.w.org\/{rel}","templated":true}]}}