{"id":170350,"date":"2026-02-22T19:21:46","date_gmt":"2026-02-22T19:21:46","guid":{"rendered":"https:\/\/www.europesays.com\/no\/170350\/"},"modified":"2026-02-22T19:21:46","modified_gmt":"2026-02-22T19:21:46","slug":"matte-bryte","status":"publish","type":"post","link":"https:\/\/www.europesays.com\/no\/170350\/","title":{"rendered":"M\u00e5tte bryte"},"content":{"rendered":"<ul>\n<li class=\"lab-bodytext-line\">Se alt fra OL p\u00e5 NRK og HBO Max<\/li>\n<\/ul>\n<p>VAL DI FIEMME (Dagbladet): Etter rundt 15 kilometer br\u00f8t b\u00e5de Amundsen og finske Niskanen med f\u00e5 sekunders mellomrom.\u00a0<\/p>\n<p>&#8211; To av de st\u00f8rste favorittene sier at nok er nok. Sykdommen har knekt Niskanen. Da blir det ikke gull i fire strake OL p\u00e5 finnen, sier NRK-ekspert Jann Post.\u00a0<\/p>\n<p class=\"font-weight-bold m-font-weight-bold\" data-lab-font_weight=\"font-weight-bold\"> &#8211; Det er dramatisk. To av de st\u00f8rste medaljefavorittene er ferdig. Da farten virkelig ble satt opp, var det slutt, sier NRK-ekspert Fredrik Aukland.<\/p>\n<p>Harald \u00d8stberg Amundsen var skuffet da han m\u00f8tte pressen etter l\u00f8pet.<\/p>\n<p> &#8211; Det f\u00f8ltes j\u00e6vlig. Det var bare \u00e5 innse at det ble katastrofe, og at ting ikke funker som de skal. Det har v\u00e6rt bedre \u00e5 ligge hjemme med influensa, men det er ikke det. Det mer lunger og luft som ikke fungerer helt. Det ble ganske bra til de f\u00f8rste rennene, og ting g\u00e5r ganske bra. Men s\u00e5 blir det bare verre og verre, sier \u00d8stberg Amundsen.<\/p>\n<p data-lab-font_weight=\"\">Til Dagbladet utbroderer han:\u00a0<\/p>\n<p>&#8211; Ting fungerer ikke som det skal. Det st\u00f8rste problemene har v\u00e6rt luftveiene og pusten. Det er sykdommen jeg har slitt med f\u00f8r OL. Det blir litt som \u00e5 puste i et suger\u00f8r etter hvert. Jeg skj\u00f8nner ikke helt hvorfor det ikke blir helt bra. Jeg pr\u00f8vde \u00e5 f\u00e5 kroppen i stand, men det vil seg bare ikke, sier \u00d8stberg Amundsen til Dagbladet.<\/p>\n<p>    <a itemprop=\"url\" href=\"https:\/\/www.dagbladet.no\/sport\/ma-trekke-i-bremsen\/84045474\" rel=\"nofollow noopener\" target=\"_blank\"><\/p>\n<p>        <img loading=\"lazy\" decoding=\"async\" src=\"https:\/\/www.europesays.com\/no\/wp-content\/uploads\/2026\/02\/84045570.webp.webp\" width=\"980\" height=\"441\" title=\"- M\u00e5 trekke i bremsen\" alt=\"\" class=\"lazyload\" style=\"--aspect-ratio-image: 2.22; \"\/><\/p>\n<p>         &#8211; M\u00e5 trekke i bremsen<\/p>\n<p>    <\/a><\/p>\n<p class=\"italic m-italic\" data-lab-italic=\"italic\">&#8211; Er det det samme du slet med under Tour de Ski?<\/p>\n<p>&#8211; Jeg har slitt litt med luftveiene de siste par \u00e5rene. Det er kanskje p\u00e5 grunn av sykdommen jeg hadde og at jeg pushet kroppen for tidlig. Da f\u00e5r jeg ikke luftveier til \u00e5 fungere. Det er t\u00f8ft \u00e5 g\u00e5 skirenn n\u00e5r man f\u00f8ler at man puster med \u00e9n lunge, sier han.\u00a0<\/p>\n<p class=\"font-weight-normal m-font-weight-normal\" data-lab-font_weight=\"font-weight-normal\">Niskanen var sv\u00e6rt skuffet da han m\u00f8tte finske <a href=\"https:\/\/yle.fi\/a\/74-20211611\" target=\"_blank\" rel=\"nofollow noopener\">YLE <\/a>etter \u00e5 ha brutt.<\/p>\n<p class=\"font-weight-normal m-font-weight-normal\" data-lab-font_weight=\"font-weight-normal\">&#8211; Lungene mine sluttet rett og slett \u00e5 virke, sier finnen.<\/p>\n<p>Han var isolert fram til l\u00f8rdag. Etter praten med de finske journalistene i pressesonen sto han lenge og hostet opp slim og elendighet.<\/p>\n<p class=\"font-weight-normal m-font-weight-normal\" data-lab-font_weight=\"font-weight-normal\">&#8211; Det var ikke noe poeng i dette. Jeg har trent mot dette i fire \u00e5r. Det gikk rolig, men da jeg startet den tredje runden fikk jeg ikke puste lenger, sier en skuffet Niskanen.\u00a0<\/p>\n<p>        SKISKYTING: Italienske Tommaso Giacomel ledet etter andre skyting, men s\u00e5 var det stopp. Video: NRK<\/p>\n<p>Bildene viste en tydelig preget Niskanen langs l\u00f8ypa.\u00a0<\/p>\n<p>        <img loading=\"lazy\" decoding=\"async\" src=\"https:\/\/www.europesays.com\/no\/wp-content\/uploads\/2026\/02\/84269836.webp.webp\" width=\"980\" height=\"559\" title=\"KNUST: Det var en tydelig preget Niskanen som satte seg p\u00e5 en av l\u00f8ypemarkeringene. Foto: AP Photo\/Evgeniy Maloletka\" alt=\"\" class=\"\" style=\"--aspect-ratio-image: 1.75; \"\/><\/p>\n<p>\n        KNUST: Det var en tydelig preget Niskanen som satte seg p\u00e5 en av l\u00f8ypemarkeringene. Foto: AP Photo\/Evgeniy Maloletka\n    <\/p>\n<p>&#8211; Det er den verste f\u00f8lelsen i hele verden, virkelig. Det er mye, mye verre enn \u00e5 bli nummer 25. Du f\u00f8ler at du har mislykkes fullstendig med et av de store m\u00e5lene. For Niskanen kommer det kanskje ikke s\u00e5 mange muligheter til, sier Martin Johnsrud Sundby p\u00e5 HBO Max.<\/p>\n<p>        <img loading=\"lazy\" decoding=\"async\" src=\"https:\/\/www.europesays.com\/no\/wp-content\/uploads\/2026\/02\/84269872.webp.webp\" width=\"980\" height=\"559\" title=\"HER FORLATER HAN STADION: Det var en betutta Niskanen som forlot stadion i Val di Fiemme mens konkurransen fremdeles p\u00e5gikk. Foto: Fredrik Schjesvold\/Dagbladet\" alt=\"\" class=\"\" style=\"--aspect-ratio-image: 1.75; \"\/><\/p>\n<p>\n        HER FORLATER HAN STADION: Det var en betutta Niskanen som forlot stadion i Val di Fiemme mens konkurransen fremdeles p\u00e5gikk. Foto: Fredrik Schjesvold\/Dagbladet\n    <\/p>\n<p>Amundsen og Niskanen ble st\u00e5ende sammen ved siden av l\u00f8ypa, og s\u00e5 r\u00e5dville ut.\u00a0<\/p>\n<p>&#8211; Det er noen spesielle bilder her, sa HBO Max-kommentator Jan Christian Bj\u00f8rn.<\/p>\n<p>        <img loading=\"lazy\" decoding=\"async\" src=\"https:\/\/www.europesays.com\/no\/wp-content\/uploads\/2026\/02\/84269815.webp.webp\" width=\"980\" height=\"559\" title=\"FIKK HJELP: Niskanen og Amundsen m\u00e5tte f\u00e5 hjelp av en funksjon\u00e6r for \u00e5 komme seg vekk fra l\u00f8ypa. Foto: Markku Ulander \/ Lehtikuva \/ NTB\" alt=\"\" class=\"\" style=\"--aspect-ratio-image: 1.75; \"\/><\/p>\n<p>\n        FIKK HJELP: Niskanen og Amundsen m\u00e5tte f\u00e5 hjelp av en funksjon\u00e6r for \u00e5 komme seg vekk fra l\u00f8ypa. Foto: Markku Ulander \/ Lehtikuva \/ NTB\n    <\/p>\n<p class=\"font-weight-bold m-font-weight-bold\" data-lab-font_weight=\"font-weight-bold\">&#8211; Ser ut som de lurer litt p\u00e5 hvordan i alle dager de skal komme seg herfra. D\u00e5rlig sted \u00e5 bryte p\u00e5, de kunne brutt for 500 meter siden s\u00e5 hadde de v\u00e6rt p\u00e5 stadion. De kan sette seg i sn\u00f8haugen og heie p\u00e5 gutta, kommenterte Sundby. <\/p>\n<p>F\u00e5 timer f\u00f8r start ble det kjent at hjemmeh\u00e5pet Federico Pellegrino ikke stilte til start.\u00a0<\/p>\n<p> Ogs\u00e5 finske Ristomatti Hakola og amerikanske Ben Ogden st\u00e5r over distansen, opplyste FIS i dag morges.\u00a0<\/p>\n<p>Svenske William Poromaa er syk, og stilte heller ikke til start.\u00a0<\/p>\n","protected":false},"excerpt":{"rendered":"Se alt fra OL p\u00e5 NRK og HBO Max VAL DI FIEMME (Dagbladet): Etter rundt 15 kilometer br\u00f8t&hellip;\n","protected":false},"author":2,"featured_media":170351,"comment_status":"","ping_status":"","sticky":false,"template":"","format":"standard","meta":{"footnotes":"","_share_on_mastodon":"0"},"categories":[59],"tags":[398,30,28,29,16525,83,82,399],"class_list":["post-170350","post","type-post","status-publish","format-standard","has-post-thumbnail","category-sport","tag-langrenn","tag-no","tag-norge","tag-norway","tag-ol2026","tag-sport","tag-sports","tag-vintersport"],"share_on_mastodon":{"url":"https:\/\/pubeurope.com\/@no\/116115910438781987","error":""},"_links":{"self":[{"href":"https:\/\/www.europesays.com\/no\/wp-json\/wp\/v2\/posts\/170350","targetHints":{"allow":["GET"]}}],"collection":[{"href":"https:\/\/www.europesays.com\/no\/wp-json\/wp\/v2\/posts"}],"about":[{"href":"https:\/\/www.europesays.com\/no\/wp-json\/wp\/v2\/types\/post"}],"author":[{"embeddable":true,"href":"https:\/\/www.europesays.com\/no\/wp-json\/wp\/v2\/users\/2"}],"replies":[{"embeddable":true,"href":"https:\/\/www.europesays.com\/no\/wp-json\/wp\/v2\/comments?post=170350"}],"version-history":[{"count":0,"href":"https:\/\/www.europesays.com\/no\/wp-json\/wp\/v2\/posts\/170350\/revisions"}],"wp:featuredmedia":[{"embeddable":true,"href":"https:\/\/www.europesays.com\/no\/wp-json\/wp\/v2\/media\/170351"}],"wp:attachment":[{"href":"https:\/\/www.europesays.com\/no\/wp-json\/wp\/v2\/media?parent=170350"}],"wp:term":[{"taxonomy":"category","embeddable":true,"href":"https:\/\/www.europesays.com\/no\/wp-json\/wp\/v2\/categories?post=170350"},{"taxonomy":"post_tag","embeddable":true,"href":"https:\/\/www.europesays.com\/no\/wp-json\/wp\/v2\/tags?post=170350"}],"curies":[{"name":"wp","href":"https:\/\/api.w.org\/{rel}","templated":true}]}}