{"id":170514,"date":"2026-02-22T23:15:17","date_gmt":"2026-02-22T23:15:17","guid":{"rendered":"https:\/\/www.europesays.com\/no\/170514\/"},"modified":"2026-02-22T23:15:17","modified_gmt":"2026-02-22T23:15:17","slug":"ol-stjernene-bekrefter-forhold","status":"publish","type":"post","link":"https:\/\/www.europesays.com\/no\/170514\/","title":{"rendered":"OL-stjernene bekrefter forhold"},"content":{"rendered":"\n<p class=\"_lead_o9xde_2 _lead_6fko5_53 layout-component text-serif-m layout-normal text-serif-l layout-component layout-wide layout-padded _wide_17hqh_1 layout-padded\">Alpinistene Timon Haugan (29) og Thea Louise Stjernesund (29) har funnet kj\u00e6rligheten.<\/p>\n<p><img alt=\" Foto: Cornelius Poppe \/ NTB\" class=\"_image_qp4xg_65 layout-component layout-wide\" data-fullscreen- data-track-element-type=\"Article image fullscreen\" data-track-name=\"ImageFullscreen\" fetchpriority=\"high\" decoding=\"sync\" loading=\"eager\" height=\"1080\" itemprop=\"image\"  src=\"https:\/\/www.europesays.com\/no\/wp-content\/uploads\/2026\/02\/40c00366-35b6-4f66-9c9c-90e9cf2a179a.jpeg\"  style=\"object-position:0% 0%\" width=\"1920\"\/> Foto: Cornelius Poppe \/ NTB<\/p>\n<ul aria-hidden=\"true\" class=\"_images_ntbth_112\">\n<li><a class=\"_link_ntbth_117\" href=\"https:\/\/www.vg.no\/forfatter\/elise-engen-vik\" style=\"z-index:1\" title=\"Elise Engen Vik\" rel=\"nofollow noopener\" target=\"_blank\"><img alt=\"Bilde av Elise Engen Vik\" class=\"_image_ntbth_93\" fetchpriority=\"low\" loading=\"lazy\" decoding=\"async\" itemprop=\"image\"  src=\"https:\/\/www.europesays.com\/no\/wp-content\/uploads\/2026\/02\/1771802117_275_bfade7ec-5794-4991-b2ab-40f335edaaf4.jpeg\"  width=\"480\"\/><\/a><\/li>\n<\/ul>\n<p> Oppdatert s\u00f8ndag 22. februar kl. 18:49     <\/p>\n<p class=\"_paragraph_o9xde_4 _paragraph_6fko5_10 layout-component text-serif-m layout-normal text-serif-m layout-padded\">Det bekrefter de til <a href=\"https:\/\/www.nrk.no\/ol\/alpint_-ol-utoverne-timon-haugan-og-thea-louise-stjernesund-bekrefter-at-de-er-kjaerester-1.17779577\" class=\"_link_o9xde_39\" rel=\"nofollow noopener\" target=\"_blank\">NRK<\/a>.<\/p>\n<p class=\"_paragraph_o9xde_4 _paragraph_6fko5_10 layout-component text-serif-m layout-normal text-serif-m layout-padded\">\u2013 Dette hadde jeg aldri trodd. Jeg s\u00e5 ikke den komme, sier <a href=\"https:\/\/www.vg.no\/tag\/thea-louise-stjernesund?utm_source=vg-article&amp;utm_medium=auto-tagger&amp;utm_campaign=7pdXJ8\" class=\"_link_o9xde_39\" rel=\"nofollow noopener\" target=\"_blank\">Thea Louise Stjernesund<\/a> til NRK.<\/p>\n<p class=\"_paragraph_o9xde_4 _paragraph_6fko5_10 layout-component text-serif-m layout-normal text-serif-m layout-padded\">Paret har kjent hverandre siden de var 15 \u00e5r gamle. Haugan pr\u00f8vde seg f\u00f8rste gang i 2021, men fikk et nei.<\/p>\n<p class=\"_paragraph_o9xde_4 _paragraph_6fko5_10 layout-component text-serif-m layout-normal text-serif-m layout-padded\">\u2013 Jeg var p\u00e5 et d\u00e5rlig sted og det passet ikke, men jeg sa til han at det kan v\u00e6re at jeg kommer tryglende tilbake om fem \u00e5r, avsl\u00f8rer Stjernesund.<\/p>\n<p class=\"_paragraph_o9xde_4 _paragraph_6fko5_10 layout-component text-serif-m layout-normal text-serif-m layout-padded\">Fire \u00e5r senere tok hun initiativet.<\/p>\n<p class=\"_paragraph_o9xde_4 _paragraph_6fko5_10 layout-component text-serif-m layout-normal text-serif-m layout-padded\">\u2013 Jeg hadde null forventninger, men jeg ville at han skulle h\u00f8re det. Han fortjente \u00e5 vite at jeg likte han, sier OL-s\u00f8lvvinneren.<\/p>\n<p class=\"_paragraph_o9xde_4 _paragraph_6fko5_10 layout-component text-serif-m layout-normal text-serif-m layout-padded\">Da paret fortalte lagkameratene om forholdet i november, var det f\u00e5 som ble overrasket.<\/p>\n<p class=\"_paragraph_o9xde_4 _paragraph_6fko5_10 layout-component text-serif-m layout-normal text-serif-m layout-padded\">\u2013 Det var noen som lurte p\u00e5 hva vi har somlet med i s\u00e5 lang tid, sier Stjernesund.<\/p>\n","protected":false},"excerpt":{"rendered":"Alpinistene Timon Haugan (29) og Thea Louise Stjernesund (29) har funnet kj\u00e6rligheten. Foto: Cornelius Poppe \/ NTB Oppdatert&hellip;\n","protected":false},"author":2,"featured_media":170515,"comment_status":"","ping_status":"","sticky":false,"template":"","format":"standard","meta":{"footnotes":"","_share_on_mastodon":"0"},"categories":[5],"tags":[249,20,21,24,25,15,19,22,23,17,18,13,30,28,29,14,10469,16,9804,9894,26,27],"class_list":["post-170514","post","type-post","status-publish","format-standard","has-post-thumbnail","category-overskrifter","tag-alpint","tag-breaking-news","tag-breakingnews","tag-featured-news","tag-featurednews","tag-headlines","tag-hovedoppslag","tag-latest-news","tag-latestnews","tag-main-news","tag-mainnews","tag-news","tag-no","tag-norge","tag-norway","tag-nyheter","tag-ol-2026","tag-overskrifter","tag-thea-louise-stjernesund","tag-timon-haugan","tag-top-stories","tag-topstories"],"share_on_mastodon":{"url":"https:\/\/pubeurope.com\/@no\/116116830631708179","error":""},"_links":{"self":[{"href":"https:\/\/www.europesays.com\/no\/wp-json\/wp\/v2\/posts\/170514","targetHints":{"allow":["GET"]}}],"collection":[{"href":"https:\/\/www.europesays.com\/no\/wp-json\/wp\/v2\/posts"}],"about":[{"href":"https:\/\/www.europesays.com\/no\/wp-json\/wp\/v2\/types\/post"}],"author":[{"embeddable":true,"href":"https:\/\/www.europesays.com\/no\/wp-json\/wp\/v2\/users\/2"}],"replies":[{"embeddable":true,"href":"https:\/\/www.europesays.com\/no\/wp-json\/wp\/v2\/comments?post=170514"}],"version-history":[{"count":0,"href":"https:\/\/www.europesays.com\/no\/wp-json\/wp\/v2\/posts\/170514\/revisions"}],"wp:featuredmedia":[{"embeddable":true,"href":"https:\/\/www.europesays.com\/no\/wp-json\/wp\/v2\/media\/170515"}],"wp:attachment":[{"href":"https:\/\/www.europesays.com\/no\/wp-json\/wp\/v2\/media?parent=170514"}],"wp:term":[{"taxonomy":"category","embeddable":true,"href":"https:\/\/www.europesays.com\/no\/wp-json\/wp\/v2\/categories?post=170514"},{"taxonomy":"post_tag","embeddable":true,"href":"https:\/\/www.europesays.com\/no\/wp-json\/wp\/v2\/tags?post=170514"}],"curies":[{"name":"wp","href":"https:\/\/api.w.org\/{rel}","templated":true}]}}