{"id":171137,"date":"2026-02-23T17:07:10","date_gmt":"2026-02-23T17:07:10","guid":{"rendered":"https:\/\/www.europesays.com\/no\/171137\/"},"modified":"2026-02-23T17:07:10","modified_gmt":"2026-02-23T17:07:10","slug":"jens-petter-hauge-om-milan-tiden","status":"publish","type":"post","link":"https:\/\/www.europesays.com\/no\/171137\/","title":{"rendered":"Jens Petter Hauge om Milan-tiden"},"content":{"rendered":"\n<p class=\"_lead_o9xde_2 _lead_6fko5_53 layout-component text-serif-m layout-normal text-serif-l layout-component layout-wide layout-padded _wide_17hqh_1 layout-padded\">Livet i Milano ble aldri som han hadde h\u00e5pet. Men gamle lagkamerater fra Milan har ikke glemt Jens Petter Hauge (26). <\/p>\n<p><img alt=\"TILBAKE MED ET SMIL: Jens Petter Hauge fikk sp\u00f8rsm\u00e5l p\u00e5 b\u00e5de italiensk og norsk da han m\u00f8tte mediene f\u00f8r Bod\u00f8\/Glimts returkamp mot Inter. Foto: Bj\u00f8rn S. Delebekk \/ VG\" class=\"_image_qp4xg_65 layout-component layout-wide\" data-fullscreen- data-track-element-type=\"Article image fullscreen\" data-track-name=\"ImageFullscreen\" fetchpriority=\"high\" decoding=\"sync\" loading=\"eager\" height=\"4272\" itemprop=\"image\"  src=\"https:\/\/www.europesays.com\/no\/wp-content\/uploads\/2026\/02\/9bb1be97-1459-46c7-96ba-9f8834e735f4.jpeg\"  style=\"object-position:0% 0%\" width=\"6400\"\/>TILBAKE MED ET SMIL: Jens Petter Hauge fikk sp\u00f8rsm\u00e5l p\u00e5 b\u00e5de italiensk og norsk da han m\u00f8tte mediene f\u00f8r Bod\u00f8\/Glimts returkamp mot Inter. Foto: Bj\u00f8rn S. Delebekk \/ VGMilano\/Oslo Oppdatert mandag 23. februar kl. 16:36     <\/p>\n<p class=\"_paragraph_o9xde_4 _paragraph_6fko5_10 layout-component text-serif-m layout-normal text-serif-m layout-padded\">Kanonscoringen mot Inter og 3\u20131-seieren i f\u00f8rste kamp i <a href=\"https:\/\/www.vg.no\/tag\/champions-league?utm_source=vg-article&amp;utm_medium=auto-tagger&amp;utm_campaign=ArL4wE\" class=\"_link_o9xde_39\" rel=\"nofollow noopener\" target=\"_blank\">Champions League<\/a>-playoffenplayoffenSammenlagtvinneren g\u00e5r videre til 8-delsfinalen i Champions League ble nemlig lagt merke til.<\/p>\n<p class=\"_paragraph_o9xde_4 _paragraph_6fko5_10 layout-component text-serif-m layout-normal text-serif-m layout-padded\">\u2013 Jeg har hatt jevnlig kontakt med flere av spillerne som spilte i Milan da jeg var der, og det er alltid hyggelig \u00e5 f\u00e5 nye venner. De var forn\u00f8yde etter at jeg hadde scoret mot Inter sist. Det betyr mye for dem og alle Milan-fans, r\u00f8per Jens Petter Hauge. <\/p>\n<p class=\"_paragraph_o9xde_4 _paragraph_6fko5_10 layout-component text-serif-m layout-normal text-serif-m layout-padded\">Milano-fortiden hans ble et naturlig tema dagen f\u00f8r returm\u00f8tet mot gamleklubben Milans byrival Inter, en fotballrivalisering Hauge beskriver som \u00abfort den st\u00f8rste i verden\u00bb.<\/p>\n<p class=\"_paragraph_o9xde_4 _paragraph_6fko5_10 layout-component text-serif-m layout-normal text-serif-m layout-padded\">Det er ogs\u00e5 ganske stor forskjell p\u00e5 den Jens Petter Hauge som forlot Milan etter en sesong i 2021, og den Jens Petter Hauge som kommer tilbake som Champions League-stjerne i 2026. <\/p>\n<p class=\"_paragraph_o9xde_4 _paragraph_6fko5_10 layout-component text-serif-m layout-normal text-serif-m layout-padded\">\u2013 Jeg tror f\u00f8rst og fremst det er veldig bra at Jens Petter har en slik type referansebank. Han vet hvordan det er n\u00e5r det koker litt. Det tror jeg er veldig viktig, sier pappa Jan Ingvald Hauge til VG.<\/p>\n<p class=\"_paragraph_o9xde_4 _paragraph_6fko5_10 layout-component text-serif-m layout-normal text-serif-m layout-padded\">For Hauge junior var Milan det f\u00f8rste utenlandseventyret i fotballkarrieren.<\/p>\n<p><img alt=\"FOTBALLFAMILIE: Jan Ingvald Hauge med s\u00f8nnene Runar (til venstre) og Jens Petter for et par ti\u00e5r siden.  Foto: Privat \/ Privat\" class=\"_image_qp4xg_65 layout-component layout-normal\" data-fullscreen- data-track-element-type=\"Article image fullscreen\" data-track-name=\"ImageFullscreen\" decoding=\"async\" loading=\"lazy\" height=\"2322\" itemprop=\"image\"  src=\"https:\/\/www.europesays.com\/no\/wp-content\/uploads\/2026\/02\/2624bcbf-895c-4f50-ae5c-65ca5f0a0c23.jpeg\"  style=\"object-position:0% 0%\" width=\"4128\"\/>FOTBALLFAMILIE: Jan Ingvald Hauge med s\u00f8nnene Runar (til venstre) og Jens Petter for et par ti\u00e5r siden.  Foto: Privat \/ Privat<\/p>\n<p class=\"_paragraph_o9xde_4 _paragraph_6fko5_10 layout-component text-serif-m layout-normal text-serif-m layout-padded\">\u2013 Han har blitt mer voksen og tryggere p\u00e5 seg selv. Jeg synes det var t\u00f8ft av ham \u00e5 dra til AC Milan som 20-\u00e5ring, men jeg ser jo at de \u00e5rene har gjort ham godt, sier faren \u2013 som tirsdag er p\u00e5 plass for \u00e5 se s\u00f8nnen i sin gamle lekegrind. <\/p>\n<p class=\"_paragraph_o9xde_4 _paragraph_6fko5_10 layout-component text-serif-m layout-normal text-serif-m layout-padded\">Det vil si, s\u00e5 mye lek fikk han ikke tid til p\u00e5 sin ene sesong.<\/p>\n<p><img alt=\"\" class=\"_image_qp4xg_65 layout-component layout-normal\" data-fullscreen- data-track-element-type=\"Article image fullscreen\" data-track-name=\"ImageFullscreen\" decoding=\"async\" loading=\"lazy\" height=\"2560\" itemprop=\"image\"  src=\"https:\/\/www.europesays.com\/no\/wp-content\/uploads\/2026\/02\/7b819358-8bb2-4e9e-9c69-016ad8ad3530.png\"  style=\"object-position:0% 0%\" width=\"2048\"\/><\/p>\n<p class=\"_paragraph_o9xde_4 _paragraph_6fko5_10 layout-component text-serif-m layout-normal text-serif-m layout-padded\"><strong class=\"_strong_o9xde_25\">Grafikk:<\/strong> <a href=\"https:\/\/www.sofascore.com\" class=\"_link_o9xde_39\" rel=\"nofollow noopener\" target=\"_blank\">www.sofascore.com<\/a><\/p>\n<p class=\"_paragraph_o9xde_4 _paragraph_6fko5_10 layout-component text-serif-m layout-normal text-serif-m layout-padded\">Klubben hadde p\u00e5 det tidspunktet superstjernen Zlatan Ibrahimovic i troppen. Milan hadde fulgt Hauge i flere m\u00e5neder f\u00f8r de h\u00f8sten 2020 hentet ham etter selv \u00e5 ha sett han p\u00e5 n\u00e6r hold i Europa League-m\u00f8tet med Glimt. <\/p>\n<p><img alt=\"GJENNOMBRUDDET: Jens Petter Hauge herjet p\u00e5 San Siro mot Milan h\u00f8sten 2020. Her i duell med Sandro Tonali (i dag Newcastle).  Foto: MATTEO BAZZI \/ EPA \/ NTB\" class=\"_image_qp4xg_65 layout-component layout-normal\" data-fullscreen- data-track-element-type=\"Article image fullscreen\" data-track-name=\"ImageFullscreen\" decoding=\"async\" loading=\"lazy\" height=\"2229\" itemprop=\"image\"  src=\"https:\/\/www.europesays.com\/no\/wp-content\/uploads\/2026\/02\/7583088d-8f53-4c92-a697-f8b35d45d89c.jpeg\"  style=\"object-position:0% 0%\" width=\"2980\"\/>GJENNOMBRUDDET: Jens Petter Hauge herjet p\u00e5 San Siro mot Milan h\u00f8sten 2020. Her i duell med Sandro Tonali (i dag Newcastle).  Foto: MATTEO BAZZI \/ EPA \/ NTB<\/p>\n<p class=\"_paragraph_o9xde_4 _paragraph_6fko5_10 layout-component text-serif-m layout-normal text-serif-m layout-padded\">Hauge vartet opp med scoring og m\u00e5lgivende i den kampen, Glimts f\u00f8rste \u00abEuropa-turne\u00bb under trener Kjetil Knutsen. <\/p>\n<p class=\"_paragraph_o9xde_4 _paragraph_6fko5_10 layout-component text-serif-m layout-normal text-serif-m layout-padded\">Hauge kunne ogs\u00e5 f\u00e5tt en andre assist hvis Ulrik Saltnes ikke hadde bl\u00e5st sin gigantsjanse p\u00e5 overtid, men Milan-sjefene kunne konstatere at de b\u00e5de gikk videre med 3\u20132 og at de hadde sett nok til \u00e5 hente Jens Petter Hauge for rundt 50 millioner kroner (fem millioner euro).<\/p>\n<p class=\"_paragraph_o9xde_4 _paragraph_6fko5_10 layout-component text-serif-m layout-normal text-serif-m layout-padded\">Men kantspilleren fikk aldri den store tilliten i Milano. Han gikk videre til tyske Eintracht Frankfurt. Han rakk innom et l\u00e5neopphold i belgiske Gent, f\u00f8r han f\u00f8rst var tilbake i Glimt p\u00e5 l\u00e5n (2024), deretter ble kj\u00f8pt tilbake permanent i januar 2025. <\/p>\n<p class=\"_paragraph_o9xde_4 _paragraph_6fko5_10 layout-component text-serif-m layout-normal text-serif-m layout-padded\">Milan-supporterne har neppe noe imot at nordmannens retur til Milano-klubbenes felles hjemmebane ender med at Inter ryker ut.<\/p>\n<p class=\"_paragraph_o9xde_4 _paragraph_6fko5_10 layout-component text-serif-m layout-normal text-serif-m layout-padded\">\u2013 Jeg tror de fleste som kommer p\u00e5 stadion, vil meg og laget alt ondt. Det er nok flere utenfor stadion som heier p\u00e5 meg og Glimt, smiler Jens Petter Hauge.<\/p>\n<p><img alt=\"I KJENTE OMGIVELSER: Patrick Berg (til venstre), Fredrik Bj\u00f8rkan, Jens Petter Hauge og Fredrik Sj\u00f8vold p\u00e5 trening mandag.  Foto: Bj\u00f8rn S. Delebekk \/ VG\" class=\"_image_qp4xg_65 layout-component layout-normal\" data-fullscreen- data-track-element-type=\"Article image fullscreen\" data-track-name=\"ImageFullscreen\" decoding=\"async\" loading=\"lazy\" height=\"2475\" itemprop=\"image\"  src=\"https:\/\/www.europesays.com\/no\/wp-content\/uploads\/2026\/02\/fa11551b-307b-46a5-b6d4-38971b004f2e.jpeg\"  style=\"object-position:0% 0%\" width=\"3715\"\/>I KJENTE OMGIVELSER: Patrick Berg (til venstre), Fredrik Bj\u00f8rkan, Jens Petter Hauge og Fredrik Sj\u00f8vold p\u00e5 trening mandag.  Foto: Bj\u00f8rn S. Delebekk \/ VG<\/p>\n<p class=\"_paragraph_o9xde_4 _paragraph_6fko5_10 layout-component text-serif-m layout-normal text-serif-m layout-padded\">\u2013 Jeg tror Jens Petter gleder seg til \u00e5 komme tilbake til Milano. Jeg tror han er veldig fokusert p\u00e5 jobben som skal gj\u00f8res, men jeg tror ogs\u00e5 han kan oppleve litt press og at det blir en del oppmerksomhet rundt det. Men Jens Petter er p\u00e5 et godt sted s\u00e5 det tror jeg han takler veldig fint, sier Jan Ingvald Hauge. <\/p>\n<p class=\"_paragraph_o9xde_4 _paragraph_6fko5_10 layout-component text-serif-m layout-normal text-serif-m layout-padded\">P\u00e5 grunn av covidpandemien var det vanskelig for familien \u00e5 reise nedover p\u00e5 bes\u00f8k. Derfor tror ogs\u00e5 faren at Jens Petter l\u00e6rte mye om seg selv under tiden i Milano, som han n\u00e5 drar nytte av. <\/p>\n<p class=\"_paragraph_o9xde_4 _paragraph_6fko5_10 layout-component text-serif-m layout-normal text-serif-m layout-padded\">\u2013 Jeg tror han verdsetter den situasjonen han er i n\u00e5. At han n\u00e5 f\u00e5r pr\u00f8ve seg ute i Europa med barndomsklubben og vennene sine. Han har det godt b\u00e5de p\u00e5 og utenfor banen, og han vet hva som er der ute. Han vet at det t\u00f8ft i Fotball-Europa, men jeg har aldri hatt noe inntrykk av at han ikke har hatt det bra n\u00e5r han har v\u00e6rt ute, p\u00e5peker pappa.<\/p>\n<p><img alt=\"Foto: LiveMedia\/Fabrizio Carabelli \/ I \/ Pa Photos \/ NTB\" class=\"_image_qp4xg_65 layout-component layout-normal\" data-fullscreen- data-track-element-type=\"Article image fullscreen\" data-track-name=\"ImageFullscreen\" decoding=\"async\" loading=\"lazy\" height=\"2958\" itemprop=\"image\"  src=\"https:\/\/www.europesays.com\/no\/wp-content\/uploads\/2026\/02\/54316013-9206-458e-9504-02437582becc.jpeg\"  style=\"object-position:0% 0%\" width=\"4095\"\/>Foto: LiveMedia\/Fabrizio Carabelli \/ I \/ Pa Photos \/ NTB    <\/p>\n","protected":false},"excerpt":{"rendered":"Livet i Milano ble aldri som han hadde h\u00e5pet. Men gamle lagkamerater fra Milan har ikke glemt Jens&hellip;\n","protected":false},"author":2,"featured_media":171138,"comment_status":"","ping_status":"","sticky":false,"template":"","format":"standard","meta":{"footnotes":"","_share_on_mastodon":"0"},"categories":[59],"tags":[517,706,10055,3707,30,28,29,83,82],"class_list":["post-171137","post","type-post","status-publish","format-standard","has-post-thumbnail","category-sport","tag-bodo-glimt","tag-champions-league","tag-inter-milan","tag-jens-petter-hauge","tag-no","tag-norge","tag-norway","tag-sport","tag-sports"],"share_on_mastodon":{"url":"https:\/\/pubeurope.com\/@no\/116121045871088868","error":""},"_links":{"self":[{"href":"https:\/\/www.europesays.com\/no\/wp-json\/wp\/v2\/posts\/171137","targetHints":{"allow":["GET"]}}],"collection":[{"href":"https:\/\/www.europesays.com\/no\/wp-json\/wp\/v2\/posts"}],"about":[{"href":"https:\/\/www.europesays.com\/no\/wp-json\/wp\/v2\/types\/post"}],"author":[{"embeddable":true,"href":"https:\/\/www.europesays.com\/no\/wp-json\/wp\/v2\/users\/2"}],"replies":[{"embeddable":true,"href":"https:\/\/www.europesays.com\/no\/wp-json\/wp\/v2\/comments?post=171137"}],"version-history":[{"count":0,"href":"https:\/\/www.europesays.com\/no\/wp-json\/wp\/v2\/posts\/171137\/revisions"}],"wp:featuredmedia":[{"embeddable":true,"href":"https:\/\/www.europesays.com\/no\/wp-json\/wp\/v2\/media\/171138"}],"wp:attachment":[{"href":"https:\/\/www.europesays.com\/no\/wp-json\/wp\/v2\/media?parent=171137"}],"wp:term":[{"taxonomy":"category","embeddable":true,"href":"https:\/\/www.europesays.com\/no\/wp-json\/wp\/v2\/categories?post=171137"},{"taxonomy":"post_tag","embeddable":true,"href":"https:\/\/www.europesays.com\/no\/wp-json\/wp\/v2\/tags?post=171137"}],"curies":[{"name":"wp","href":"https:\/\/api.w.org\/{rel}","templated":true}]}}