{"id":17114,"date":"2025-08-24T21:54:12","date_gmt":"2025-08-24T21:54:12","guid":{"rendered":"https:\/\/www.europesays.com\/no\/17114\/"},"modified":"2025-08-24T21:54:12","modified_gmt":"2025-08-24T21:54:12","slug":"sport-fotball-super-sondag-i-saerklasse","status":"publish","type":"post","link":"https:\/\/www.europesays.com\/no\/17114\/","title":{"rendered":"Sport, Fotball | Super-s\u00f8ndag i s\u00e6rklasse"},"content":{"rendered":"\n<p>\u2013 Helt fantastisk hvordan folk stiller opp. Dette overg\u00e5r vel alt vi kunne h\u00e5pet p\u00e5, mente arrangementsansvarlig Lars Petter Brevig.<\/p>\n<p>Og kan endelig ta en liten pust i bakken, etter at den siste publikummeren har forlatt stadionomr\u00e5det.<\/p>\n<p>Etter uker og utallige timer med planlegging og arbeid for \u00e5 f\u00e5 en vellykket super-s\u00f8ndag.<\/p>\n<p>   <img decoding=\"async\" width=\"5000\" height=\"3333\" fetchpriority=\"low\"  loading=\"lazy\"  src=\"https:\/\/www.europesays.com\/no\/wp-content\/uploads\/2025\/08\/05SPO_01-01-DSC_8148.jpg\" alt=\"\" class=\"brick-c-cFOWSL\" style=\"--brick-image-ratio: 5000 \/ 3333;\"\/><\/p>\n<p>    Lars Petter Brevig puster ut etter at tribunene er t\u00f8mt for folk.<br \/>\n    Foto: Tom Minge Nilsen\n  <\/p>\n<p>  Gode kroner<\/p>\n<p>En rekke bedrifter og sponsorer hadde gitt en kronepris per hode, slik at hver person som gikk inn stadionporten bet\u00f8d 308,50 kroner i klubbkassa.<\/p>\n<p>\u2013 Har ikke noe eksakt tall, men kan tenke meg vi sitter igjen med noe s\u00e5nn som 650.000 kroner. For det var noen av giverne som satt et tak p\u00e5 antallet de skulle sponse, fortalte en forn\u00f8yd Brevig.<\/p>\n<p>Som har dratt i de viktigste tr\u00e5dene sammen med Haris Juklo og Fabian Ness.<\/p>\n<p>\u2013 Vi var jo utrolig spente p\u00e5 hvordan responsen skulle bli, for vi hadde endret litt i programmet fra tidligere \u00e5r. Men dette ble jo en kjempesuksess, jublet Lars Petter.<\/p>\n<p>   <img decoding=\"async\" width=\"5000\" height=\"3333\" fetchpriority=\"low\"  loading=\"lazy\"  src=\"https:\/\/www.europesays.com\/no\/wp-content\/uploads\/2025\/08\/05SPO_01-01-DSC_7925_1.jpg\" alt=\"\" class=\"brick-c-cFOWSL\" style=\"--brick-image-ratio: 5000 \/ 3333;\"\/><\/p>\n<p>    Carl-Oscar Skammelsrud (2) red p\u00e5 ponni for f\u00f8rste gang.<br \/>\n    Foto: Tom Minge Nilsen\n  <\/p>\n<p>  Popul\u00e6re aktiviteter<\/p>\n<p>For det var barn og voksne over alt, som storkoste seg i solskinnet.<\/p>\n<p>Og det var konstant lange k\u00f8er p\u00e5 de mange aktivitetene som Kvik Halden hadde stelt i stand p\u00e5 stadionomr\u00e5det.<\/p>\n<p>Aller mest popul\u00e6rt s\u00e5 ponni-ridingen ut til \u00e5 v\u00e6re, for der strakk k\u00f8en seg p\u00e5 det meste nesten rundt hele klokke-svingen.<\/p>\n<p>   <img decoding=\"async\" width=\"5000\" height=\"3333\" fetchpriority=\"low\"  loading=\"lazy\"  src=\"https:\/\/www.europesays.com\/no\/wp-content\/uploads\/2025\/08\/05SPO_01-01-DSC_8033.jpg\" alt=\"\" class=\"brick-c-cFOWSL\" style=\"--brick-image-ratio: 5000 \/ 3333;\"\/><\/p>\n<p>    Onkel Tuka fikk barna til \u00e5 synge.<br \/>\n    Foto: Tom Minge Nilsen\n  <\/p>\n<p>  Stapp fullt<\/p>\n<p>Og da h\u00f8ydepunktet for mange av de aller yngste dukket opp, Brannmannen Bj\u00f8rnis, var det slik trengsel at Bj\u00f8rnis knapt kom seg inn gjennom portene.<\/p>\n<p>Det var heller ikke mange ledige stolene p\u00e5 hovedtribunen da underholdningen med Thoris Supergutt og Onkel Tuka trio dro i gang sine show.<\/p>\n<p>Der b\u00e5de Thoris og Onklene var flinke til \u00e5 engasjere b\u00e5de unger og et forn\u00f8yd publikum.<\/p>\n<p>   <img decoding=\"async\" width=\"5000\" height=\"3333\" fetchpriority=\"low\"  loading=\"lazy\"  src=\"https:\/\/www.europesays.com\/no\/wp-content\/uploads\/2025\/08\/05SPO_01-01-DSC_8004.jpg\" alt=\"\" class=\"brick-c-cFOWSL\" style=\"--brick-image-ratio: 5000 \/ 3333;\"\/><\/p>\n<p>    Folk satt tett p\u00e5 tribunen.<br \/>\n    Foto: Tom Minge Nilsen\n  <\/p>\n<p>  Alt gratis<\/p>\n<p>\u2013 Dette skal det bli vanskelig \u00e5 toppe. Ble jo som en stor utgave av Barnas Dag, og alle aktivitetene er gratis, mente Lars Petter Brevig.<\/p>\n<p>Kjempeglad for at man lykkes med arrangementet, som ble avsluttet med at Kvik Halden tok en ny storseier da Oppsal ble knust 6\u20130.<\/p>\n<p>Ogs\u00e5 daglig leder i Kvik Halden, Haris Juklo, ruslet storforn\u00f8yd rundt p\u00e5 stadionomr\u00e5det. Ikke mindre forn\u00f8yd etter at Kvik forsterket tabellteten.<\/p>\n<p>\u2013 Masse lokale spillere som presterer. Garantert en faktor som gjorde at s\u00e5 mange m\u00f8tte opp i dag, trodde Juklo.<\/p>\n<p>P\u00e5 en super-s\u00f8ndag der ogs\u00e5 underholdningen med Thoris Supergutt og Onkel Tuka var s\u00e5 lokal som den kan bli.<\/p>\n<p>   <img decoding=\"async\" width=\"5000\" height=\"3333\" fetchpriority=\"low\"  loading=\"lazy\"  src=\"https:\/\/www.europesays.com\/no\/wp-content\/uploads\/2025\/08\/05SPO_01-01-DSC_8010.jpg\" alt=\"\" class=\"brick-c-cFOWSL\" style=\"--brick-image-ratio: 5000 \/ 3333;\"\/><\/p>\n<p>    Thoris med hallingspark.<br \/>\n    Foto: Tom Minge Nilsen\n  <\/p>\n<p>  Fikk med kampen<\/p>\n<p>\u00d8yvind og Birgithe H\u00f8y var sammen med Elisabeth Werket og barna Olivia Werket (2) og Sofie Alette Werket (4), gjennom hele dagen p\u00e5 super-s\u00f8ndag.<\/p>\n<p>\u2013 Det var s\u00e5 fint her at vi til og med tok med oss fotballkampen, smilte \u00d8yvind.<\/p>\n<p>Mens kona Birgith bare var litt nisforn\u00f8yd med en ting.<\/p>\n<p>\u2013 Vi vant jo ikke noe p\u00e5 utlodningen, sa Birgithe, med et smil om munnen.<\/p>\n<p>   <img decoding=\"async\" width=\"5000\" height=\"3333\" fetchpriority=\"low\"  loading=\"lazy\"  src=\"https:\/\/www.europesays.com\/no\/wp-content\/uploads\/2025\/08\/05SPO_01-01-DSC_7975.jpg\" alt=\"\" class=\"brick-c-cFOWSL\" style=\"--brick-image-ratio: 5000 \/ 3333;\"\/><\/p>\n<p>    Bj\u00f8rnis var popul\u00e6r for store og sm\u00e5.<br \/>\n    Foto: Tom Minge Nilsen\n  <\/p>\n<p>  Popul\u00e6re ponnier<\/p>\n<p>Ungene Sofie Alette og Olivia pr\u00f8vde seg p\u00e5 de fleste aktivitetene, og skal vi tro mamma Elisabeth Werket, svar det ikke tvil om hva Sofie Alette satte mest pris p\u00e5.<\/p>\n<p>\u2013 Ponniriding, for aller f\u00f8rste, var visst helt supert, mente Elisabeth.<\/p>\n<p>Og kanskje litt skummelt ogs\u00e5, for Sofie gjemte seg bort fra fotografen da vi spurte hvordan det var \u00e5 sitte p\u00e5 ponniryggen.<\/p>\n<p>Men hun var kjempeflink og viste opp fire fingrer, p\u00e5 sp\u00f8rsm\u00e5l om hvor gammel hun var.<\/p>\n<p>\u2013 Vi kommer garantert tilbake neste \u00e5r, om det blir like fine aktiviteter, trodde Elisabeth Werket.<\/p>\n<p>   <img decoding=\"async\" width=\"5000\" height=\"3333\" fetchpriority=\"low\"  loading=\"lazy\"  src=\"https:\/\/www.europesays.com\/no\/wp-content\/uploads\/2025\/08\/05SPO_01-01-DSC_7912.jpg\" alt=\"\" class=\"brick-c-cFOWSL\" style=\"--brick-image-ratio: 5000 \/ 3333;\"\/><\/p>\n<p>    Olivia Werket (snart 2 \u00e5r), Elisabeth Werket, Birgithe H\u00f8y og \u00d8yvind H\u00f8y.<br \/>\n    Foto: Tom Minge Nilsen\n  <\/p>\n<p>   <img decoding=\"async\" width=\"3689\" height=\"2459\" fetchpriority=\"low\"  loading=\"lazy\"  src=\"https:\/\/www.europesays.com\/no\/wp-content\/uploads\/2025\/08\/05SPO_01-01-DSC_8109.jpg\" alt=\"\" class=\"brick-c-cFOWSL\" style=\"--brick-image-ratio: 3689 \/ 2459;\"\/><\/p>\n<p>    Sofie Alette Werket med mamma Elisabeth Werket.<br \/>\n    Foto: Tom Minge Nilsen\n  <\/p>\n","protected":false},"excerpt":{"rendered":"\u2013 Helt fantastisk hvordan folk stiller opp. Dette overg\u00e5r vel alt vi kunne h\u00e5pet p\u00e5, mente arrangementsansvarlig Lars&hellip;\n","protected":false},"author":2,"featured_media":17115,"comment_status":"","ping_status":"","sticky":false,"template":"","format":"standard","meta":{"footnotes":""},"categories":[59],"tags":[36,92,3105,30,28,29,83,82,1510,3123],"class_list":{"0":"post-17114","1":"post","2":"type-post","3":"status-publish","4":"format-standard","5":"has-post-thumbnail","7":"category-sport","8":"tag-art","9":"tag-fotball","10":"tag-kvik-halden","11":"tag-no","12":"tag-norge","13":"tag-norway","14":"tag-sport","15":"tag-sports","16":"tag-story","17":"tag-super-sondag"},"share_on_mastodon":{"url":"","error":""},"_links":{"self":[{"href":"https:\/\/www.europesays.com\/no\/wp-json\/wp\/v2\/posts\/17114","targetHints":{"allow":["GET"]}}],"collection":[{"href":"https:\/\/www.europesays.com\/no\/wp-json\/wp\/v2\/posts"}],"about":[{"href":"https:\/\/www.europesays.com\/no\/wp-json\/wp\/v2\/types\/post"}],"author":[{"embeddable":true,"href":"https:\/\/www.europesays.com\/no\/wp-json\/wp\/v2\/users\/2"}],"replies":[{"embeddable":true,"href":"https:\/\/www.europesays.com\/no\/wp-json\/wp\/v2\/comments?post=17114"}],"version-history":[{"count":0,"href":"https:\/\/www.europesays.com\/no\/wp-json\/wp\/v2\/posts\/17114\/revisions"}],"wp:featuredmedia":[{"embeddable":true,"href":"https:\/\/www.europesays.com\/no\/wp-json\/wp\/v2\/media\/17115"}],"wp:attachment":[{"href":"https:\/\/www.europesays.com\/no\/wp-json\/wp\/v2\/media?parent=17114"}],"wp:term":[{"taxonomy":"category","embeddable":true,"href":"https:\/\/www.europesays.com\/no\/wp-json\/wp\/v2\/categories?post=17114"},{"taxonomy":"post_tag","embeddable":true,"href":"https:\/\/www.europesays.com\/no\/wp-json\/wp\/v2\/tags?post=17114"}],"curies":[{"name":"wp","href":"https:\/\/api.w.org\/{rel}","templated":true}]}}