{"id":171153,"date":"2026-02-23T17:20:13","date_gmt":"2026-02-23T17:20:13","guid":{"rendered":"https:\/\/www.europesays.com\/no\/171153\/"},"modified":"2026-02-23T17:20:13","modified_gmt":"2026-02-23T17:20:13","slug":"brann-nyhet-har-gjort-funn-av-dod-person-i-brannruinene-2","status":"publish","type":"post","link":"https:\/\/www.europesays.com\/no\/171153\/","title":{"rendered":"Brann, Nyhet | Har gjort funn av d\u00f8d person i brannruinene"},"content":{"rendered":"\n<p>(<a href=\"https:\/\/www.bygdeposten.no\/modum-krimteknikere-undersoker-husbrann-i-amot\/s\/5-10-791155\" rel=\"Follow nofollow noopener\" target=\"_blank\">Bygdeposten<\/a>) S\u00f8ndag ettermiddag <a href=\"https:\/\/www.bygdeposten.no\/melding-om-royk-fra-bolig\/s\/5-57-2797372\" rel=\"Follow nofollow noopener\" target=\"_blank\">brant et bolighus <\/a>i Holoveien i \u00c5mot i Modum. Huset var allerede i full fyr da n\u00f8detatene kom til stedet.<\/p>\n<p>Like f\u00f8r klokken 19 s\u00f8ndag hadde brannvesenet f\u00e5tt brannen under kontroll.<\/p>\n<p><b>Den kvinnelige beboeren i 80-\u00e5rene var savnet etter brannen. Mandag ettermiddag melder politiet at det er gjort funn av en d\u00f8d person i huset, og at det er grunn til \u00e5 tro at den avd\u00f8de er den savnede beboeren.<\/b><\/p>\n<p>Brannvesenet var p\u00e5 tomta fram til klokka 03.00-03.30, opplyser Svein Erik Thon i Modum brannvesen.<\/p>\n<p>   <img decoding=\"async\" width=\"4032\" height=\"3024\" fetchpriority=\"low\"  loading=\"lazy\"  src=\"https:\/\/www.europesays.com\/no\/wp-content\/uploads\/2026\/02\/IMG_8523.JPG\" alt=\"\" class=\"brick-c-cFOWSL\" style=\"--brick-image-ratio: 4032 \/ 3024;\"\/><\/p>\n<p>      BRANT: S\u00f8ndag ettermiddag rykket brannvesenet ut til bolighuset, som sto i fyll fyr da de kom fram.<br \/>\n      Foto: Boel Kristin St\u00f8vern\n    <\/p>\n<p>I tillegg hadde politiet en person p\u00e5 stedet gjennom hele natten.<\/p>\n<p>Krimteknikere p\u00e5 plass<\/p>\n<p>Mandag formiddag er krimteknikere i arbeid p\u00e5 branntomta. I en kort kommentar til Bygdeposten sier de at de kommer til \u00e5 bruke dagen p\u00e5 stedet.<\/p>\n<p>\u2013 Det er krimteknikere p\u00e5 stedet, og i tillegg vil det bli tatt i bruk maskinelt utstyr for \u00e5 sikre branntomta slik at det vil v\u00e6re trygt \u00e5 gjennomf\u00f8re s\u00f8k i boligen, sier Kjell Magne Tvenge, politistasjonssjef ved H\u00f8nefoss politistasjon.<\/p>\n<p>   <img decoding=\"async\" width=\"4032\" height=\"3024\" fetchpriority=\"low\"  loading=\"lazy\"  src=\"https:\/\/www.europesays.com\/no\/wp-content\/uploads\/2026\/02\/IMG_8539.JPG\" alt=\"\" class=\"brick-c-cFOWSL\" style=\"--brick-image-ratio: 4032 \/ 3024;\"\/><\/p>\n<p>      M\u00c5 SIKRES: Gravemaskin m\u00e5 inn for \u00e5 sikre boligen ettersom det er fare for at den kan rase sammen.<br \/>\n      Foto: Boel Kristin St\u00f8vern\n    <\/p>\n","protected":false},"excerpt":{"rendered":"(Bygdeposten) S\u00f8ndag ettermiddag brant et bolighus i Holoveien i \u00c5mot i Modum. Huset var allerede i full fyr&hellip;\n","protected":false},"author":2,"featured_media":170898,"comment_status":"","ping_status":"","sticky":false,"template":"","format":"standard","meta":{"footnotes":"","_share_on_mastodon":"0"},"categories":[10],"tags":[7554,36,367,20,21,24,25,15,22,23,13,30,28,29,447,14,16,1510,26,27],"class_list":["post-171153","post","type-post","status-publish","format-standard","has-post-thumbnail","category-norge","tag-amot","tag-art","tag-brann","tag-breaking-news","tag-breakingnews","tag-featured-news","tag-featurednews","tag-headlines","tag-latest-news","tag-latestnews","tag-news","tag-no","tag-norge","tag-norway","tag-nyhet","tag-nyheter","tag-overskrifter","tag-story","tag-top-stories","tag-topstories"],"share_on_mastodon":{"url":"https:\/\/pubeurope.com\/@no\/116121096918334168","error":""},"_links":{"self":[{"href":"https:\/\/www.europesays.com\/no\/wp-json\/wp\/v2\/posts\/171153","targetHints":{"allow":["GET"]}}],"collection":[{"href":"https:\/\/www.europesays.com\/no\/wp-json\/wp\/v2\/posts"}],"about":[{"href":"https:\/\/www.europesays.com\/no\/wp-json\/wp\/v2\/types\/post"}],"author":[{"embeddable":true,"href":"https:\/\/www.europesays.com\/no\/wp-json\/wp\/v2\/users\/2"}],"replies":[{"embeddable":true,"href":"https:\/\/www.europesays.com\/no\/wp-json\/wp\/v2\/comments?post=171153"}],"version-history":[{"count":0,"href":"https:\/\/www.europesays.com\/no\/wp-json\/wp\/v2\/posts\/171153\/revisions"}],"wp:featuredmedia":[{"embeddable":true,"href":"https:\/\/www.europesays.com\/no\/wp-json\/wp\/v2\/media\/170898"}],"wp:attachment":[{"href":"https:\/\/www.europesays.com\/no\/wp-json\/wp\/v2\/media?parent=171153"}],"wp:term":[{"taxonomy":"category","embeddable":true,"href":"https:\/\/www.europesays.com\/no\/wp-json\/wp\/v2\/categories?post=171153"},{"taxonomy":"post_tag","embeddable":true,"href":"https:\/\/www.europesays.com\/no\/wp-json\/wp\/v2\/tags?post=171153"}],"curies":[{"name":"wp","href":"https:\/\/api.w.org\/{rel}","templated":true}]}}