{"id":17123,"date":"2025-08-24T22:09:50","date_gmt":"2025-08-24T22:09:50","guid":{"rendered":"https:\/\/www.europesays.com\/no\/17123\/"},"modified":"2025-08-24T22:09:50","modified_gmt":"2025-08-24T22:09:50","slug":"sport-nyheter-oskar-vant-sprinten-i-toppidrettsveka-det-her-var-en-bra-start","status":"publish","type":"post","link":"https:\/\/www.europesays.com\/no\/17123\/","title":{"rendered":"Sport, Nyheter | Oskar vant sprinten i Toppidrettsveka: \u2013 Det her var en bra start"},"content":{"rendered":"\n<p>21 \u00e5r gamle Oskar Opstad Vike av med seieren foran den franske ringreven Lucas Chanavat. Vike ble i april tatt ut p\u00e5 langrennslandslaget og imponerte stort p\u00e5 sprinten.<\/p>\n<p><b>\u2013 Det er alltid moro \u00e5 g\u00e5 med startnummer p\u00e5 brystet og ta en seier, sa unggutten, som har et m\u00e5l om \u00e5 bli en del av troppen som skal konkurrere i OL i Italia i februar.<\/b><\/p>\n<p>\u2013 OL er soleklart hovedm\u00e5let. Det her var en bra start, oppsummerte Vike.<\/p>\n<p>Johannes H\u00f8sflot Kl\u00e6b\u00f8 stilte ikke p\u00e5 sprinten. Fredag endte den seksdoble VM-vinneren fra Gran\u00e5sen p\u00e5 39.-plass p\u00e5 53-kilometeren p\u00e5 Hitra.<\/p>\n<p>Langrennssesongen settes i gang i slutten av november i Ruka. Deretter blir det verdenscuprenn i Trondheim.<\/p>\n<p>P\u00e5 kvinnesiden var svenske Dahlqvist var den eneste som kunne hindre norsk seier p\u00e5 kvinnesiden og stakk ifra sine norske konkurrenter like f\u00f8r m\u00e5l.<\/p>\n<p>Kristin Austgulen Fosn\u00e6s var n\u00e6rmest p\u00e5 2.-plass, mens Ingrid Bergene Aabrekk ble nummer tre.<\/p>\n<p>\u2013 Det kjennes kjempebra. Det er alltid litt ekstra kult \u00e5 vinne i Norge, sa Dahlqvist til NRK etter l\u00f8pet.<\/p>\n<p>  <a href=\"https:\/\/www.sb.no\/5-73-2005293\" class=\"related-teaser has-image default-story-teaser article--c-eRUmMG article--c-eRUmMG-jKCPdD-design-default\" wp_automatic_readability=\"1.5\" rel=\"nofollow noopener\" target=\"_blank\"><\/p>\n<p>    For abonnenter<\/p>\n<p>    <img decoding=\"async\" loading=\"lazy\"  src=\"https:\/\/www.europesays.com\/no\/wp-content\/uploads\/2025\/08\/IMG_1724.JPG\" alt=\"\" class=\"brick-c-cFOWSL\" style=\"\"\/><\/p>\n<p>\n            Les ogs\u00e5<\/p>\n<p>  \u2013 Jeg l\u00e5 bare og spiste middag, s\u00e5 kom de. Det var stas<\/p>\n<p>  <\/a><\/p>\n<p>  <a href=\"https:\/\/www.sb.no\/5-73-1990795\" class=\"related-teaser has-image default-story-teaser article--c-eRUmMG article--c-eRUmMG-jKCPdD-design-default\" wp_automatic_readability=\"2\" rel=\"nofollow noopener\" target=\"_blank\"><\/p>\n<p>    For abonnenter<\/p>\n<p>    <img decoding=\"async\" loading=\"lazy\"  src=\"https:\/\/www.europesays.com\/no\/wp-content\/uploads\/2025\/08\/hedvigny1.jpg\" alt=\"\" class=\"brick-c-cFOWSL\" style=\"\"\/><\/p>\n<p>\n            Les ogs\u00e5<\/p>\n<p>  Hedvig ble verdensmester i \u00e9n idrett, men satser fullt p\u00e5 en annen: \u2013 Jeg kan ikke vente med \u00e5 gi det et fors\u00f8k<\/p>\n<p>  <\/a><\/p>\n<p>  <a href=\"https:\/\/www.sb.no\/5-73-1989038\" class=\"related-teaser has-image default-story-teaser article--c-eRUmMG article--c-eRUmMG-jKCPdD-design-default\" wp_automatic_readability=\"1.5\" rel=\"nofollow noopener\" target=\"_blank\"><\/p>\n<p>    For abonnenter<\/p>\n<p>    <img decoding=\"async\" loading=\"lazy\"  src=\"https:\/\/www.europesays.com\/no\/wp-content\/uploads\/2025\/08\/cueres_scp-mangler_navn_vxl6zHv78Wk.jpg\" alt=\"\" class=\"brick-c-cFOWSL\" style=\"\"\/><\/p>\n<p>\n            Les ogs\u00e5<\/p>\n<p>  \u2013 Det er dette jeg har dr\u00f8mt om siden jeg begynte. Jeg har ikke helt klart \u00e5 ta det innover meg enn\u00e5<\/p>\n<p>  <\/a><\/p>\n","protected":false},"excerpt":{"rendered":"21 \u00e5r gamle Oskar Opstad Vike av med seieren foran den franske ringreven Lucas Chanavat. Vike ble i&hellip;\n","protected":false},"author":2,"featured_media":17124,"comment_status":"","ping_status":"","sticky":false,"template":"","format":"standard","meta":{"footnotes":""},"categories":[59],"tags":[36,30,28,29,14,83,82,1510,2570],"class_list":{"0":"post-17123","1":"post","2":"type-post","3":"status-publish","4":"format-standard","5":"has-post-thumbnail","7":"category-sport","8":"tag-art","9":"tag-no","10":"tag-norge","11":"tag-norway","12":"tag-nyheter","13":"tag-sport","14":"tag-sports","15":"tag-story","16":"tag-toppidrettsveka"},"share_on_mastodon":{"url":"","error":""},"_links":{"self":[{"href":"https:\/\/www.europesays.com\/no\/wp-json\/wp\/v2\/posts\/17123","targetHints":{"allow":["GET"]}}],"collection":[{"href":"https:\/\/www.europesays.com\/no\/wp-json\/wp\/v2\/posts"}],"about":[{"href":"https:\/\/www.europesays.com\/no\/wp-json\/wp\/v2\/types\/post"}],"author":[{"embeddable":true,"href":"https:\/\/www.europesays.com\/no\/wp-json\/wp\/v2\/users\/2"}],"replies":[{"embeddable":true,"href":"https:\/\/www.europesays.com\/no\/wp-json\/wp\/v2\/comments?post=17123"}],"version-history":[{"count":0,"href":"https:\/\/www.europesays.com\/no\/wp-json\/wp\/v2\/posts\/17123\/revisions"}],"wp:featuredmedia":[{"embeddable":true,"href":"https:\/\/www.europesays.com\/no\/wp-json\/wp\/v2\/media\/17124"}],"wp:attachment":[{"href":"https:\/\/www.europesays.com\/no\/wp-json\/wp\/v2\/media?parent=17123"}],"wp:term":[{"taxonomy":"category","embeddable":true,"href":"https:\/\/www.europesays.com\/no\/wp-json\/wp\/v2\/categories?post=17123"},{"taxonomy":"post_tag","embeddable":true,"href":"https:\/\/www.europesays.com\/no\/wp-json\/wp\/v2\/tags?post=17123"}],"curies":[{"name":"wp","href":"https:\/\/api.w.org\/{rel}","templated":true}]}}