{"id":171235,"date":"2026-02-23T19:10:12","date_gmt":"2026-02-23T19:10:12","guid":{"rendered":"https:\/\/www.europesays.com\/no\/171235\/"},"modified":"2026-02-23T19:10:12","modified_gmt":"2026-02-23T19:10:12","slug":"oppdatering-etter-skrekkskaden","status":"publish","type":"post","link":"https:\/\/www.europesays.com\/no\/171235\/","title":{"rendered":"Oppdatering etter skrekkskaden"},"content":{"rendered":"<p class=\"kicker \" style=\"\">Bod\u00f8\/Glimt i Milano:<\/p>\n<p>    Ville scener utenfor treningsfeltet til Inter. Fans stormet etter luksus-Porsche og omringet den.<\/p>\n<p>\n    ALARMEN G\u00c5R: Supporterne har f\u00e5tt \u00f8ye p\u00e5 en av Inters storfisker. Foto: Tore Ulrik Bratland\n  <\/p>\n<ul>\n<li class=\"lab-bodytext-line font-weight-bold m-font-weight-bold\" data-lab-font_weight=\"font-weight-bold\">Inter &#8211; Bod\u00f8\/Glimt, klokka 21.00 onsdag<\/li>\n<\/ul>\n<p>MILANO (Dagbladet): I noen minutter var det total galskap rett etter en rundkj\u00f8ring. Men hvem satt i bilen? Vi tar det i rekkef\u00f8lge.<\/p>\n<p>Bod\u00f8\/Glimt er i Milano og spiller historiens st\u00f8rste kamp p\u00e5 San Siro tirsdag kveld. Laget leder 3-1 over Inter. En sammenlagtseier sender dem til \u00e5ttedelsfinalen i Champions League og gir 125 millioner kroner i klubbkassa.<\/p>\n<p>    <a itemprop=\"url\" href=\"https:\/\/www.dagbladet.no\/sport\/avviste-klopp\/84276839\" rel=\"nofollow noopener\" target=\"_blank\"><\/p>\n<p>        <img loading=\"lazy\" decoding=\"async\" src=\"https:\/\/www.europesays.com\/no\/wp-content\/uploads\/2026\/02\/84277416.webp.webp\" width=\"147\" height=\"98\" title=\"Avviste Klopp\" alt=\"\" class=\"lazyload\" style=\"--aspect-ratio-image: 1.50; \"\/><\/p>\n<p>        Avviste Klopp<\/p>\n<p>    <\/a><\/p>\n<p>Dagbladet tok turen til Inters treningsfelt utenfor Milano mandag. Flere fans hadde m\u00f8tt opp for \u00e5 f\u00e5 et glimt av spillerne. Omr\u00e5det er sperret. Men da treninga var over, kom den ene lekre bilen etter den andre ut.\u00a0<\/p>\n<p>Noen av spillerne rullet ned vinduet og lot seg fotografere. Andre satte opp farten og dundret videre.<\/p>\n<p>S\u00e5 tok det full fyr. Se bildene:<\/p>\n<p>        <img loading=\"lazy\" decoding=\"async\" src=\"https:\/\/www.europesays.com\/no\/wp-content\/uploads\/2026\/02\/84278197.webp.webp\" width=\"667\" height=\"401\" title=\"1. Inter-supporter Simeone Fortebraccio (t.v.) er den f\u00f8rste som oppdager storfisken. Han signaliserer at han m\u00e5 stoppe. Foto: Tore Ulrik Bratland\" alt=\"\" class=\"\" style=\"--aspect-ratio-image: 1.66; \"\/><\/p>\n<p>\n        1. Inter-supporter Simeone Fortebraccio (t.v.) er den f\u00f8rste som oppdager storfisken. Han signaliserer at han m\u00e5 stoppe. Foto: Tore Ulrik Bratland\n    <\/p>\n<p>        <img loading=\"lazy\" decoding=\"async\" src=\"https:\/\/www.europesays.com\/no\/wp-content\/uploads\/2026\/02\/84278201.webp.webp\" width=\"667\" height=\"394\" title=\"2. N\u00e5r bilen - en luksus-Porsche - ikke stopper, l\u00f8per supporterne etter den. Foto: Tore Ulrik Bratland\" alt=\"\" class=\"\" style=\"--aspect-ratio-image: 1.69; \"\/><\/p>\n<p>\n        2. N\u00e5r bilen &#8211; en luksus-Porsche &#8211; ikke stopper, l\u00f8per supporterne etter den. Foto: Tore Ulrik Bratland\n    <\/p>\n<p>        <img loading=\"lazy\" decoding=\"async\" src=\"https:\/\/www.europesays.com\/no\/wp-content\/uploads\/2026\/02\/84278203.webp.webp\" width=\"667\" height=\"401\" title=\"3 Supporterne er i ferd med \u00e5 n\u00e5 igjen bilen. Foto: Tore Ulrik Bratland\" alt=\"\" class=\"\" style=\"--aspect-ratio-image: 1.66; \"\/><\/p>\n<p>\n        3 Supporterne er i ferd med \u00e5 n\u00e5 igjen bilen. Foto: Tore Ulrik Bratland\n    <\/p>\n<p>        <img loading=\"lazy\" decoding=\"async\" src=\"https:\/\/www.europesays.com\/no\/wp-content\/uploads\/2026\/02\/84278209.webp.webp\" width=\"667\" height=\"381\" title=\"4. Bilen stopper til slutt og supporterne stimler rundt. Foto: Tore Ulrik Bratland\" alt=\"\" class=\"\" style=\"--aspect-ratio-image: 1.75; \"\/><\/p>\n<p>\n        4. Bilen stopper til slutt og supporterne stimler rundt. Foto: Tore Ulrik Bratland\n    <\/p>\n<p>        <img loading=\"lazy\" decoding=\"async\" src=\"https:\/\/www.europesays.com\/no\/wp-content\/uploads\/2026\/02\/84278213.webp.webp\" width=\"667\" height=\"381\" title=\"5. Situasjonen er over. Supporterne har f\u00e5tt n\u00e6rkontakt med storfisken. At de stopper trafikken f\u00e5r s\u00e5 v\u00e6re. Foto: Tore Ulrik Bratland\" alt=\"\" class=\"\" style=\"--aspect-ratio-image: 1.75; \"\/><\/p>\n<p>\n        5. Situasjonen er over. Supporterne har f\u00e5tt n\u00e6rkontakt med storfisken. At de stopper trafikken f\u00e5r s\u00e5 v\u00e6re. Foto: Tore Ulrik Bratland\n    <\/p>\n<p>En Porsche i luksusklassen kom ut porten, men stoppet ikke. Fans begynte \u00e5 l\u00f8pe etter bilen. Etter 200 meter stoppet den etter en rundkj\u00f8ring. Da begynte enda flere personer \u00e5 storme etter. I noen minutter var det ren og skj\u00e6r villskap \u00abp\u00e5 pr\u00e6rien\u00bb i Italia.<\/p>\n<p>&#8211; Hvem var det? sp\u00f8r Dagbladet n\u00e5r en anpusten supporter kommer tilbake. Han m\u00e5 hente seg inn. S\u00e5 svarer han:<\/p>\n<p>&#8211; Yann Sommer.<\/p>\n<p>        <img loading=\"lazy\" decoding=\"async\" src=\"https:\/\/www.europesays.com\/no\/wp-content\/uploads\/2026\/02\/84278217.webp.webp\" width=\"667\" height=\"434\" title=\"POPUL\u00c6R: Inter-keeper Yann Sommer er en ettertraktet skikkelse. Han er f\u00f8rst og fremst kjent for tida i Borussia M\u00f6nchengladbach fra 2014 til 2023. Foto: NTB\" alt=\"\" class=\"\" style=\"--aspect-ratio-image: 1.54; \"\/><\/p>\n<p>\n        POPUL\u00c6R: Inter-keeper Yann Sommer er en ettertraktet skikkelse. Han er f\u00f8rst og fremst kjent for tida i Borussia M\u00f6nchengladbach fra 2014 til 2023. Foto: NTB\n    <\/p>\n<p>Supporteren vi sp\u00f8r, Simeone Fortebraccio, er helt vill i blikket.<\/p>\n<p class=\"italic m-italic\" data-lab-italic=\"italic\">&#8211; Hva sa han?<\/p>\n<p>&#8211; \u00abForza Inter\u00bb (heia Inter, journ. anm.).<\/p>\n<p>Yann Sommer (37) er den sveitsiske veterankeeperen som kom til Inter i 2023. Den elegante skikkelsen har bare sluppet inn 21 seriem\u00e5l denne sesongen.<\/p>\n<p class=\"italic m-italic\" data-lab-italic=\"italic\">&#8211; St\u00e5r du ofte her? sp\u00f8r vi Fortebraccio.<\/p>\n<p>&#8211; Ikke alle dager, men noen ganger.<\/p>\n<p>        <img loading=\"lazy\" decoding=\"async\" src=\"https:\/\/www.europesays.com\/no\/wp-content\/uploads\/2026\/02\/84278223.webp.webp\" width=\"667\" height=\"394\" title=\"M\u00d8TTE MEDIENE: Inter-trener Cristian Chivu (t.v.) og Federico Dimarco snakket p\u00e5 en pressekonferanse mandag. Foto: Tore Ulrik Bratland\" alt=\"\" class=\"\" style=\"--aspect-ratio-image: 1.69; \"\/><\/p>\n<p>\n        M\u00d8TTE MEDIENE: Inter-trener Cristian Chivu (t.v.) og Federico Dimarco snakket p\u00e5 en pressekonferanse mandag. Foto: Tore Ulrik Bratland\n    <\/p>\n<p>Etter spetakkelscenene tar vi turen inn p\u00e5 pressekonferansen med Inter-trener Cristian Chivu (45). Laget ligger ti poeng foran byrival AC Milan i Serie A.\u00a0<\/p>\n<p>Mange mener at de allerede har sikret seg Scudettoen, beviset p\u00e5 at du er seriemester. Men skulle de bli sl\u00e5tt av Bod\u00f8\/Glimt i Champions League, vil det ryste San Siro-giganten i grunnvollene.<\/p>\n<p>&#8211; Vi m\u00e5 ikke bli desperate etter \u00e5 score med en gang, sier Chivu.<\/p>\n<p>&#8211; Vi m\u00e5 styre kampen s\u00e5 godt vi kan og ikke bli satt ut av enkelte \u00f8yeblikk. Hvis vi skal g\u00e5 videre i playoffen, m\u00e5 vi v\u00e6re den beste utgaven av oss selv.<\/p>\n<p>    <a itemprop=\"url\" href=\"https:\/\/www.dagbladet.no\/sport\/svarer-dagbladet-jeg-ler\/84276943\" rel=\"nofollow noopener\" target=\"_blank\"><\/p>\n<p>        <img loading=\"lazy\" decoding=\"async\" src=\"https:\/\/www.europesays.com\/no\/wp-content\/uploads\/2026\/02\/1771873812_162_84277103.webp.webp\" width=\"147\" height=\"100\" title=\"Svarer Dagbladet: - Jeg ler\" alt=\"\" class=\"lazyload\" style=\"--aspect-ratio-image: 1.47; \"\/><\/p>\n<p>        Svarer Dagbladet: &#8211; Jeg ler<\/p>\n<p>    <\/a><\/p>\n<p>N\u00e5r Dagbladet sp\u00f8r om det er flaut \u00e5 bli sl\u00e5tt av et lag fra en by med 50 000 innbyggere, tar pressekonferansen fyr.<\/p>\n<p>&#8211; Jeg ler. Du skal aldri skamme deg for noe i fotball. Du skal alltid respektere motstanderen. Nei, vi m\u00e5 ikke skamme oss, sier han.<\/p>\n<p>&#8211; Vi har stor respekt for det Bod\u00f8\/Glimt har gjort. Det har de vist mot mange lag, b\u00e5de Manchester City og Borussia Dortmund. Vi respekterer alltid motstanderen. Og vi vil gi dem komplimenter for det de har skapt og gjort.<\/p>\n<p>        NUSS: Bod\u00f8\/Glimt kommer til Milano med et str\u00e5lende utgangspunkt. Spillerne var i det lekne hj\u00f8rnet da de ankom Giuseppe Meazza. Video: S\u00f8r\u00f8 Olsen\/Dagbladet TV-sporten<\/p>\n<p>Chivu p\u00e5peker:<\/p>\n<p>&#8211; De har hatt et sunt prosjekt og klare ideer, og da kan du komme veldig langt. Nei, vi skammer oss ikke over noe. Vi pr\u00f8vde \u00e5 v\u00e6re den beste versjonen av oss selv i Bod\u00f8. Men de var rett og slett bedre enn oss.<\/p>\n<p>En halv time seinere kommer vi ut fra pressekonferansen. Utenfor det sperrede omr\u00e5det st\u00e5r fansen og venter fortsatt.<\/p>\n<p>P\u00e5 neste bil.<\/p>\n","protected":false},"excerpt":{"rendered":"Bod\u00f8\/Glimt i Milano: Ville scener utenfor treningsfeltet til Inter. Fans stormet etter luksus-Porsche og omringet den. ALARMEN G\u00c5R:&hellip;\n","protected":false},"author":2,"featured_media":171236,"comment_status":"","ping_status":"","sticky":false,"template":"","format":"standard","meta":{"footnotes":"","_share_on_mastodon":"0"},"categories":[59],"tags":[30,28,29,16525,83,82,399],"class_list":["post-171235","post","type-post","status-publish","format-standard","has-post-thumbnail","category-sport","tag-no","tag-norge","tag-norway","tag-ol2026","tag-sport","tag-sports","tag-vintersport"],"share_on_mastodon":{"url":"https:\/\/pubeurope.com\/@no\/116121529637964019","error":""},"_links":{"self":[{"href":"https:\/\/www.europesays.com\/no\/wp-json\/wp\/v2\/posts\/171235","targetHints":{"allow":["GET"]}}],"collection":[{"href":"https:\/\/www.europesays.com\/no\/wp-json\/wp\/v2\/posts"}],"about":[{"href":"https:\/\/www.europesays.com\/no\/wp-json\/wp\/v2\/types\/post"}],"author":[{"embeddable":true,"href":"https:\/\/www.europesays.com\/no\/wp-json\/wp\/v2\/users\/2"}],"replies":[{"embeddable":true,"href":"https:\/\/www.europesays.com\/no\/wp-json\/wp\/v2\/comments?post=171235"}],"version-history":[{"count":0,"href":"https:\/\/www.europesays.com\/no\/wp-json\/wp\/v2\/posts\/171235\/revisions"}],"wp:featuredmedia":[{"embeddable":true,"href":"https:\/\/www.europesays.com\/no\/wp-json\/wp\/v2\/media\/171236"}],"wp:attachment":[{"href":"https:\/\/www.europesays.com\/no\/wp-json\/wp\/v2\/media?parent=171235"}],"wp:term":[{"taxonomy":"category","embeddable":true,"href":"https:\/\/www.europesays.com\/no\/wp-json\/wp\/v2\/categories?post=171235"},{"taxonomy":"post_tag","embeddable":true,"href":"https:\/\/www.europesays.com\/no\/wp-json\/wp\/v2\/tags?post=171235"}],"curies":[{"name":"wp","href":"https:\/\/api.w.org\/{rel}","templated":true}]}}