{"id":171434,"date":"2026-02-23T23:35:10","date_gmt":"2026-02-23T23:35:10","guid":{"rendered":"https:\/\/www.europesays.com\/no\/171434\/"},"modified":"2026-02-23T23:35:10","modified_gmt":"2026-02-23T23:35:10","slug":"mennesker-krever-ogsa-mye-energi","status":"publish","type":"post","link":"https:\/\/www.europesays.com\/no\/171434\/","title":{"rendered":"Mennesker krever ogs\u00e5 mye energi"},"content":{"rendered":"\n<p class=\"_lead_iz5h7_2 _lead_kyx5n_10 layout-component layout-wide layout-padded _lead_ouxa1_5 body-large _wide_ouxa1_9\">Sam Altman forsvarer energibruken AI krever.<\/p>\n<p><img alt=\"OpenAI-sjef Sam Altman p\u00e5 plass ved AI-konferansen i New Delhi.\" class=\"_image_1spwq_90 layout-component layout-wide\" data-fullscreen- data-track-element-type=\"Article image fullscreen\" data-track-name=\"ImageFullscreen\" fetchpriority=\"high\" decoding=\"sync\" loading=\"eager\" height=\"1230\" itemprop=\"image\"  src=\"https:\/\/www.europesays.com\/no\/wp-content\/uploads\/2026\/02\/8631aeaf-e089-4f0b-99f8-9d6eeef4bb9b.jpeg\"  style=\"object-position:0% 0%\" width=\"1845\"\/>OpenAI-sjef Sam Altman p\u00e5 plass ved AI-konferansen i New Delhi.  Foto: AP \/ NTBVis mer      <\/p>\n<p class=\"_paragraph_iz5h7_4 _paragraph_kyx5n_19 layout-component layout-normal layout-padded body-medium\">Altman er toppsjef i OpenAI, som st\u00e5r bak ChatGPT.<\/p>\n<p class=\"_paragraph_iz5h7_4 _paragraph_kyx5n_19 layout-component layout-normal layout-padded body-medium\">I et intervju med <a href=\"https:\/\/indianexpress.com\/article\/technology\/artificial-intelligence\/ai-energy-water-usage-sam-altman-openai-express-adda-10546154\/\" class=\"_link_iz5h7_43\" rel=\"nofollow noopener\" target=\"_blank\">The Indian Express<\/a> under AI-toppm\u00f8tet som har p\u00e5g\u00e5tt i India, trakk han paralleller mellom energibruken til et menneske og kunstig intelligens.<\/p>\n<p class=\"_paragraph_iz5h7_4 _paragraph_kyx5n_19 layout-component layout-normal layout-padded body-medium\">AI-toppen mener folk gj\u00f8r urettferdige sammenligninger n\u00e5r de snakker om hvor mye energi som kreves for \u00e5 trene en AI-modell som skal utf\u00f8re oppgaver.<\/p>\n<p class=\"_paragraph_iz5h7_4 _paragraph_kyx5n_19 layout-component layout-normal layout-padded body-medium\">\u2013 Det krever ogs\u00e5 mye energi for \u00e5 trene opp et menneske. Det tar noe s\u00e5nt som 20 \u00e5r med levd liv, og all maten du spiser f\u00f8r den tid, f\u00f8r du blir smart.<\/p>\n<p><a class=\"_link_f1clr_14\" data-track-id=\"teaser:d4n1pO\" data-track-impression=\"true\" data-track-name=\"F\u00f8r trengte han et team \u2013 n\u00e5 gj\u00f8r gr\u00fcnderen alt selv\" data-track-element-size=\"small\" data-track-element-type=\"Teaser\" data-track-image-url=\"https:\/\/www.europesays.com\/no\/wp-content\/uploads\/2026\/02\/1771889710_327_1e8bf491-286e-4537-bb42-b455466eae29.jpeg\" data-track-layout-name=\"image:right\" data-track-position-source=\"related-article\" href=\"https:\/\/e24.no\/naeringsliv\/i\/d4n1pO\/foer-trengte-han-et-team-naa-gjoer-grunderen-alt-selv\" rel=\"nofollow noopener\" target=\"_blank\"><img decoding=\"async\" alt=\"\" class=\"_image_f1clr_75\" height=\"5464\" loading=\"lazy\"  src=\"https:\/\/www.europesays.com\/no\/wp-content\/uploads\/2026\/02\/1771889710_327_1e8bf491-286e-4537-bb42-b455466eae29.jpeg\"  width=\"8192\"\/><\/p>\n<p class=\"label-small _kicker_f1clr_86\">Les ogs\u00e5<\/p>\n<p>F\u00f8r trengte han et team \u2013 n\u00e5 gj\u00f8r gr\u00fcnderen alt selv<\/a><\/p>\n<p class=\"_paragraph_iz5h7_4 _paragraph_kyx5n_19 layout-component layout-normal layout-padded body-medium\">Altman mener den rettferdige sammenligningen er hvor mye energi som kreves av opptrent modell for \u00e5 svare p\u00e5 et sp\u00f8rsm\u00e5l, sammenlignet med et menneske. I det tilfellet mener toppsjefen at AI trolig allerede har hentet inn mennesker p\u00e5 effektivitet.<\/p>\n<p class=\"_paragraph_iz5h7_4 _paragraph_kyx5n_19 layout-component layout-normal layout-padded body-medium\">OpenAI-sjefen anerkjenner samtidig at energibruken er en legitim bekymring n\u00e5r det kommer til AI. Teknologiselskapene investerer stort i datasentre som skal drive kunstig intelligens, og disse har store energibehov.<\/p>\n<p class=\"_paragraph_iz5h7_4 _paragraph_kyx5n_19 layout-component layout-normal layout-padded body-medium\">\u2013 Ikke per foresp\u00f8rsel, men totalt sett, fordi verden n\u00e5 bruker s\u00e5 mye AI. Vi m\u00e5 bevege oss mot kjernekraft eller vind- og solenergi veldig raskt, sier han til avisen.<\/p>\n","protected":false},"excerpt":{"rendered":"Sam Altman forsvarer energibruken AI krever. OpenAI-sjef Sam Altman p\u00e5 plass ved AI-konferansen i New Delhi. Foto: AP&hellip;\n","protected":false},"author":2,"featured_media":171435,"comment_status":"","ping_status":"","sticky":false,"template":"","format":"standard","meta":{"footnotes":"","_share_on_mastodon":"0"},"categories":[5],"tags":[1882,20,21,2057,24,25,15,19,467,22,23,17,18,13,30,28,29,14,173,16,174,26,27],"class_list":["post-171434","post","type-post","status-publish","format-standard","has-post-thumbnail","category-overskrifter","tag-ai","tag-breaking-news","tag-breakingnews","tag-chatgpt","tag-featured-news","tag-featurednews","tag-headlines","tag-hovedoppslag","tag-kunstig-intelligens","tag-latest-news","tag-latestnews","tag-main-news","tag-mainnews","tag-news","tag-no","tag-norge","tag-norway","tag-nyheter","tag-openai","tag-overskrifter","tag-sam-altman","tag-top-stories","tag-topstories"],"share_on_mastodon":{"url":"https:\/\/pubeurope.com\/@no\/116122571558180444","error":""},"_links":{"self":[{"href":"https:\/\/www.europesays.com\/no\/wp-json\/wp\/v2\/posts\/171434","targetHints":{"allow":["GET"]}}],"collection":[{"href":"https:\/\/www.europesays.com\/no\/wp-json\/wp\/v2\/posts"}],"about":[{"href":"https:\/\/www.europesays.com\/no\/wp-json\/wp\/v2\/types\/post"}],"author":[{"embeddable":true,"href":"https:\/\/www.europesays.com\/no\/wp-json\/wp\/v2\/users\/2"}],"replies":[{"embeddable":true,"href":"https:\/\/www.europesays.com\/no\/wp-json\/wp\/v2\/comments?post=171434"}],"version-history":[{"count":0,"href":"https:\/\/www.europesays.com\/no\/wp-json\/wp\/v2\/posts\/171434\/revisions"}],"wp:featuredmedia":[{"embeddable":true,"href":"https:\/\/www.europesays.com\/no\/wp-json\/wp\/v2\/media\/171435"}],"wp:attachment":[{"href":"https:\/\/www.europesays.com\/no\/wp-json\/wp\/v2\/media?parent=171434"}],"wp:term":[{"taxonomy":"category","embeddable":true,"href":"https:\/\/www.europesays.com\/no\/wp-json\/wp\/v2\/categories?post=171434"},{"taxonomy":"post_tag","embeddable":true,"href":"https:\/\/www.europesays.com\/no\/wp-json\/wp\/v2\/tags?post=171434"}],"curies":[{"name":"wp","href":"https:\/\/api.w.org\/{rel}","templated":true}]}}