{"id":171507,"date":"2026-02-24T02:31:09","date_gmt":"2026-02-24T02:31:09","guid":{"rendered":"https:\/\/www.europesays.com\/no\/171507\/"},"modified":"2026-02-24T02:31:09","modified_gmt":"2026-02-24T02:31:09","slug":"men-ikke-for-a-stemme","status":"publish","type":"post","link":"https:\/\/www.europesays.com\/no\/171507\/","title":{"rendered":"Men ikke for \u00e5 stemme"},"content":{"rendered":"<p><strong>New Yorks ordf\u00f8rer Zohran Mamdani f\u00e5r kritikk etter at byen krever gyldig legitimasjon og sosial\u00adsikkerhetskort for innbyggere som vil ta midlertidige jobber med sn\u00f8m\u00e5king under en varslet sn\u00f8storm. Det skriver <a href=\"https:\/\/www.foxnews.com\/opinion\/david-marcus-mamdanis-jim-crow-2-0-snow-removal-operation-requires-id\" rel=\"nofollow noopener\" target=\"_blank\">Fox News.<\/a><\/strong><\/p>\n<p>If\u00f8lge kommentatoren David Marcus inneb\u00e6rer kravet at arbeidere m\u00e5 vise b\u00e5de gyldig ID og Social Security-kort for \u00e5 kunne jobbe for kommunen. Han mener dette st\u00e5r i kontrast til argumentasjonen mange demokrater har brukt i debatten om velger-ID i USA.<\/p>\n<p>\u2013 Det absurde i denne argumentasjonen blir fullstendig avsl\u00f8rt n\u00e5r Zohran st\u00e5r p\u00e5 talerstolen og sier at folk ikke m\u00e5 glemme legitimasjon dersom de vil m\u00e5ke sn\u00f8, uten \u00e5 blunke, skriver Marcus.<\/p>\n<p><strong>Ankages for dobbelstandard<\/strong><\/p>\n<p>Ordf\u00f8reren, som tiltr\u00e5dte 1. januar 2026, har tidligere tatt til orde for en mer liberal innvandringspolitikk og uttrykt st\u00f8tte til \u00e5 avvikle f\u00f8derale immigrasjonsmyndigheter. I kommentaren stilles det sp\u00f8rsm\u00e5l ved hvorfor personer uten lovlig opphold ikke kan delta i byens sn\u00f8m\u00e5kingsarbeid, dersom de samtidig anses som en viktig del av arbeidslivet.<\/p>\n<p>\u2013 Niv\u00e5et av hykleri som vises her er oppsiktsvekkende. Mamdanis insistering p\u00e5 at papirl\u00f8se har rett til \u00e5 bo i byen uavhengig av f\u00f8deral lov, inneb\u00e6rer at han mener disse menneskene kan og b\u00f8r v\u00e6re i arbeid. Men ikke for byen?, skriver Marcus.<\/p>\n<p>Kritikken retter seg ogs\u00e5 mot det kommentatoren omtaler som inkonsekvens i synet p\u00e5 ID-krav generelt. If\u00f8lge Marcus viser saken at legitimasjonskrav anses som uproblematiske i arbeidslivet, samtidig som tilsvarende krav i valgdebatter m\u00f8tes med motstand fra deler av venstresiden.<\/p>\n","protected":false},"excerpt":{"rendered":"New Yorks ordf\u00f8rer Zohran Mamdani f\u00e5r kritikk etter at byen krever gyldig legitimasjon og sosial\u00adsikkerhetskort for innbyggere som&hellip;\n","protected":false},"author":2,"featured_media":169804,"comment_status":"","ping_status":"","sticky":false,"template":"","format":"standard","meta":{"footnotes":"","_share_on_mastodon":"0"},"categories":[12],"tags":[20,21,24,25,15,22,23,97,13,30,28,29,14,16,8129,26,27,42,43,44,45,5877],"class_list":["post-171507","post","type-post","status-publish","format-standard","has-post-thumbnail","category-verden","tag-breaking-news","tag-breakingnews","tag-featured-news","tag-featurednews","tag-headlines","tag-latest-news","tag-latestnews","tag-new-york","tag-news","tag-no","tag-norge","tag-norway","tag-nyheter","tag-overskrifter","tag-snostorm","tag-top-stories","tag-topstories","tag-verden","tag-world","tag-world-news","tag-worldnews","tag-zohran-mamdani"],"share_on_mastodon":{"url":"https:\/\/pubeurope.com\/@no\/116123263643616173","error":""},"_links":{"self":[{"href":"https:\/\/www.europesays.com\/no\/wp-json\/wp\/v2\/posts\/171507","targetHints":{"allow":["GET"]}}],"collection":[{"href":"https:\/\/www.europesays.com\/no\/wp-json\/wp\/v2\/posts"}],"about":[{"href":"https:\/\/www.europesays.com\/no\/wp-json\/wp\/v2\/types\/post"}],"author":[{"embeddable":true,"href":"https:\/\/www.europesays.com\/no\/wp-json\/wp\/v2\/users\/2"}],"replies":[{"embeddable":true,"href":"https:\/\/www.europesays.com\/no\/wp-json\/wp\/v2\/comments?post=171507"}],"version-history":[{"count":0,"href":"https:\/\/www.europesays.com\/no\/wp-json\/wp\/v2\/posts\/171507\/revisions"}],"wp:featuredmedia":[{"embeddable":true,"href":"https:\/\/www.europesays.com\/no\/wp-json\/wp\/v2\/media\/169804"}],"wp:attachment":[{"href":"https:\/\/www.europesays.com\/no\/wp-json\/wp\/v2\/media?parent=171507"}],"wp:term":[{"taxonomy":"category","embeddable":true,"href":"https:\/\/www.europesays.com\/no\/wp-json\/wp\/v2\/categories?post=171507"},{"taxonomy":"post_tag","embeddable":true,"href":"https:\/\/www.europesays.com\/no\/wp-json\/wp\/v2\/tags?post=171507"}],"curies":[{"name":"wp","href":"https:\/\/api.w.org\/{rel}","templated":true}]}}