{"id":17173,"date":"2025-08-25T03:39:08","date_gmt":"2025-08-25T03:39:08","guid":{"rendered":"https:\/\/www.europesays.com\/no\/17173\/"},"modified":"2025-08-25T03:39:08","modified_gmt":"2025-08-25T03:39:08","slug":"kritisk-mot-politietterforskningen-stemoderlig-behandlet","status":"publish","type":"post","link":"https:\/\/www.europesays.com\/no\/17173\/","title":{"rendered":"Kritisk mot politietterforskningen: \u2013 Stemoderlig behandlet"},"content":{"rendered":"\n<p class=\"_lead_1bvmi_2 _lead_xtcu6_50 layout-component text-serif-m layout-normal text-serif-l layout-component layout-wide layout-padded _wide_17hqh_1 layout-padded\">Anmeldelsen mot assistentdommeren p\u00e5 Norway Cup er henlagt. Det skaper reaksjoner.<\/p>\n<p><img alt=\"Ola Lunde er advokat for den tiltalte spanske statsborgeren. Foto: Jonas Been Henriksen \/ NTB\" class=\"_image_qp4xg_65 layout-component layout-wide\" data-fullscreen- data-track-element-type=\"Article image fullscreen\" data-track-name=\"ImageFullscreen\" fetchpriority=\"high\" decoding=\"sync\" loading=\"eager\" height=\"5464\" itemprop=\"image\"  src=\"https:\/\/www.europesays.com\/no\/wp-content\/uploads\/2025\/08\/9381fe48-e79d-4b6b-866a-5e6f3ccaca1c\"  style=\"object-position:0% 0%\" width=\"8192\"\/>Ola Lunde er advokat for den tiltalte spanske statsborgeren. Foto: Jonas Been Henriksen \/ NTB<\/p>\n<ul aria-hidden=\"true\" class=\"_images_1y6fe_106\">\n<li><a class=\"_link_1y6fe_111\" href=\"https:\/\/www.vg.no\/forfatter\/andreas-hopen\" style=\"z-index:1\" title=\"Andreas Hopen\" rel=\"nofollow noopener\" target=\"_blank\"><img alt=\"Bilde av Andreas Hopen\" class=\"_image_1y6fe_88\" fetchpriority=\"low\" loading=\"lazy\" decoding=\"async\" itemprop=\"image\"  src=\"https:\/\/www.europesays.com\/no\/wp-content\/uploads\/2025\/08\/1756093148_83_8d697287-ea03-4d54-ab67-6d65b82629eb\"  width=\"480\"\/><\/a><\/li>\n<\/ul>\n<p> Oppdatert mandag 25. august kl. 05:00    <\/p>\n<ul class=\"_list_1bvmi_3 _list_1flq1_85 _unordered_1bvmi_99 text-sans-m\">\n<li class=\"_item_1bvmi_30\">Anmeldelsen mot assistentdommeren er henlagt; forsvareren til den tiltalte reagerer.<\/li>\n<li class=\"_item_1bvmi_30\">Advokat Ola Lunde mener det ikke er etterforsket, og at et vitne ikke er avh\u00f8rt.<\/li>\n<li class=\"_item_1bvmi_30\">Politiet vil ikke kommentere; rettssaken mot den spanske statsborgeren for vold etter \u00a7 273 g\u00e5r mandag.<\/li>\n<\/ul>\n<p>Vis mer <\/p>\n<p class=\"_paragraph_1bvmi_4 _paragraph_xtcu6_10 layout-component text-serif-m layout-normal text-serif-m layout-padded\">Tirsdag forrige uke ble det tatt ut tiltale mot den spanske statsborgeren for vold mot en assistentdommer under Norway Cup. Den spanske statsborgeren er tiltalt for brudd p\u00e5 paragraf 273. \u00ab\u00c5 ha skadet en annens kropp eller helse\u00bb. <\/p>\n<p class=\"_paragraph_1bvmi_4 _paragraph_xtcu6_10 layout-component text-serif-m layout-normal text-serif-m layout-padded\">Retssaken mot den spanske statsborgeren avholdes mandag.<\/p>\n<p class=\"_paragraph_1bvmi_4 _paragraph_xtcu6_10 layout-component text-serif-m layout-normal text-serif-m layout-padded\">B\u00e5de den spanske statsborgeren og assistentdommeren var anmeldt. Saken mot assistentdommeren ble derimot henlagt.<\/p>\n<p class=\"_paragraph_1bvmi_4 _paragraph_xtcu6_10 layout-component text-serif-m layout-normal text-serif-m layout-padded\">\u2013 Det var en ventet henleggelse. Det som er gjort i den saken er at det er gjort ett avh\u00f8r av dommer og s\u00e5 er saken henlagt. Det har ikke v\u00e6rt noen etterforskning i det hele tatt. Saken er stemoderlig behandlet, sier den voldstiltalte spanjolens forsvarer Ola Lunde til VG.<\/p>\n<p class=\"_paragraph_1bvmi_4 _paragraph_xtcu6_10 layout-component text-serif-m layout-normal text-serif-m layout-padded\">Et vitne sto frem i <a href=\"https:\/\/www.vg.no\/sport\/i\/939Jed\/vitne-om-norway-cup-hendelsen-det-var-brutalt\" data-track-element-type=\"Link\" data-track-id=\"link:939Jed\" class=\"_link_1bvmi_39\" rel=\"nofollow noopener\" target=\"_blank\">VG<\/a> og fortalte om en foranledning hvor assistentdommeren var aggressiv mot flere av de unge spanjolene. Hun meldte seg til politiet for \u00e5 vitne, men har ikke blitt kalt inn. <\/p>\n<p class=\"_paragraph_1bvmi_4 _paragraph_xtcu6_10 layout-component text-serif-m layout-normal text-serif-m layout-padded\">\u2013 Jeg har videresendt det til politiet og ba dem avh\u00f8re henne, men det har politiet gitt faen i, for \u00e5 si det rett ut. Det er flere vitner som sier det samme, hevder Lunde.<\/p>\n<p class=\"_paragraph_1bvmi_4 _paragraph_xtcu6_10 layout-component text-serif-m layout-normal text-serif-m layout-padded\">Det nevnte vitnet opplyser til VG at hun fremdeles ikke har blitt innkalt til avh\u00f8r.<\/p>\n<p class=\"_paragraph_1bvmi_4 _paragraph_xtcu6_10 layout-component text-serif-m layout-normal text-serif-m layout-padded\">Politiet har blitt forelagt kritikken fra Lunde, men \u00f8nsker ikke \u00e5 kommentere saken. Advokat Lunde mener at det er to parter i konflikten.<\/p>\n<p class=\"_paragraph_1bvmi_4 _paragraph_xtcu6_10 layout-component text-serif-m layout-normal text-serif-m layout-padded\">\u2013 Det har v\u00e6rt en dommer som har hatt en d\u00e5rlig dag p\u00e5 jobben og en som aldri skulle d\u00f8mt p\u00e5 Norway Cup i det hele tatt. Det er nok av vitneforklaringer som viser at det kokte i hodet p\u00e5 ham, sier Lunde.<\/p>\n<p class=\"_paragraph_1bvmi_4 _paragraph_xtcu6_10 layout-component text-serif-m layout-normal text-serif-m layout-padded\">Han mener det er \u00abbeleilig\u00bb at dommeren ikke husker noe fra hendelsen.<\/p>\n<p class=\"_paragraph_1bvmi_4 _paragraph_xtcu6_10 layout-component text-serif-m layout-normal text-serif-m layout-padded\">\u2013 Selv sier han (dommeren) at han husker ingenting. Det er selvsagt veldig beleilig, men det kan skyldes at han g\u00e5r i bakken, selvsagt, sier Lunde f\u00f8r han fortsetter:<\/p>\n<p class=\"_paragraph_1bvmi_4 _paragraph_xtcu6_10 layout-component text-serif-m layout-normal text-serif-m layout-padded\">\u2013 At han har sl\u00e5tt seg n\u00e5r han falt er mulig, men slaget blir sagt at var med flat h\u00e5nd, hevder Lunde.<\/p>\n<p class=\"_paragraph_1bvmi_4 _paragraph_xtcu6_10 layout-component text-serif-m layout-normal text-serif-m layout-padded\">De har ikke tatt en beslutning p\u00e5 om de skal p\u00e5klage henleggelsen. <\/p>\n<p class=\"_paragraph_1bvmi_4 _paragraph_xtcu6_10 layout-component text-serif-m layout-normal text-serif-m layout-padded\">Assistentdommeren ble avh\u00f8rt 4. august har hans advokat Olle Nohlin bekreftet til VG. Han har ogs\u00e5 blitt forelagt Lundes p\u00e5stander, men \u00f8nsker ikke \u00e5 kommentere dette.<\/p>\n","protected":false},"excerpt":{"rendered":"Anmeldelsen mot assistentdommeren p\u00e5 Norway Cup er henlagt. Det skaper reaksjoner. Ola Lunde er advokat for den tiltalte&hellip;\n","protected":false},"author":2,"featured_media":17174,"comment_status":"","ping_status":"","sticky":false,"template":"","format":"standard","meta":{"footnotes":""},"categories":[59],"tags":[30,28,29,634,83,82],"class_list":{"0":"post-17173","1":"post","2":"type-post","3":"status-publish","4":"format-standard","5":"has-post-thumbnail","7":"category-sport","8":"tag-no","9":"tag-norge","10":"tag-norway","11":"tag-norway-cup","12":"tag-sport","13":"tag-sports"},"share_on_mastodon":{"url":"","error":""},"_links":{"self":[{"href":"https:\/\/www.europesays.com\/no\/wp-json\/wp\/v2\/posts\/17173","targetHints":{"allow":["GET"]}}],"collection":[{"href":"https:\/\/www.europesays.com\/no\/wp-json\/wp\/v2\/posts"}],"about":[{"href":"https:\/\/www.europesays.com\/no\/wp-json\/wp\/v2\/types\/post"}],"author":[{"embeddable":true,"href":"https:\/\/www.europesays.com\/no\/wp-json\/wp\/v2\/users\/2"}],"replies":[{"embeddable":true,"href":"https:\/\/www.europesays.com\/no\/wp-json\/wp\/v2\/comments?post=17173"}],"version-history":[{"count":0,"href":"https:\/\/www.europesays.com\/no\/wp-json\/wp\/v2\/posts\/17173\/revisions"}],"wp:featuredmedia":[{"embeddable":true,"href":"https:\/\/www.europesays.com\/no\/wp-json\/wp\/v2\/media\/17174"}],"wp:attachment":[{"href":"https:\/\/www.europesays.com\/no\/wp-json\/wp\/v2\/media?parent=17173"}],"wp:term":[{"taxonomy":"category","embeddable":true,"href":"https:\/\/www.europesays.com\/no\/wp-json\/wp\/v2\/categories?post=17173"},{"taxonomy":"post_tag","embeddable":true,"href":"https:\/\/www.europesays.com\/no\/wp-json\/wp\/v2\/tags?post=17173"}],"curies":[{"name":"wp","href":"https:\/\/api.w.org\/{rel}","templated":true}]}}