{"id":171745,"date":"2026-02-24T10:26:10","date_gmt":"2026-02-24T10:26:10","guid":{"rendered":"https:\/\/www.europesays.com\/no\/171745\/"},"modified":"2026-02-24T10:26:10","modified_gmt":"2026-02-24T10:26:10","slug":"ebba-andersson-forklarer-fallet-i-ol-stafetten","status":"publish","type":"post","link":"https:\/\/www.europesays.com\/no\/171745\/","title":{"rendered":"Ebba Andersson forklarer fallet i OL-stafetten"},"content":{"rendered":"\n<p class=\"_lead_o9xde_2 _lead_6fko5_53 layout-component text-serif-m layout-normal text-serif-l layout-component layout-wide layout-padded _wide_17hqh_1 layout-padded\">Ebba Andersson forklarer seg om det katastrofale fallet som kostet Sverige stafettgull i OL.<\/p>\n<p> <img class=\"_image_qp4xg_65 layout-component layout-wide\" data-fullscreen- data-track-element-type=\"Article image fullscreen\" data-track-name=\"ImageFullscreen\" fetchpriority=\"high\" decoding=\"sync\" loading=\"eager\" height=\"57\" itemprop=\"image\"  src=\"https:\/\/www.europesays.com\/no\/wp-content\/uploads\/2026\/02\/1771928769_312_7fcca1ac101ee51bd32cae285e1b0b66.jpg\"  style=\"object-position:50% 50%;aspect-ratio:1.75;height:auto;object-fit:cover;width:100%\" width=\"102\"\/>  <\/p>\n<ul aria-hidden=\"true\" class=\"_images_ntbth_112\">\n<li><a class=\"_link_ntbth_117\" href=\"https:\/\/www.vg.no\/forfatter\/martin-daldosso\" style=\"z-index:1\" title=\"Martin Daldosso\" rel=\"nofollow noopener\" target=\"_blank\"><img alt=\"Bilde av Martin Daldosso\" class=\"_image_ntbth_93\" fetchpriority=\"low\" loading=\"lazy\" decoding=\"async\" itemprop=\"image\"  src=\"https:\/\/www.europesays.com\/no\/wp-content\/uploads\/2026\/02\/1771928769_236_08628443-dcab-41b6-9689-17cde1613270.jpeg\"  width=\"480\"\/><\/a><\/li>\n<\/ul>\n<p> Oppdatert tirsdag 24. februar kl. 09:57    <\/p>\n<ul class=\"_list_o9xde_3 _list_64s2r_85 _unordered_o9xde_106 text-sans-m\">\n<li class=\"_item_o9xde_30\">Ebba Andersson forklarer sitt fall som kostet Sverige stafettgullet i OL.<\/li>\n<li class=\"_item_o9xde_30\">Et tidligere mindre fall gjorde henne nerv\u00f8s og bidro til det st\u00f8rre fallet.<\/li>\n<li class=\"_item_o9xde_30\">Sosiale medier har v\u00e6rt en p\u00e5minnelse om fallet.<\/li>\n<li class=\"_item_o9xde_30\">Andersson fikk revansje med gull p\u00e5 femmila, to minutter foran Heidi Weng.<\/li>\n<\/ul>\n<p>Vis mer <\/p>\n<p class=\"_paragraph_o9xde_4 _paragraph_6fko5_10 layout-component text-serif-m layout-normal text-serif-m layout-padded\">\u2013 Jeg var ikke i et s\u00e6rlig bra mental tilstand, sier Andersson til <a href=\"https:\/\/www.svt.se\/sport\/langdskidor\/ebba-anderssons-teori-om-vurpan-inte-jattebra-mentalt-tillstand\" class=\"_link_o9xde_39\" rel=\"nofollow noopener\" target=\"_blank\">SVT-programmet<\/a> \u00abMorgonstudion\u00bb.<\/p>\n<p class=\"_paragraph_o9xde_4 _paragraph_6fko5_10 layout-component text-serif-m layout-normal text-serif-m layout-padded\">Hun forklarer at et mindre fall tidligere i etappen hennes hadde gjort henne nerv\u00f8s. Andersson ledet en mindre tetgruppe best\u00e5ende av Norges Astrid \u00d8yre Slind og Italias Caterina Ganz da hun plutselig festet skien i sn\u00f8en og falt.<\/p>\n<p class=\"_paragraph_o9xde_4 _paragraph_6fko5_10 layout-component text-serif-m layout-normal text-serif-m layout-padded\">Selv om hun var raskt oppe p\u00e5 beina igjen uten \u00e5 ha mistet altfor mye tid, tror Andersson at det f\u00f8rste fallet var med p\u00e5 \u00e5 utl\u00f8se det andre, st\u00f8rre fallet.<\/p>\n<p class=\"_paragraph_o9xde_4 _paragraph_6fko5_10 layout-component text-serif-m layout-normal text-serif-m layout-padded\">\u2013 Den lille, lille hendelsen fikk kanskje enda st\u00f8rre konsekvenser.<\/p>\n<p class=\"_paragraph_o9xde_4 _paragraph_6fko5_10 layout-component text-serif-m layout-normal text-serif-m layout-padded\">\u2013 \u00c5 hele tiden kjenne at man m\u00e5 jage og ikke helt finne roen jeg trenger for \u00e5 yte mitt beste. Det er det jeg tror p\u00e5virket meg inn mot den siste utforkj\u00f8ringen, forklarer hun.<\/p>\n<p><img alt=\"Ebba Andersson falt og mistet skien p\u00e5 kvinnenes OL-stafett.  Foto: Bj\u00f8rn S. Delebekk \/ VG\" class=\"_image_qp4xg_65 layout-component layout-normal\" data-fullscreen- data-track-element-type=\"Article image fullscreen\" data-track-name=\"ImageFullscreen\" decoding=\"async\" loading=\"lazy\" height=\"2560\" itemprop=\"image\"  src=\"https:\/\/www.europesays.com\/no\/wp-content\/uploads\/2026\/02\/426ebdf7-394f-4a7c-8aa2-4ada34215f96.png\"  style=\"object-position:0% 0%\" width=\"3840\"\/>Ebba Andersson falt og mistet skien p\u00e5 kvinnenes OL-stafett.  Foto: Bj\u00f8rn S. Delebekk \/ VG<\/p>\n<p class=\"_paragraph_o9xde_4 _paragraph_6fko5_10 layout-component text-serif-m layout-normal text-serif-m layout-padded\">Den svenske langrennsstjerna forteller at bildene av fall nummer to, der hun mistet skien, har forfulgt henne p\u00e5 sosiale medier.<\/p>\n<p class=\"_paragraph_o9xde_4 _paragraph_6fko5_10 layout-component text-serif-m layout-normal text-serif-m layout-padded\">\u2013 Det var det eneste algoritmen viste meg en stund, sier hun.<\/p>\n<p class=\"_paragraph_o9xde_4 _paragraph_6fko5_10 layout-component text-serif-m layout-normal text-serif-m layout-padded\">Sverige, som var storfavoritter p\u00e5 forh\u00e5nd, m\u00e5tte ta til takke med s\u00f8lv bak Norge.<\/p>\n<p class=\"_paragraph_o9xde_4 _paragraph_6fko5_10 layout-component text-serif-m layout-normal text-serif-m layout-padded\">Andersson fikk sin revansje da hun vant gull p\u00e5 femmila i ensom majestet \u2013 hele to minutter og 15 sekunder foran Heidi Weng.<\/p>\n","protected":false},"excerpt":{"rendered":"Ebba Andersson forklarer seg om det katastrofale fallet som kostet Sverige stafettgull i OL. Oppdatert tirsdag 24. februar&hellip;\n","protected":false},"author":2,"featured_media":163419,"comment_status":"","ping_status":"","sticky":false,"template":"","format":"standard","meta":{"footnotes":"","_share_on_mastodon":"0"},"categories":[59],"tags":[2907,5413,30,28,29,526,83,82,1359],"class_list":["post-171745","post","type-post","status-publish","format-standard","has-post-thumbnail","category-sport","tag-ebba-andersson","tag-heidi-weng","tag-no","tag-norge","tag-norway","tag-ol","tag-sport","tag-sports","tag-sverige"],"share_on_mastodon":{"url":"https:\/\/pubeurope.com\/@no\/116125131724904148","error":""},"_links":{"self":[{"href":"https:\/\/www.europesays.com\/no\/wp-json\/wp\/v2\/posts\/171745","targetHints":{"allow":["GET"]}}],"collection":[{"href":"https:\/\/www.europesays.com\/no\/wp-json\/wp\/v2\/posts"}],"about":[{"href":"https:\/\/www.europesays.com\/no\/wp-json\/wp\/v2\/types\/post"}],"author":[{"embeddable":true,"href":"https:\/\/www.europesays.com\/no\/wp-json\/wp\/v2\/users\/2"}],"replies":[{"embeddable":true,"href":"https:\/\/www.europesays.com\/no\/wp-json\/wp\/v2\/comments?post=171745"}],"version-history":[{"count":0,"href":"https:\/\/www.europesays.com\/no\/wp-json\/wp\/v2\/posts\/171745\/revisions"}],"wp:featuredmedia":[{"embeddable":true,"href":"https:\/\/www.europesays.com\/no\/wp-json\/wp\/v2\/media\/163419"}],"wp:attachment":[{"href":"https:\/\/www.europesays.com\/no\/wp-json\/wp\/v2\/media?parent=171745"}],"wp:term":[{"taxonomy":"category","embeddable":true,"href":"https:\/\/www.europesays.com\/no\/wp-json\/wp\/v2\/categories?post=171745"},{"taxonomy":"post_tag","embeddable":true,"href":"https:\/\/www.europesays.com\/no\/wp-json\/wp\/v2\/tags?post=171745"}],"curies":[{"name":"wp","href":"https:\/\/api.w.org\/{rel}","templated":true}]}}