{"id":17224,"date":"2025-08-25T05:36:10","date_gmt":"2025-08-25T05:36:10","guid":{"rendered":"https:\/\/www.europesays.com\/no\/17224\/"},"modified":"2025-08-25T05:36:10","modified_gmt":"2025-08-25T05:36:10","slug":"diskuterer-ideer-for-mulige-russland-samtaler","status":"publish","type":"post","link":"https:\/\/www.europesays.com\/no\/17224\/","title":{"rendered":"Diskuterer ideer f\u00f8r mulige Russland-samtaler"},"content":{"rendered":"\n<p class=\"_lead_1bvmi_2 _lead_xtcu6_50 layout-component text-serif-m layout-normal text-serif-l layout-component layout-wide layout-padded _wide_17hqh_1 layout-padded\">Statsminister Jonas Gahr St\u00f8re (Ap) er i Ukrainas hovedstad Kyiv mandag. Han skal m\u00f8te president Volodymyr Zelenskyj f\u00f8r mulige forhandlinger med Russland. <\/p>\n<ul class=\"_gallery_1qa3s_23\" tabindex=\"0\">\n<li class=\"_item_1qa3s_37\" data-index=\"0\"><img fetchpriority=\"high\" decoding=\"async\" class=\"_image_foru8_23 _introGallery_foru8_43\" data-fullscreen- width=\"5616\" height=\"3744\" itemprop=\"image\" loading=\"eager\"  src=\"https:\/\/www.europesays.com\/no\/wp-content\/uploads\/2025\/08\/8d9e9b28-ee46-46f2-bb5f-824aa40934c5\"  style=\"object-position:50% 50%;aspect-ratio:var(--gallery-aspect-ratio, 16 \/ 9)\"\/>Statsminister Jonas Gahr St\u00f8re ble tatt i mot av president Zelenskyjs stabssjef Andrij Jermak. Statsministeren ankom den ukrainske hovedstaden tidlig mandag morgen med nattog fra Polen. Foto: Heiko Junge \/ NTB<\/li>\n<li class=\"_item_1qa3s_37\" data-index=\"1\"><img decoding=\"async\" class=\"_image_foru8_23 _introGallery_foru8_43\" data-fullscreen- width=\"5616\" height=\"3744\" itemprop=\"image\" loading=\"lazy\"  src=\"https:\/\/www.europesays.com\/no\/wp-content\/uploads\/2025\/08\/11f616f8-b464-4b99-a2ae-d1a9bbe6ea47\"  style=\"object-position:50% 50%;aspect-ratio:var(--gallery-aspect-ratio, 16 \/ 9)\"\/>Foto: Heiko Junge \/ NTB<\/li>\n<li class=\"_item_1qa3s_37\" data-index=\"2\"><img decoding=\"async\" class=\"_image_foru8_23 _introGallery_foru8_43\" data-fullscreen- width=\"4886\" height=\"3258\" itemprop=\"image\" loading=\"lazy\"  src=\"https:\/\/www.europesays.com\/no\/wp-content\/uploads\/2025\/08\/8f9f2bb4-c822-4afb-900e-0d2e579c99b0\"  style=\"object-position:50% 50%;aspect-ratio:var(--gallery-aspect-ratio, 16 \/ 9)\"\/>Foto: Heiko Junge \/ NTB<\/li>\n<\/ul>\n<p>Statsminister Jonas Gahr St\u00f8re ble tatt i mot av president Zelenskyjs stabssjef Andrij Jermak. Statsministeren ankom den ukrainske hovedstaden tidlig mandag morgen med nattog fra Polen. Foto: Heiko Junge \/ NTB<\/p>\n<ul aria-hidden=\"true\" class=\"_images_1y6fe_106\">\n<li><a class=\"_link_1y6fe_111\" href=\"https:\/\/www.vg.no\/forfatter\/alf-bjarne-johnsen\" style=\"z-index:1\" title=\"Alf Bjarne Johnsen\" rel=\"nofollow noopener\" target=\"_blank\"><img alt=\"Bilde av Alf Bjarne Johnsen\" class=\"_image_1y6fe_88\" fetchpriority=\"low\" loading=\"lazy\" decoding=\"async\" itemprop=\"image\"  src=\"https:\/\/www.europesays.com\/no\/wp-content\/uploads\/2025\/08\/1756100169_812_a8952b63-f4d3-424e-ab5c-93e67076c9b0\"  width=\"480\"\/><\/a><\/li>\n<\/ul>\n<p>rapporterer fra Kyiv  Oppdatert mandag 25. august kl. 07:28    <\/p>\n<ul class=\"_list_1bvmi_3 _list_1flq1_85 _unordered_1bvmi_99 text-sans-m\">\n<li class=\"_item_1bvmi_30\">Statsminister Jonas Gahr St\u00f8re bes\u00f8ker Kyiv og m\u00f8ter president Volodymyr Zelenskyj.<\/li>\n<li class=\"_item_1bvmi_30\">De skal diskutere forhandlinger med Russland og dele erfaringer.<\/li>\n<li class=\"_item_1bvmi_30\">St\u00f8re mener at en v\u00e5penhvile ville v\u00e6rt positivt, men det virker usannsynlig n\u00e5.<\/li>\n<li class=\"_item_1bvmi_30\">Norge og Tyskland leverer luftvern for syv milliarder kroner til Ukraina.<\/li>\n<\/ul>\n<p>Vis mer <\/p>\n<p class=\"_paragraph_1bvmi_4 _paragraph_xtcu6_10 layout-component text-serif-m layout-normal text-serif-m layout-padded\">St\u00f8re har tatt en kort pause fra den norske valgkampen for \u00e5 dra p\u00e5 sitt fjerde Ukraina-bes\u00f8k siden Russlands fullskala invasjon i 2022. <\/p>\n<p class=\"_paragraph_1bvmi_4 _paragraph_xtcu6_10 layout-component text-serif-m layout-normal text-serif-m layout-padded\">St\u00f8re fyller 65 mandag.P\u00e5 stasjonen inaktiv ble \u00abhurra for deg\u00bb spilt over h\u00f8yttaler da han kom av toget<\/p>\n<p class=\"_paragraph_1bvmi_4 _paragraph_xtcu6_10 layout-component text-serif-m layout-normal text-serif-m layout-padded\">Han forteller at Zelenskyj inviterte til Kyiv i en telefonsamtale mens <a href=\"https:\/\/www.vg.no\/nyheter\/i\/wgWW91\/stoere-19-000-bortfoerte-barn-kan-paavirke-fredssamtaler\" data-track-element-type=\"Link\" data-track-id=\"link:wgWW91\" class=\"_link_1bvmi_39\" rel=\"nofollow noopener\" target=\"_blank\">St\u00f8re drev valgkamp i Bergen sist tirsdag<\/a>. <\/p>\n<p class=\"_paragraph_1bvmi_4 _paragraph_xtcu6_10 layout-component text-serif-m layout-normal text-serif-m layout-padded\">Et viktig tema blir \u00e5 dele erfaringer om \u00e5 forhandle med Russland med den ukrainske presidenten.<\/p>\n<p class=\"_paragraph_1bvmi_4 _paragraph_xtcu6_10 layout-component text-serif-m layout-normal text-serif-m layout-padded\">Men St\u00f8re tror ikke p\u00e5 noe n\u00e6rt forest\u00e5ende m\u00f8te mellom Zelenskyj, Russlands president Vladimir Putin: <\/p>\n<p class=\"_paragraph_1bvmi_4 _paragraph_xtcu6_10 layout-component text-serif-m layout-normal text-serif-m layout-padded\">\u2013 Jeg tror ikke at dise m\u00f8tene skjer uten videre. Men vi skal v\u00e6re synlig til sted for \u00e5 st\u00f8tte Ukraina, sa St\u00f8re p\u00e5 et pressem\u00f8te i natt, p\u00e5 vei til Kyiv.<\/p>\n<p><img alt=\"P\u00c5 TOGET: Jonas Gahr St\u00f8re m\u00f8tte norske journalister f\u00f8r ankomsten til Kyiv natt til mandag.   Foto: Alf Bjarne Johnsen \/ VG\" class=\"_image_qp4xg_65 layout-component layout-normal\" data-fullscreen- data-track-element-type=\"Article image fullscreen\" data-track-name=\"ImageFullscreen\" decoding=\"async\" loading=\"lazy\" height=\"3024\" itemprop=\"image\"  src=\"https:\/\/www.europesays.com\/no\/wp-content\/uploads\/2025\/08\/b1f3746d-3122-4e6e-b179-b3d31318973c\"  style=\"object-position:0% 0%\" width=\"4032\"\/>P\u00c5 TOGET: Jonas Gahr St\u00f8re m\u00f8tte norske journalister f\u00f8r ankomsten til Kyiv natt til mandag.   Foto: Alf Bjarne Johnsen \/ VGBombingen fortsetter <\/p>\n<p class=\"_paragraph_1bvmi_4 _paragraph_xtcu6_10 layout-component text-serif-m layout-normal text-serif-m layout-padded\">\u2013 Det er ingen signaler om at den russiske presidenten viser forhandlingsvilje. Det m\u00e5 vi v\u00e6re s\u00e5 \u00e6rlig \u00e5 si.  Bombingen fortetter, sier han.<\/p>\n<p class=\"_paragraph_1bvmi_4 _paragraph_xtcu6_10 layout-component text-serif-m layout-normal text-serif-m layout-padded\"><strong class=\"_strong_1bvmi_25\">\u2013 Hva kan Norge l\u00e6re Ukraina om forhandlinger med Russland?<\/strong><\/p>\n<p class=\"_paragraph_1bvmi_4 _paragraph_xtcu6_10 layout-component text-serif-m layout-normal text-serif-m layout-padded\">\u2013 Det er ingen som er i bedre posisjon til \u00e5 forst\u00e5 det som skjer n\u00e5, enn Ukraina. Men land som Norge og Finland som grenser mot Russland, kan bidra. VI lyttes til i land i Europa som ikke har disse grensene, sier St\u00f8re.<\/p>\n<p class=\"_paragraph_1bvmi_4 _paragraph_xtcu6_10 layout-component text-serif-m layout-normal text-serif-m layout-padded\">Likevel tror St\u00f8re at Zelenskyj \u00f8nsker r\u00e5d fra land som st\u00f8tter Ukrainas forsvarskrig, og som kan ha noe \u00e5 bidra med :<\/p>\n<p class=\"_paragraph_1bvmi_4 _paragraph_xtcu6_10 layout-component text-serif-m layout-normal text-serif-m layout-padded\">\u2013 Jeg tror at han vil snakke med meg om  hvordan Ukraina skal posisjonere seg i nye diplomatiske runder, sier St\u00f8re.<\/p>\n<p class=\"_paragraph_1bvmi_4 _paragraph_xtcu6_10 layout-component text-serif-m layout-normal text-serif-m layout-padded\"><strong class=\"_strong_1bvmi_25\">\u2013 Han tester ideer p\u00e5 flere, blant annet p\u00e5 meg, om neste steg. Det tror jeg han har hatt glede av, fortetter han.<\/strong><\/p>\n<p>Gj\u00f8r forberedelser <\/p>\n<p class=\"_paragraph_1bvmi_4 _paragraph_xtcu6_10 layout-component text-serif-m layout-normal text-serif-m layout-padded\">Zelenskyj og hans toppdiplomater forbereder seg n\u00e5 grundig, <a href=\"https:\/\/www.vg.no\/nyheter\/i\/rPQqwe\/zelenskyj-aapner-opp-slik-var-moetet-med-trump\" data-track-element-type=\"Link\" data-track-id=\"link:rPQqwe\" class=\"_link_1bvmi_39\" rel=\"nofollow noopener\" target=\"_blank\">dersom det skulle bli et toppm\u00f8te<\/a> for Ukrainas president med Putin, eller med b\u00e5de Putin og USAs president Donald Trump.<\/p>\n<p class=\"_paragraph_1bvmi_4 _paragraph_xtcu6_10 layout-component text-serif-m layout-normal text-serif-m layout-padded\">Ingenting er forel\u00f8pig kjent om tid eller sted for et slikt m\u00f8te, eller om det overhodet vil finne sted som et resultat av T<a href=\"https:\/\/www.vg.no\/nyheter\/i\/W0rK8G\/trump-har-landet-i-alaska\" data-track-element-type=\"Link\" data-track-id=\"link:W0rK8G\" class=\"_link_1bvmi_39\" rel=\"nofollow noopener\" target=\"_blank\">rump-Putin toppm\u00f8tet<\/a> i Alaska for en uke siden.<\/p>\n<p class=\"_paragraph_1bvmi_4 _paragraph_xtcu6_10 layout-component text-serif-m layout-normal text-serif-m layout-padded\">Da Zelenskyj var i Washington sist s\u00f8ndag, sa han at han var klar til \u00e5 m\u00f8te Putin.<\/p>\n<p class=\"_paragraph_1bvmi_4 _paragraph_xtcu6_10 layout-component text-serif-m layout-normal text-serif-m layout-padded\">Men er Putin klar til \u00e5 m\u00f8te Zelenskyj? <\/p>\n<p class=\"_paragraph_1bvmi_4 _paragraph_xtcu6_10 layout-component text-serif-m layout-normal text-serif-m layout-padded\">F\u00f8r helgen sa Russlands utenriksminister Sergej Lavrov at det m\u00e5 gj\u00f8res <a href=\"https:\/\/www.vg.no\/nyheter\/i\/vgMrzp\/lavrov-avviser-planer-om-moete-mellom-putin-og-zelenskyj\" data-track-element-type=\"Link\" data-track-id=\"link:vgMrzp\" class=\"_link_1bvmi_39\" rel=\"nofollow noopener\" target=\"_blank\">grundige forberedelser<\/a> f\u00f8r et toppm\u00f8te kan gjennomf\u00f8res, og avviste at det er lagt konkrete planer. <\/p>\n<p><img alt=\"St\u00f8re og Zelenskyj m\u00f8ttes i Vilnius 2.juni.   Foto: Alf Bjarne Johnsen \/ VG\" class=\"_image_qp4xg_65 layout-component layout-normal\" data-fullscreen- data-track-element-type=\"Article image fullscreen\" data-track-name=\"ImageFullscreen\" decoding=\"async\" loading=\"lazy\" height=\"4284\" itemprop=\"image\"  src=\"https:\/\/www.europesays.com\/no\/wp-content\/uploads\/2025\/08\/ffac1afe-c8ec-49c4-b239-4fbc5d24a557\"  style=\"object-position:0% 0%\" width=\"5712\"\/>St\u00f8re og Zelenskyj m\u00f8ttes i Vilnius 2.juni.   Foto: Alf Bjarne Johnsen \/ VGDiplomatisk opptur <\/p>\n<p class=\"_paragraph_1bvmi_4 _paragraph_xtcu6_10 layout-component text-serif-m layout-normal text-serif-m layout-padded\">St\u00f8re sier at mye er opp til hvordan USA og Donald Trump h\u00e5ndterer denne konflikten den n\u00e6rmeste tiden: <\/p>\n<p class=\"_paragraph_1bvmi_4 _paragraph_xtcu6_10 layout-component text-serif-m layout-normal text-serif-m layout-padded\">\u2013 Det vi har sett etter at Trump kom til makten, er at han fra en kj\u00f8lig holdning, har engasjert seg mer og mer, sier St\u00f8re. <\/p>\n<p class=\"_paragraph_1bvmi_4 _paragraph_xtcu6_10 layout-component text-serif-m layout-normal text-serif-m layout-padded\">Etter toppm\u00f8tet i Alaska mellom Putin og Trump reiste Zelenskyj i all hast dro til Washington forrige mandag, sammen med en rekke europeiske toppledere.<\/p>\n<p class=\"_paragraph_1bvmi_4 _paragraph_xtcu6_10 layout-component text-serif-m layout-normal text-serif-m layout-padded\">Etter dette m\u00f8tet i Det hvite hus har det v\u00e6rt samtaler p\u00e5 kryss og tvers mellom vestlige land. Natos generalsekret\u00e6r Mark Rutte og den ferske canadiske statsministeren Mark Carney har v\u00e6rt i Kyiv de to siste dagene.  <\/p>\n<p class=\"_paragraph_1bvmi_4 _paragraph_xtcu6_10 layout-component text-serif-m layout-normal text-serif-m layout-padded\">Det jobbes ogs\u00e5 for \u00e5 opprettholde og forsterke den milit\u00e6re st\u00f8tten til Ukraina, slik at landet kan holde stand mot Russland p\u00e5 vei inn i mulige forhandlinger.<\/p>\n<p class=\"_paragraph_1bvmi_4 _paragraph_xtcu6_10 layout-component text-serif-m layout-normal text-serif-m layout-padded\">Norge og Tyskland kunngjorde at de g\u00e5r sammen og <a href=\"https:\/\/www.vg.no\/nyheter\/i\/kw7w9k\/norge-gir-luftvern-for-syv-milliarder-kroner-til-ukraina\" data-track-element-type=\"Link\" data-track-id=\"link:kw7w9k\" class=\"_link_1bvmi_39\" rel=\"nofollow noopener\" target=\"_blank\">leverer luftvern for syv milliarder kroner <\/a>om kort tid.<\/p>\n<p>\u2013 Vanskelig uten v\u00e5penhvile <\/p>\n<p class=\"_paragraph_1bvmi_4 _paragraph_xtcu6_10 layout-component text-serif-m layout-normal text-serif-m layout-padded\">St\u00f8re erkjenner at det ikke lengre ligger an til noen v\u00e5penhvile, for \u00e5 kunne starte forhandlinger uten at kampene fortsetter. Men han fastholder at det hadde v\u00e6rt en fordel:<\/p>\n<p class=\"_paragraph_1bvmi_4 _paragraph_xtcu6_10 layout-component text-serif-m layout-normal text-serif-m layout-padded\">\u2013 V\u00e5penhvile f\u00f8rst var jo en amerikansk ide, Trumps ide. Amerikanerne prioriterer ikke det n\u00e5, og det var ogs\u00e5 Russlands holdning. Det er ikke riktig at Ukraina har gitt opp det. \u00c5 sette seg ned \u00e5 forhandle mens drepingen p\u00e5g\u00e5r, er veldig vanskelig. Det er bred europeisk enighet om at ideen om v\u00e5penstillstand b\u00f8r gjentas, sier St\u00f8re, p\u00e5 vei til Kyiv natt til mandag. <\/p>\n","protected":false},"excerpt":{"rendered":"Statsminister Jonas Gahr St\u00f8re (Ap) er i Ukrainas hovedstad Kyiv mandag. Han skal m\u00f8te president Volodymyr Zelenskyj f\u00f8r&hellip;\n","protected":false},"author":2,"featured_media":17225,"comment_status":"","ping_status":"","sticky":false,"template":"","format":"standard","meta":{"footnotes":""},"categories":[12],"tags":[20,21,24,25,15,201,179,3137,22,23,13,30,28,29,14,16,26,27,42,205,488,43,44,45],"class_list":{"0":"post-17224","1":"post","2":"type-post","3":"status-publish","4":"format-standard","5":"has-post-thumbnail","7":"category-verden","8":"tag-breaking-news","9":"tag-breakingnews","10":"tag-featured-news","11":"tag-featurednews","12":"tag-headlines","13":"tag-jonas-gahr-store","14":"tag-krigen-i-ukraina","15":"tag-kyiv","16":"tag-latest-news","17":"tag-latestnews","18":"tag-news","19":"tag-no","20":"tag-norge","21":"tag-norway","22":"tag-nyheter","23":"tag-overskrifter","24":"tag-top-stories","25":"tag-topstories","26":"tag-verden","27":"tag-vgsamfunn","28":"tag-volodymyr-zelenskyj","29":"tag-world","30":"tag-world-news","31":"tag-worldnews"},"share_on_mastodon":{"url":"","error":""},"_links":{"self":[{"href":"https:\/\/www.europesays.com\/no\/wp-json\/wp\/v2\/posts\/17224","targetHints":{"allow":["GET"]}}],"collection":[{"href":"https:\/\/www.europesays.com\/no\/wp-json\/wp\/v2\/posts"}],"about":[{"href":"https:\/\/www.europesays.com\/no\/wp-json\/wp\/v2\/types\/post"}],"author":[{"embeddable":true,"href":"https:\/\/www.europesays.com\/no\/wp-json\/wp\/v2\/users\/2"}],"replies":[{"embeddable":true,"href":"https:\/\/www.europesays.com\/no\/wp-json\/wp\/v2\/comments?post=17224"}],"version-history":[{"count":0,"href":"https:\/\/www.europesays.com\/no\/wp-json\/wp\/v2\/posts\/17224\/revisions"}],"wp:featuredmedia":[{"embeddable":true,"href":"https:\/\/www.europesays.com\/no\/wp-json\/wp\/v2\/media\/17225"}],"wp:attachment":[{"href":"https:\/\/www.europesays.com\/no\/wp-json\/wp\/v2\/media?parent=17224"}],"wp:term":[{"taxonomy":"category","embeddable":true,"href":"https:\/\/www.europesays.com\/no\/wp-json\/wp\/v2\/categories?post=17224"},{"taxonomy":"post_tag","embeddable":true,"href":"https:\/\/www.europesays.com\/no\/wp-json\/wp\/v2\/tags?post=17224"}],"curies":[{"name":"wp","href":"https:\/\/api.w.org\/{rel}","templated":true}]}}