{"id":172527,"date":"2026-02-25T09:29:09","date_gmt":"2026-02-25T09:29:09","guid":{"rendered":"https:\/\/www.europesays.com\/no\/172527\/"},"modified":"2026-02-25T09:29:09","modified_gmt":"2026-02-25T09:29:09","slug":"og-na-selger-hun-mest-av-alle","status":"publish","type":"post","link":"https:\/\/www.europesays.com\/no\/172527\/","title":{"rendered":"og n\u00e5 selger hun mest av alle"},"content":{"rendered":"\n<p class=\"_paragraph_o9xde_4 _paragraph_6fko5_10 layout-component text-serif-m layout-normal text-serif-m layout-padded\">\u2013 Det er en stor glede \u00e5 se at boken selger. Jeg tror ikke jeg tidligere har sett en slik unison hyllest av en bok noen gang, i alle markeder den er utgitt, sier redakt\u00f8r og forlegger Lars R\u00f8tterud i Gyldendal. <\/p>\n<p class=\"_paragraph_o9xde_4 _paragraph_6fko5_10 layout-component text-serif-m layout-normal text-serif-m layout-padded\"><a href=\"https:\/\/www.vg.no\/rampelys\/i\/oEWyQj\/tour-de-force-bok-om-sexovergrep\" data-track-element-type=\"Link\" data-track-id=\"link:oEWyQj\" class=\"_link_o9xde_39\" rel=\"nofollow noopener\" target=\"_blank\"><strong class=\"_strong_o9xde_25\">Les VGs terningkast 6-anmeldelse her! <\/strong><\/a><\/p>\n<p class=\"_paragraph_o9xde_4 _paragraph_6fko5_10 layout-component text-serif-m layout-normal text-serif-m layout-padded\">Pelicots bok \u00abEn hyllest til livet\u00bb ble verdenslansert 17. februar og topper n\u00e5 den norske Boklista for sakprosa. Den har ogs\u00e5 s\u00e5 langt g\u00e5tt til nummer 1 i Frankrike, Tyskland, Danmark og Storbritannia. <\/p>\n<p class=\"_paragraph_o9xde_4 _paragraph_6fko5_10 layout-component text-serif-m layout-normal text-serif-m layout-padded\">Pelicot har prydet forsiden av b\u00e5de Elle og Vogue, og alt fra dronning Camilla til stjerneskuespiller Sarah Jessica Parker har hyllet boken:<\/p>\n<p><img alt=\"Foto: Naina Hel\u00e9n J\u00e5ma \/ VG\" class=\"_image_qp4xg_65 layout-component layout-normal\" data-fullscreen- data-track-element-type=\"Article image fullscreen\" data-track-name=\"ImageFullscreen\" decoding=\"async\" loading=\"lazy\" height=\"6900\" itemprop=\"image\"  src=\"https:\/\/www.europesays.com\/no\/wp-content\/uploads\/2026\/02\/6f62767f-9f49-49e6-8eac-0c4364ff0466.jpeg\"  style=\"object-position:0% 0%\" width=\"5175\"\/>Foto: Naina Hel\u00e9n J\u00e5ma \/ VG<\/p>\n<p class=\"_paragraph_o9xde_4 _paragraph_6fko5_10 layout-component text-serif-m layout-normal text-serif-m layout-padded\">I et personlig takkebrev til den franske kvinnen, skrev Storbritannias dronning at Pelicot har \u00abinspirert kvinner over hele kloden (\u2026) og skapt en mektig arv som for alltid vil endre fortellingen om skam\u00bb, if\u00f8lge<a href=\"https:\/\/www.bbc.com\/news\/articles\/ckgl9vljk13o\" class=\"_link_o9xde_39\" rel=\"nofollow noopener\" target=\"_blank\"> BBC.<\/a><\/p>\n<p class=\"_paragraph_o9xde_4 _paragraph_6fko5_10 layout-component text-serif-m layout-normal text-serif-m layout-padded\"><strong class=\"_strong_o9xde_25\">N\u00e5 bekrefter Gyldendal at <a href=\"https:\/\/www.vg.no\/tag\/gisele-pelicot?utm_source=vg-article&amp;utm_medium=auto-tagger&amp;utm_campaign=q6WK5E\" class=\"_link_o9xde_39\" rel=\"nofollow noopener\" target=\"_blank\">Gis\u00e8le Pelicot<\/a> kommer p\u00e5 Oslo-bes\u00f8k 9. juni. <\/strong><\/p>\n<p class=\"label-small label-secondary\">annonse<\/p>\n<p><img decoding=\"async\" alt=\"\" class=\"_image_1uqve_43\" loading=\"lazy\" src=\"https:\/\/images.cdn.europe-west1.gcp.commercetools.com\/b0c1af64-23c6-499f-8892-0976d37c1c31\/default-yhGStHL8.jpg\"\/><\/p>\n<p class=\"title-large _title_1uqve_54\">Kj\u00f8p boken<\/p>\n<p><strong>\u00abEn hyllest til livet\u00bb<\/strong><br \/>\nAnnonselenker <\/p>\n<p>\nDe eksterne lenkene i denne annonsen f\u00f8rer til nettbutikker der VG<br \/>\n            f\u00e5r en provisjon av eventuelle salg. Inntektene bidrar til \u00e5<br \/>\n            finansiere det journalistiske arbeidet i VG. Redaksjonen prioriterer<br \/>\n            uavhengig av dette. VGs samfunnsoppdrag og rolle som uavhengig<br \/>\n            redaksjonell gransker p\u00e5virkes derfor ikke av dette innholdet.\n<\/p>\n<p class=\"_paragraph_o9xde_4 _paragraph_6fko5_10 layout-component text-serif-m layout-normal text-serif-m layout-padded\">\u2013 Turneen til Pelicot har allerede startet, og f\u00f8rst ut etter Frankrike, var London hvor hun tok publikum med st\u00e5ende applaus. Etter hvert skal hun videre rundt i Europa og til USA, og 9. juni er hun klar for lesesalong i Universitetets aula, opplyser R\u00f8tterud til VG.<\/p>\n<p class=\"_paragraph_o9xde_4 _paragraph_6fko5_10 layout-component text-serif-m layout-normal text-serif-m layout-padded\">Gis\u00e8le Pelicot er kvinnen som ble dopet ned av sin egen mann og voldtatt av b\u00e5de ham og over 50 andre menn i nesten 10 \u00e5r \u2013 uten \u00e5 vite om det. Og som ble et ikon for kvinner over hele verden da hun \u00e5pnet rettssaken mot mannen og 50 andre menn. <\/p>\n<p class=\"_paragraph_o9xde_4 _paragraph_6fko5_10 layout-component text-serif-m layout-normal text-serif-m layout-padded\"><strong class=\"_strong_o9xde_25\">Les VGs intervju med Gis\u00e8le i Paris:<a href=\"https:\/\/www.vg.no\/rampelys\/i\/Gx3Gml\/gisele-pelicot-til-vg-om-livet-med-sexforbryteren-jeg-trodde-jeg-visste-alt-om-ham\" data-track-element-type=\"Link\" data-track-id=\"link:Gx3Gml\" class=\"_link_o9xde_39\" rel=\"nofollow noopener\" target=\"_blank\"> <\/a><\/strong><a href=\"https:\/\/www.vg.no\/rampelys\/i\/Gx3Gml\/gisele-pelicot-til-vg-om-livet-med-sexforbryteren-jeg-trodde-jeg-visste-alt-om-ham\" data-track-element-type=\"Link\" data-track-id=\"link:Gx3Gml\" class=\"_link_o9xde_39\" rel=\"nofollow noopener\" target=\"_blank\">\u2013 Da m\u00e5tte jeg forlate salen<\/a><\/p>\n<p><img alt=\"Foto: Naina Hel\u00e9n J\u00e5ma \/ VG\" class=\"_image_qp4xg_65 layout-component layout-normal\" data-fullscreen- data-track-element-type=\"Article image fullscreen\" data-track-name=\"ImageFullscreen\" decoding=\"async\" loading=\"lazy\" height=\"4931\" itemprop=\"image\"  src=\"https:\/\/www.europesays.com\/no\/wp-content\/uploads\/2026\/02\/090bb22a-804c-4985-817e-72cfd420b5f4.jpeg\"  style=\"object-position:0% 0%\" width=\"7396\"\/>Foto: Naina Hel\u00e9n J\u00e5ma \/ VG<\/p>\n<p class=\"_paragraph_o9xde_4 _paragraph_6fko5_10 layout-component text-serif-m layout-normal text-serif-m layout-padded\">Da VG m\u00f8tte den franske kvinnen i Paris tidligere denne m\u00e5neden, snakket hun litt om hvordan det er \u00e5 se sitt eget livs traume bli kunst og underholdning. I tillegg til flere b\u00f8ker, er det laget dokumentarer, en <a href=\"https:\/\/www.vg.no\/rampelys\/i\/5pnjoe\/ane-dahl-torp-og-ellen-horn-om-rystende-rettssak\" data-track-element-type=\"Link\" data-track-id=\"link:5pnjoe\" class=\"_link_o9xde_39\" rel=\"nofollow noopener\" target=\"_blank\">teateroppsetning som ogs\u00e5 skal spilles i Norge<\/a> \u2013 og det snakkes om en filmatisering. <\/p>\n<p class=\"_paragraph_o9xde_4 _paragraph_6fko5_10 layout-component text-serif-m layout-normal text-serif-m layout-padded\">\u2013 Jeg h\u00e5per bare at det som lages er trofast mot den jeg er. Men uansett: Jeg glemmer aldri hvor jeg kommer fra. \u00c5 skrive min egen historie var viktig for meg, jeg vil at folk virkelig skal forst\u00e5 hva som har skjedd med meg, forteller Pelicot til VG.<\/p>\n<p class=\"_paragraph_o9xde_4 _paragraph_6fko5_10 layout-component text-serif-m layout-normal text-serif-m layout-padded\">\u2013 Hvordan var det \u00e5 skrive \u2013 og p\u00e5 den m\u00e5ten gjenoppleve alt som skjedde?<\/p>\n<p class=\"_paragraph_o9xde_4 _paragraph_6fko5_10 layout-component text-serif-m layout-normal text-serif-m layout-padded\">\u2013 P\u00e5 en m\u00e5te har det v\u00e6rt berikende \u00e5 gj\u00f8re opp status over mitt liv, hele veien frem til mine 73 \u00e5r i dag. Men det har ogs\u00e5 v\u00e6rt veldig, veldig vondt.<\/p>\n<p class=\"_paragraph_o9xde_4 _paragraph_6fko5_10 layout-component text-serif-m layout-normal text-serif-m layout-padded\"><strong class=\"_strong_o9xde_25\">\u2013 Det er mange som sp\u00f8r: Hvordan klarer man \u00e5 reise seg etter alt dette?<\/strong><\/p>\n<p class=\"_paragraph_o9xde_4 _paragraph_6fko5_10 layout-component text-serif-m layout-normal text-serif-m layout-padded\">\u2013 Svaret mitt er at det ligger i mitt DNA. Boken handler ikke bare om meg, men om tre generasjoner kvinner: min bestemor, min mor og meg. Alle tre har gjennomlevd egne dramaer, sorger og gleder \u2013 og funnet en vei gjennom det.<\/p>\n<p class=\"_paragraph_o9xde_4 _paragraph_6fko5_10 layout-component text-serif-m layout-normal text-serif-m layout-padded\"><strong class=\"_strong_o9xde_25\">\u2013 Dette er min m\u00e5te \u00e5 la dem leve videre p\u00e5. De ga meg en livsglede, og jeg kan fortsatt kjenne gleden ved livet.<\/strong><\/p>\n<p class=\"_paragraph_o9xde_4 _paragraph_6fko5_10 layout-component text-serif-m layout-normal text-serif-m layout-padded\">Til og med Dominique Pelicot, som ble d\u00f8mt til 20 \u00e5rs fengsel, \u00f8nsker \u00e5 gi ut bok, men s\u00e5 langt har ingen forlag villet inng\u00e5 noe samarbeid, opplyser litteraturagenten Susanne Lea til VG.<\/p>\n<p><img alt=\"Gis\u00e8le Pelicot sammen med litteraturagenten Susanne Lea i Paris.   Foto: Naina Hel\u00e9n J\u00e5ma \/ VG\" class=\"_image_qp4xg_65 layout-component layout-normal\" data-fullscreen- data-track-element-type=\"Article image fullscreen\" data-track-name=\"ImageFullscreen\" decoding=\"async\" loading=\"lazy\" height=\"4365\" itemprop=\"image\"  src=\"https:\/\/www.europesays.com\/no\/wp-content\/uploads\/2026\/02\/026deb3f-a8b1-49ed-b07c-9d778e4ea3cf.jpeg\"  style=\"object-position:0% 0%\" width=\"6547\"\/>Gis\u00e8le Pelicot sammen med litteraturagenten Susanne Lea i Paris.   Foto: Naina Hel\u00e9n J\u00e5ma \/ VG<\/p>\n<p class=\"_paragraph_o9xde_4 _paragraph_6fko5_10 layout-component text-serif-m layout-normal text-serif-m layout-padded\">Gyldendal-forlegger Lars R\u00f8tterud har fulgt boken fra start til slutt: <\/p>\n<p class=\"_paragraph_o9xde_4 _paragraph_6fko5_10 layout-component text-serif-m layout-normal text-serif-m layout-padded\">\u2013 Det har v\u00e6rt nervepirrende og interessant \u00e5 f\u00f8lge prosjektet, ett og ett kapittel har blitt sendt over, boken har vokst og funnet sin form p\u00e5 en imponerende m\u00e5te. Det er jo en interessant balansegang: Grunnhistorien er dypt tragisk, samtidig forteller hun den med hjertevarme, sier R\u00f8tterud og fortsetter:<\/p>\n<p><img decoding=\"async\" alt=\"Bilde av Forlegger Lars R\u00f8tterud\" class=\"_image_148z4_25\" height=\"40\" itemprop=\"image\" loading=\"lazy\"  src=\"https:\/\/www.europesays.com\/no\/wp-content\/uploads\/2026\/02\/a3440052-5edb-4747-b982-f8903d3561a1.jpeg\"  width=\"40\"\/><strong class=\"_name_148z4_34 title-serif-xs\">Forlegger Lars R\u00f8tterud<\/strong><\/p>\n<p class=\"_paragraph_o9xde_4 _paragraph_6fko5_10 layout-component text-serif-m layout-normal text-serif-m layout-padded\">\u2013 Det de aller fleste lesere sitter igjen med, er en respekt og beundring for Gis\u00e8le Pelicots evne til \u00e5 skape et nytt liv med kj\u00e6rlighet etter overgrepene. Det at hun klarte \u00e5 se og sine overgripere i \u00f8ynene og klarer \u00e5 leve videre uten bitterhet, er ekstraordin\u00e6rt, mener R\u00f8tterud. <\/p>\n<p class=\"_paragraph_o9xde_4 _paragraph_6fko5_10 layout-component text-serif-m layout-normal text-serif-m layout-padded\">Den engelske lydboken er lest inn av skuespiller Emma Thompson, og if\u00f8lge storforlaget Penguin Random House, er dette deres raskest selgende lydbok noensinne. <\/p>\n","protected":false},"excerpt":{"rendered":"\u2013 Det er en stor glede \u00e5 se at boken selger. Jeg tror ikke jeg tidligere har sett&hellip;\n","protected":false},"author":2,"featured_media":172528,"comment_status":"","ping_status":"","sticky":false,"template":"","format":"standard","meta":{"footnotes":"","_share_on_mastodon":"0"},"categories":[12],"tags":[150,20,21,24,25,8135,15,22,23,13,30,28,29,14,16,3423,17983,26,27,42,43,44,45],"class_list":["post-172527","post","type-post","status-publish","format-standard","has-post-thumbnail","category-verden","tag-bok","tag-breaking-news","tag-breakingnews","tag-featured-news","tag-featurednews","tag-gisele-pelicot","tag-headlines","tag-latest-news","tag-latestnews","tag-news","tag-no","tag-norge","tag-norway","tag-nyheter","tag-overskrifter","tag-sakprosa","tag-seksualforbrytelser","tag-top-stories","tag-topstories","tag-verden","tag-world","tag-world-news","tag-worldnews"],"share_on_mastodon":{"url":"https:\/\/pubeurope.com\/@no\/116130569603682743","error":""},"_links":{"self":[{"href":"https:\/\/www.europesays.com\/no\/wp-json\/wp\/v2\/posts\/172527","targetHints":{"allow":["GET"]}}],"collection":[{"href":"https:\/\/www.europesays.com\/no\/wp-json\/wp\/v2\/posts"}],"about":[{"href":"https:\/\/www.europesays.com\/no\/wp-json\/wp\/v2\/types\/post"}],"author":[{"embeddable":true,"href":"https:\/\/www.europesays.com\/no\/wp-json\/wp\/v2\/users\/2"}],"replies":[{"embeddable":true,"href":"https:\/\/www.europesays.com\/no\/wp-json\/wp\/v2\/comments?post=172527"}],"version-history":[{"count":0,"href":"https:\/\/www.europesays.com\/no\/wp-json\/wp\/v2\/posts\/172527\/revisions"}],"wp:featuredmedia":[{"embeddable":true,"href":"https:\/\/www.europesays.com\/no\/wp-json\/wp\/v2\/media\/172528"}],"wp:attachment":[{"href":"https:\/\/www.europesays.com\/no\/wp-json\/wp\/v2\/media?parent=172527"}],"wp:term":[{"taxonomy":"category","embeddable":true,"href":"https:\/\/www.europesays.com\/no\/wp-json\/wp\/v2\/categories?post=172527"},{"taxonomy":"post_tag","embeddable":true,"href":"https:\/\/www.europesays.com\/no\/wp-json\/wp\/v2\/tags?post=172527"}],"curies":[{"name":"wp","href":"https:\/\/api.w.org\/{rel}","templated":true}]}}