{"id":172795,"date":"2026-02-25T15:40:19","date_gmt":"2026-02-25T15:40:19","guid":{"rendered":"https:\/\/www.europesays.com\/no\/172795\/"},"modified":"2026-02-25T15:40:19","modified_gmt":"2026-02-25T15:40:19","slug":"skuespiller-robert-carradine-71-er-dod","status":"publish","type":"post","link":"https:\/\/www.europesays.com\/no\/172795\/","title":{"rendered":"Skuespiller Robert Carradine (71) er d\u00f8d"},"content":{"rendered":"<p class=\"kicker \" style=\"\">Robert Carradine:\u00a0<\/p>\n<p>    Skuespilleren ble\u00a071 \u00e5r gammel.\u00a0<\/p>\n<p>\n    D\u00d8DE: Robert Carradine, kjent fra blant annet TV-serien \u00abLizzie McGuire\u00bb, har g\u00e5tt bort. Foto: AFF-USA \/ REX \/ SHUTTERSTOCK \/ NTB\n  <\/p>\n<p>Den amerikanske skuespilleren Robert Carradine er d\u00f8d, 71 \u00e5r gammel. Han tok sitt eget liv etter en lang kamp mot bipolar lidelse. Det melder flere medier, deriblant <a href=\"https:\/\/deadline.com\/2026\/02\/robert-carradine-dead-age-71-1236734055\/\" rel=\"nofollow noopener\" target=\"_blank\">Deadline<\/a>.\u00a0<\/p>\n<p>    <a itemprop=\"url\" href=\"https:\/\/www.dagbladet.no\/kjendis\/jeg-er-sa-overveldet\/84273066\" rel=\"nofollow noopener\" target=\"_blank\"><\/p>\n<p>        <img loading=\"lazy\" decoding=\"async\" src=\"https:\/\/www.europesays.com\/no\/wp-content\/uploads\/2026\/02\/1772034014_96_84273185.webp.webp\" width=\"147\" height=\"98\" title=\"- Jeg er s\u00e5 overveldet\" alt=\"\" class=\"lazyload\" style=\"--aspect-ratio-image: 1.50; \"\/><\/p>\n<p>        &#8211; Jeg er s\u00e5 overveldet<\/p>\n<p>    <\/a><\/p>\n<p>Carradine var den yngste s\u00f8nnen til skuespiller John Carradine og bror av skuespillerne David, Keith og Christopher Carradine. Familien har bekreftet d\u00f8dsfallet:\u00a0<\/p>\n<p>        <img loading=\"lazy\" decoding=\"async\" src=\"https:\/\/www.europesays.com\/no\/wp-content\/uploads\/2026\/02\/84279931.webp.webp\" width=\"686\" height=\"453\" title=\"FAMILIEN SAMLET: Her de fire medlemmene i \u00abMcGuire\u00bb-familien fra serien \u00abLizzie McGuire\u00bb. Serien gikk p\u00e5 TV fra 2001 til 2004. Foto: Everett Collection Inc \/ Alamy\" alt=\"\" class=\"\" style=\"--aspect-ratio-image: 1.51; \"\/><\/p>\n<p>\n        FAMILIEN SAMLET: Her de fire medlemmene i \u00abMcGuire\u00bb-familien fra serien \u00abLizzie McGuire\u00bb. Serien gikk p\u00e5 TV fra 2001 til 2004. Foto: Everett Collection Inc \/ Alamy\n    <\/p>\n<p>\u00abDet er med dyp sorg vi m\u00e5 dele at v\u00e5r elskede far, bestefar, onkel og bror Robert Carradine er g\u00e5tt bort\u00bb, sier storebror Keith i en uttalelse.\u00a0<\/p>\n<p>        KREFTSYK: Bare fire m\u00e5neder etter hun giftet seg d\u00f8de Rikke (32) av brystkreft. Video: \u00abTabu\u00bb\/ NRK TV\/ R\u00f8d L\u00f8per<\/p>\n<p>&#8211; Vil hedre ham\t<\/p>\n<p>Han fortsetter:\u00a0<\/p>\n<p class=\"font-weight-bold m-font-weight-bold\" data-lab-font_weight=\"font-weight-bold\">\u00abVi \u00f8nsker at folk skal vite om det, og det er ingen skam i det. Det er en sykdom som fikk overtaket, og jeg vil hedre ham for kampen han kjempet mot den\u00bb.\u00a0<\/p>\n<p>        <img loading=\"lazy\" decoding=\"async\" src=\"https:\/\/www.europesays.com\/no\/wp-content\/uploads\/2026\/02\/84279281.webp.webp\" width=\"667\" height=\"941\" title=\"EKSPAR: Robert Carradine her sammen med ekskona Edie Mani p\u00e5 en filmpremiere i 2004. Foto: Jim Smeal \/ BEI \/ REX \/ NTB\" alt=\"\" class=\"\" style=\"--aspect-ratio-image: 0.71; \"\/><\/p>\n<p>\n        EKSPAR: Robert Carradine her sammen med ekskona Edie Mani p\u00e5 en filmpremiere i 2004. Foto: Jim Smeal \/ BEI \/ REX \/ NTB\n    <\/p>\n<p class=\"font-weight-normal m-font-weight-normal\" data-lab-font_weight=\"font-weight-normal\"> Bipolar lidelse er en psykisk helsetilstand som kjennetegnes av ekstreme stemningssvingninger. Da opplever man perioder med mani eller hypomani, hvor hverdagen preges av h\u00f8y energi og eufori. Dette kan f\u00f8lges av perioder med depresjon, hvor lav energi og nedstemthet er vanlige kjennetegn, if\u00f8lge <a href=\"https:\/\/sml.snl.no\/bipolar_lidelse\" rel=\"nofollow noopener\" target=\"_blank\">SNL<\/a>.\u00a0<\/p>\n<p>    Trenger du noen \u00e5 snakke med?<\/p>\n<ul>\n<li>Ring 113: Ved akutt fare for selvmord, ring 113 umiddelbart. Ring heller en gang for mye enn en gang for lite.<\/li>\n<li>Mental Helse tilbyr d\u00f8gn\u00e5pen telefontjeneste og nettjeneste for alle som trenger noen \u00e5 snakke med. Ring 116 123 eller g\u00e5 inn p\u00e5\u00a0<a href=\"https:\/\/sidetmedord.mentalhelse.no\/\" rel=\"nofollow noopener\" target=\"_blank\">Sidetmedord.no<\/a>.<\/li>\n<li><a href=\"https:\/\/mentalhelseungdom.no\/fa-hjelp\/\" rel=\"nofollow noopener\" target=\"_blank\">Mental Helse Ungdom tilbyr chat<\/a>\u00a0for unge voksne som trenger noen \u00e5 snakke med.<\/li>\n<li>Kirkens SOS Norge har d\u00f8gn\u00e5pen hjelpetelefon, chat og meldingstjenestene. Ring 22 4000 40 eller g\u00e5 inn p\u00e5\u00a0<a href=\"https:\/\/www.kirkens-sos.no\/telefon\" rel=\"nofollow noopener\" target=\"_blank\">kirkens-sos.no<\/a>.<\/li>\n<\/ul>\n<p>Kilde:\u00a0<a href=\"https:\/\/www.helsenorge.no\/psykisk-helse\/trenger-du-noen-a-snakke-med\/?gad_source=1&amp;gclid=CjwKCAjwufq2BhAmEiwAnZqw8kOXj-otjPbpepM1ATjWAlnETKsaqeE2IA04nerg9YT5jM7QhqU_txoCEucQAvD_BwE\" rel=\"nofollow noopener\" target=\"_blank\">Helsenorge.no<\/a><\/p>\n<p>      Vis mer<br \/>\n      Vis mindre<\/p>\n<p>Familien beskriver Carradine som \u00abet fyrt\u00e5rn av lys\u00bb for alle rundt seg.<\/p>\n<p>\u00abVi h\u00e5per hans reise kan kaste lys over og oppmuntre til \u00e5 adressere stigmaet knyttet til psykisk sykdom. P\u00e5 dette tidspunktet ber vi om privatliv for \u00e5 s\u00f8rge over dette ufattelige tapet. Med takknemlighet for deres forst\u00e5else og medf\u00f8lelse\u00bb, heter det i uttalelsen.<\/p>\n<p>    <a itemprop=\"url\" href=\"https:\/\/www.dagbladet.no\/kjendis\/dodsarsaken-er-klar\/84211219\" rel=\"nofollow noopener\" target=\"_blank\"><\/p>\n<p>        <img loading=\"lazy\" decoding=\"async\" src=\"https:\/\/www.europesays.com\/no\/wp-content\/uploads\/2026\/02\/1772034017_754_84211211.webp.webp\" width=\"147\" height=\"98\" title=\"D\u00f8ds\u00e5rsaken er klar\" alt=\"\" class=\"lazyload\" style=\"--aspect-ratio-image: 1.50; \"\/><\/p>\n<p>        D\u00f8ds\u00e5rsaken er klar<\/p>\n<p>    <\/a><\/p>\n<p> Carradine er trolig best kjent for sin hovedrolle som Lewis Skolnick i \u00abRevenge of the Nerds\u00bb-filmene og for TV-serien \u00abLizzie McGuire\u00bb, hvor han spilte\u00a0faren Sam McGuire.\u00a0<\/p>\n<p>        <img loading=\"lazy\" decoding=\"async\" src=\"https:\/\/www.europesays.com\/no\/wp-content\/uploads\/2026\/02\/84279293.webp.webp\" width=\"686\" height=\"453\" title=\"STJERNER: Jake Thomas, Robert Carradine og Hallie Todd var alle med i den ikoniske filmen \u00abLizzie McGuire - Stjerne for en dag\u00bb i 2003. Foto: REX\" alt=\"\" class=\"\" style=\"--aspect-ratio-image: 1.51; \"\/><\/p>\n<p>\n        STJERNER: Jake Thomas, Robert Carradine og Hallie Todd var alle med i den ikoniske filmen \u00abLizzie McGuire &#8211; Stjerne for en dag\u00bb i 2003. Foto: REX\n    <\/p>\n<p>&#8211; Hjertet mitt er knust\t<\/p>\n<p>Hilary Duff (38), som spilte Lizzie og jobbet tett med Carradine, har n\u00e5 delt en uttalelse p\u00e5 Instagram.\u00a0<\/p>\n<p>\u00abDette gj\u00f8r vondt. Det er tungt \u00e5 forholde seg til denne virkeligheten om en gammel venn. Det var s\u00e5 mye varme i McGuire-familien, og jeg f\u00f8lte meg alltid s\u00e5 godt ivaretatt av mine foreldre p\u00e5 skjermen. Det vil jeg v\u00e6re evig takknemlig for\u00bb, skriver hun.\u00a0<\/p>\n<p>\u00abJeg vil v\u00e6re evig takknemlig for det. Jeg er dypt lei meg for \u00e5 h\u00f8re at Bobby led. Hjertet mitt er knust\u00bb, fortsetter hun.\u00a0<\/p>\n<p>    <a itemprop=\"url\" href=\"https:\/\/www.dagbladet.no\/kjendis\/gudfaren-stjerne-dode\/84244359\" rel=\"nofollow noopener\" target=\"_blank\"><\/p>\n<p>        <img loading=\"lazy\" decoding=\"async\" src=\"https:\/\/www.europesays.com\/no\/wp-content\/uploads\/2026\/02\/84244371.webp.webp\" width=\"147\" height=\"98\" title=\"\u00abGudfaren\u00bb-stjerne d\u00f8de\" alt=\"\" class=\"lazyload\" style=\"--aspect-ratio-image: 1.50; \"\/><\/p>\n<p>        \u00abGudfaren\u00bb-stjerne d\u00f8de<\/p>\n<p>    <\/a><\/p>\n<p>Carradine debuterte som skuespiller i 1972 sammen med John Wayne i \u00abThe Cowboys\u00bb. Han spilte seinere i Martin Scorseses \u00abMean Streets\u00bb og Hal Ashbys Oscar-vinnende \u00abComing Home\u00bb.<\/p>\n<p>Han etterlater seg tre barn, barnebarn og br\u00f8drene Ketih og Christopher Carradine.\u00a0<\/p>\n","protected":false},"excerpt":{"rendered":"Robert Carradine:\u00a0 Skuespilleren ble\u00a071 \u00e5r gammel.\u00a0 D\u00d8DE: Robert Carradine, kjent fra blant annet TV-serien \u00abLizzie McGuire\u00bb, har g\u00e5tt&hellip;\n","protected":false},"author":2,"featured_media":172796,"comment_status":"","ping_status":"","sticky":false,"template":"","format":"standard","meta":{"footnotes":"","_share_on_mastodon":"0"},"categories":[58],"tags":[4787,576,71,479,2543,17994,30,28,29,17993,3318,72],"class_list":["post-172795","post","type-post","status-publish","format-standard","has-post-thumbnail","category-underholdning","tag-dode","tag-dodsfall","tag-entertainment","tag-kjendis","tag-kjendisdesken","tag-lizzie-mcguire","tag-no","tag-norge","tag-norway","tag-robert-carradine","tag-skuespiller","tag-underholdning"],"share_on_mastodon":{"url":"https:\/\/pubeurope.com\/@no\/116132028412222158","error":""},"_links":{"self":[{"href":"https:\/\/www.europesays.com\/no\/wp-json\/wp\/v2\/posts\/172795","targetHints":{"allow":["GET"]}}],"collection":[{"href":"https:\/\/www.europesays.com\/no\/wp-json\/wp\/v2\/posts"}],"about":[{"href":"https:\/\/www.europesays.com\/no\/wp-json\/wp\/v2\/types\/post"}],"author":[{"embeddable":true,"href":"https:\/\/www.europesays.com\/no\/wp-json\/wp\/v2\/users\/2"}],"replies":[{"embeddable":true,"href":"https:\/\/www.europesays.com\/no\/wp-json\/wp\/v2\/comments?post=172795"}],"version-history":[{"count":0,"href":"https:\/\/www.europesays.com\/no\/wp-json\/wp\/v2\/posts\/172795\/revisions"}],"wp:featuredmedia":[{"embeddable":true,"href":"https:\/\/www.europesays.com\/no\/wp-json\/wp\/v2\/media\/172796"}],"wp:attachment":[{"href":"https:\/\/www.europesays.com\/no\/wp-json\/wp\/v2\/media?parent=172795"}],"wp:term":[{"taxonomy":"category","embeddable":true,"href":"https:\/\/www.europesays.com\/no\/wp-json\/wp\/v2\/categories?post=172795"},{"taxonomy":"post_tag","embeddable":true,"href":"https:\/\/www.europesays.com\/no\/wp-json\/wp\/v2\/tags?post=172795"}],"curies":[{"name":"wp","href":"https:\/\/api.w.org\/{rel}","templated":true}]}}