{"id":17292,"date":"2025-08-25T06:47:08","date_gmt":"2025-08-25T06:47:08","guid":{"rendered":"https:\/\/www.europesays.com\/no\/17292\/"},"modified":"2025-08-25T06:47:08","modified_gmt":"2025-08-25T06:47:08","slug":"hoyreekstrem-gruppe-tar-over-russiske-byer-star-kreml-naermest","status":"publish","type":"post","link":"https:\/\/www.europesays.com\/no\/17292\/","title":{"rendered":"H\u00f8yreekstrem gruppe tar over russiske byer: \u2013 St\u00e5r Kreml n\u00e6rmest"},"content":{"rendered":"\n<p class=\"_paragraph_1bvmi_4 _paragraph_xtcu6_10 layout-component text-serif-m layout-normal text-serif-m layout-padded\">Mens russiske politifolk sendes til fronten i Ukraina, fylles gatetomrommet av h\u00f8yreekstreme, viser flere videoer VG har gjennomg\u00e5tt.<\/p>\n<p class=\"_paragraph_1bvmi_4 _paragraph_xtcu6_10 layout-component text-serif-m layout-normal text-serif-m layout-padded\">Blant dem skiller \u00e9n gruppe seg ut: Russkaja Obsjtsjina \u2013 \u00abDet russiske fellesskapet\u00bb. <\/p>\n<p class=\"_paragraph_1bvmi_4 _paragraph_xtcu6_10 layout-component text-serif-m layout-normal text-serif-m layout-padded\">Med vold som varemerke og \u00e5pen st\u00f8tte fra politi og FSB opptrer de som uoffisielle ordensmakter.<\/p>\n<p class=\"_paragraph_1bvmi_4 _paragraph_xtcu6_10 layout-component text-serif-m layout-normal text-serif-m layout-padded\">\u2013 Trolig den mest popul\u00e6re ultranasjonalistiske gruppen i landet, og den som st\u00e5r Kreml n\u00e6rmest, sier Aage Borchgrevink, seniorr\u00e5dgiver i Helsingforskomiteen, til VG.<\/p>\n<p>Politiet mangler folk<\/p>\n<p class=\"_paragraph_1bvmi_4 _paragraph_xtcu6_10 layout-component text-serif-m layout-normal text-serif-m layout-padded\">Noen byer og tettsteder i <a href=\"https:\/\/www.vg.no\/tag\/russland?utm_source=vg-article&amp;utm_medium=auto-tagger&amp;utm_campaign=pPyRJj\" class=\"_link_1bvmi_39\" rel=\"nofollow noopener\" target=\"_blank\">Russland<\/a> mangler n\u00e5 opptil halvparten av sine patrulje- og vakthavende politibetjenter, og kriminaliteten er \u00f8kende, rapporterer <a href=\"https:\/\/www.wsj.com\/world\/russia\/nationalist-vigilantes-are-now-policing-russias-streets-02732125?mod=hp_lead_pos8\" class=\"_link_1bvmi_39\" rel=\"nofollow noopener\" target=\"_blank\">The Wall Street Journal<\/a>.<\/p>\n<p class=\"_paragraph_1bvmi_4 _paragraph_xtcu6_10 layout-component text-serif-m layout-normal text-serif-m layout-padded\">Mange politibetjenter har forlatt sine stillinger for \u00e5 tjene h\u00f8yere l\u00f8nninger ved \u00e5 kjempe i krigen i Ukraina.<\/p>\n<p class=\"_paragraph_1bvmi_4 _paragraph_xtcu6_10 layout-component text-serif-m layout-normal text-serif-m layout-padded\">I dette vakuumet har nasjonalistiske grupper \u2013 ofte med stor voldskapital \u2013 tatt over politioppgaver i flere russiske byer. <\/p>\n<p class=\"_paragraph_1bvmi_4 _paragraph_xtcu6_10 layout-component text-serif-m layout-normal text-serif-m layout-padded\">Gruppen har lagt ut en rekke videoer hvor de gjennomf\u00f8rer alt fra patruljering, til n\u00e6rkamp \u2013 og her, v\u00e5pendrill:<\/p>\n<p class=\"_paragraph_1bvmi_4 _paragraph_xtcu6_10 layout-component text-serif-m layout-normal text-serif-m layout-padded\">En sentral akt\u00f8r er Russkaja Obsjtsjina, kjent for \u00e5 tvinge personer de anser som \u00abupassende\u00bb til offentlige unnskyldninger, samt for \u00e5 konfrontere og angripe innvandrere. <\/p>\n<p class=\"_paragraph_1bvmi_4 _paragraph_xtcu6_10 layout-component text-serif-m layout-normal text-serif-m layout-padded\">Gruppen har n\u00e5 rundt 150 regionale avdelinger, over \u00e9n million f\u00f8lgere p\u00e5 YouTube og store f\u00f8lgerskarer p\u00e5 VKontakte og Telegram. <\/p>\n<p class=\"_paragraph_1bvmi_4 _paragraph_xtcu6_10 layout-component text-serif-m layout-normal text-serif-m layout-padded\">\u2013 Forskjellen fra mindre grupper er f\u00f8rst og fremst st\u00f8rrelsen \u2013 og at de ser ut til \u00e5 v\u00e6re beskyttet av staten, p\u00e5peker Borchgrevink, som baserer seg p\u00e5 russiske kilder.<\/p>\n<p><img decoding=\"async\" alt=\"Bilde av Aage Borchgrevink\" class=\"_image_ygndg_42\" height=\"27\" itemprop=\"image\" loading=\"lazy\"  src=\"https:\/\/www.europesays.com\/no\/wp-content\/uploads\/2025\/08\/b08fccde-2fcb-4082-85e7-1b0a16a35246\"  width=\"40\"\/><strong class=\"_name_ygndg_51 title-serif-xs\">Aage Borchgrevink<\/strong><\/p>\n<p class=\"_paragraph_1bvmi_4 text-sans-m _description_ygndg_56\">seniorr\u00e5dgiver i Helsingforskomiteen<\/p>\n<p class=\"_paragraph_1bvmi_4 _paragraph_xtcu6_10 layout-component text-serif-m layout-normal text-serif-m layout-padded\">\u2013 De koordinerer ofte aksjoner med politi eller FSB, noe som gj\u00f8r at de kan operere mer \u00e5pent og bruke forbindelsene som et maktsymbol.<\/p>\n<p><img alt=\"\" class=\"_image_qp4xg_65 layout-component layout-normal\" data-fullscreen- data-track-element-type=\"Article image fullscreen\" data-track-name=\"ImageFullscreen\" decoding=\"async\" loading=\"lazy\" height=\"960\" itemprop=\"image\"  src=\"https:\/\/www.europesays.com\/no\/wp-content\/uploads\/2025\/08\/973c9d45-1247-4dcf-9f5e-7890cb56a330\"  style=\"object-position:0% 0%\" width=\"1280\"\/><\/p>\n<p class=\"_paragraph_1bvmi_4 _paragraph_xtcu6_10 layout-component text-serif-m layout-normal text-serif-m layout-padded\">I byen Surgut i Vest-Sibir har gruppen lagt ut video hvor de er \u00e5pen om at de deltar i aksjon mot migranter, ledet av FSB- og lokalt politi. I videoen skryter de av \u00e5 p\u00e5gripe over 300 personer.<\/p>\n<p class=\"_paragraph_1bvmi_4 _paragraph_xtcu6_10 layout-component text-serif-m layout-normal text-serif-m layout-padded\">Blant annet i Sverdlovsk-regionen, hvor trafikkpolitiet kunngjorde 11. juni i \u00e5r, p\u00e5 <a href=\"https:\/\/vk.com\/gibdd_66?w=wall-212261625_4460\" class=\"_link_1bvmi_39\" rel=\"nofollow noopener\" target=\"_blank\">VK Signal<\/a>, en russisk versjon av Facebook, at \u00abfrivillige\u00bb fra Russkaya Obsjtsjina skulle delta i deres patruljer i mer enn 20 byer.<\/p>\n<p class=\"_paragraph_1bvmi_4 _paragraph_xtcu6_10 layout-component text-serif-m layout-normal text-serif-m layout-padded\">I en annen video gruppen har publisert, innledes en sl\u00e5sskamp med flere deltagere. Rundt st\u00e5r folk og ser p\u00e5:<\/p>\n<p class=\"_paragraph_1bvmi_4 _paragraph_xtcu6_10 layout-component text-serif-m layout-normal text-serif-m layout-padded\">VG har fulgt gruppens aktivitet gjennom sosiale medier over en lengre periode. <\/p>\n<p class=\"_paragraph_1bvmi_4 _paragraph_xtcu6_10 layout-component text-serif-m layout-normal text-serif-m layout-padded\">Gjennom materialet de publiserer, tegnes et bilde av hvem de sikter seg inn p\u00e5: innvandrere, muslimer og LHBTQ-personer.<\/p>\n<p class=\"text-sans-m _label_16v91_20\">Russkaya Obsjtsjina<\/p>\n<p> metoder og voldshendelser Ryazan og Chita: Tvang frem \u00abUnnskyld\u00bb p\u00e5 video<\/p>\n<p class=\"_paragraph_1bvmi_4 _paragraph_xtcu6_10 _paragraph_16v91_10 layout-component text-serif-m layout-normal text-sans-m layout-padded\" itemprop=\"text\">I Ryazan tvang de en lokal mann til \u00e5 spille inn en <a href=\"https:\/\/www.youtube.com\/watch?v=k5QP7-DhXQ8\" class=\"_link_1bvmi_39\" rel=\"nofollow noopener\" target=\"_blank\">unnskyldningsvideo<\/a> etter at han angivelig hadde \u00abforn\u00e6rmet en russisk jente\u00bb.<\/p>\n<p class=\"_paragraph_1bvmi_4 _paragraph_xtcu6_10 _paragraph_16v91_10 layout-component text-serif-m layout-normal text-sans-m layout-padded\" itemprop=\"text\">I en lignende hendelse i Chita tvang de frem en unnskyldning fra en \u00abmigrant-taxisj\u00e5f\u00f8r\u00bb, if\u00f8lge en <a href=\"https:\/\/www.chita.ru\/text\/gorod\/2024\/05\/04\/73540394\/\" class=\"_link_1bvmi_39\" rel=\"nofollow noopener\" target=\"_blank\">lokalavis<\/a>.<\/p>\n<p class=\"_paragraph_1bvmi_4 _paragraph_xtcu6_10 _paragraph_16v91_10 layout-component text-serif-m layout-normal text-sans-m layout-padded\" itemprop=\"text\">Medlemmer av \u00abDet russiske samfunnet\u00bb sporet opp taxisj\u00e5f\u00f8ren og gjennomf\u00f8rte det de beskriver som en \u00aboppdragende samtale\u00bb med ham, if\u00f8lge lokalavisen.<\/p>\n<p>Kovrov: Grov vold mot ten\u00e5ring<\/p>\n<p class=\"_paragraph_1bvmi_4 _paragraph_xtcu6_10 _paragraph_16v91_10 layout-component text-serif-m layout-normal text-sans-m layout-padded\" itemprop=\"text\">I mai \u00e5pnet etterforskere i Vladimir-regionen en straffesak mot tre Russkaya Obsjtsjina-medlemmer, <a href=\"https:\/\/meduza.io\/news\/2025\/05\/28\/vo-vladimirskoy-oblasti-zaderzhali-troih-chlenov-russkoy-obschiny-po-delu-o-pohischenii-i-pytkah\" class=\"_link_1bvmi_39\" rel=\"nofollow noopener\" target=\"_blank\">anklaget for \u00e5 ha angrepet en 18-\u00e5ring<\/a> i byen Kovrov. Trioen skal angivelig ha dratt offeret til skogen, hvor de bandt ham, banket ham i flere timer og truet ham med drap og voldtekt.<\/p>\n<p>Vsevolozhsk: D\u00f8dsbrann<\/p>\n<p class=\"_paragraph_1bvmi_4 _paragraph_xtcu6_10 _paragraph_16v91_10 layout-component text-serif-m layout-normal text-sans-m layout-padded\" itemprop=\"text\">Flere medlemmer skal ha stormet en leilighet utenfor St. Petersburg. Hendelsen utl\u00f8ste slagsm\u00e5l og en brann som tok livet av en 37 \u00e5r gammel armensk statsborger. <\/p>\n<p class=\"_paragraph_1bvmi_4 _paragraph_xtcu6_10 _paragraph_16v91_10 layout-component text-serif-m layout-normal text-sans-m layout-padded\" itemprop=\"text\">En kvinne ble alvorlig skadet da hun hoppet ut av vinduet for \u00e5 unnslippe flammene. Medlemmene ble kun avh\u00f8rt som vitner, if\u00f8lge den uavhengige avisen <a href=\"https:\/\/www.fontanka.ru\/2025\/05\/06\/75424592\/\" class=\"_link_1bvmi_39\" rel=\"nofollow noopener\" target=\"_blank\">Fontanka.<\/a><\/p>\n<p class=\"_paragraph_1bvmi_4 _paragraph_xtcu6_10 layout-component text-serif-m layout-normal text-serif-m layout-padded\">\u2013 Migranter fra Sentral-Asia lever n\u00e5 i et klima av frykt \u2013 presset b\u00e5de ovenfra av myndighetene og nedenfra av slike grupper, sier Borchgrevink og viser til hvordan frykten \u00f8kte etter <a href=\"https:\/\/www.vg.no\/nyheter\/i\/GMzWpB\/moskva-terroren-slik-var-angrepet\" data-track-element-type=\"Link\" data-track-id=\"link:GMzWpB\" class=\"_link_1bvmi_39\" rel=\"nofollow noopener\" target=\"_blank\">terrorangrepet p\u00e5 Crocus-senteret<\/a> i Moskva.<\/p>\n<p class=\"_paragraph_1bvmi_4 _paragraph_xtcu6_10 layout-component text-serif-m layout-normal text-serif-m layout-padded\">\u2013 Samtidig lukker politiet \u00f8ynene n\u00e5r slike grupper g\u00e5r l\u00f8s p\u00e5 folk. For s\u00e5rbare grupper som allerede var utsatt, f\u00f8les situasjonen enda mer utrygg enn f\u00f8r.<\/p>\n<p>FSB st\u00e5r bak<\/p>\n<p class=\"_paragraph_1bvmi_4 _paragraph_xtcu6_10 layout-component text-serif-m layout-normal text-serif-m layout-padded\">If\u00f8lge kilder n\u00e6r Putins administrasjon er Russkaya Obsjtsjina et \u00abprosjekt fra byr\u00e5et\u00bb \u2013 med andre ord beskyttet av FSB.<\/p>\n<p class=\"_paragraph_1bvmi_4 _paragraph_xtcu6_10 layout-component text-serif-m layout-normal text-serif-m layout-padded\">\u2013 I slike organisasjoner er to av ti informanter, og to av hundre er FSB-ansatte, hevder en FSB-kilde til Meduza.<\/p>\n<p class=\"_paragraph_1bvmi_4 _paragraph_xtcu6_10 layout-component text-serif-m layout-normal text-serif-m layout-padded\">Flere medlemmer har v\u00e6rt \u00e5pne om koblingen til sikkerhetsmyndighetene. I juni 2024 fortalte Pavel Omelnitsky fra gruppens Yaroslavl-celle til <a href=\"https:\/\/www.bbc.com\/russian\/articles\/cxrrd7x0353o\" class=\"_link_1bvmi_39\" rel=\"nofollow noopener\" target=\"_blank\">BBC Russian<\/a> at han \u00abkoordinerer aktiviteter\u00bb med b\u00e5de FSB og etterforskningskomiteen.<\/p>\n<p><img alt=\"Russiske politimenn vokter foran hovedkvarteret til Russlands f\u00f8derale sikkerhetstjenesten (FSB) p\u00e5 Lubjanka-plassen i Moskva.  Foto: MAXIM SHIPENKOV \/ EPA \/ NTB\" class=\"_image_qp4xg_65 layout-component layout-normal\" data-fullscreen- data-track-element-type=\"Article image fullscreen\" data-track-name=\"ImageFullscreen\" decoding=\"async\" loading=\"lazy\" height=\"3028\" itemprop=\"image\"  src=\"https:\/\/www.europesays.com\/no\/wp-content\/uploads\/2025\/08\/1c59893a-58d6-4f90-ac50-9e3f777a1797\"  style=\"object-position:0% 0%\" width=\"4445\"\/>Russiske politimenn vokter foran hovedkvarteret til Russlands f\u00f8derale sikkerhetstjenesten (FSB) p\u00e5 Lubjanka-plassen i Moskva.  Foto: MAXIM SHIPENKOV \/ EPA \/ NTB<\/p>\n<p class=\"_paragraph_1bvmi_4 _paragraph_xtcu6_10 layout-component text-serif-m layout-normal text-serif-m layout-padded\">En annen FSB-kilde sier til <a href=\"https:\/\/meduza.io\/en\/feature\/2025\/06\/24\/the-bureau-s-niche-project\" class=\"_link_1bvmi_39\" rel=\"nofollow noopener\" target=\"_blank\">Meduza<\/a> at tjenesten ikke bare kontrollerer gruppen, men ogs\u00e5 overv\u00e5ket etableringen av den. Gruppen skal ha v\u00e6rt del av et korrupsjonsnettverk knyttet til FSBs antiterroravdeling, den s\u00e5kalte \u00abAndre Tjenesten\u00bb.<\/p>\n<p class=\"_paragraph_1bvmi_4 _paragraph_xtcu6_10 layout-component text-serif-m layout-normal text-serif-m layout-padded\">N\u00e5r staten gir grupper som Russkaja Obsjtsjina st\u00f8tte eller beskyttelse, er det et tydelig signal om at utsatte grupper ikke kan forvente rettssikkerhet, p\u00e5peker Borchgrevink:<\/p>\n<p class=\"_paragraph_1bvmi_4 _paragraph_xtcu6_10 layout-component text-serif-m layout-normal text-serif-m layout-padded\">\u2013 Folk har d\u00f8dd under razziaer uten at gruppen er holdt ansvarlig. Det som f\u00f8r var en d\u00e5rlig skjult sannhet, er n\u00e5 tydelig: De f\u00e5r operere fritt.<\/p>\n<p>\u00d8kt fremmedfiendtlighet<\/p>\n<p class=\"_paragraph_1bvmi_4 _paragraph_xtcu6_10 layout-component text-serif-m layout-normal text-serif-m layout-padded\">Russkaya Obsjtsjina har eksistert i flere \u00e5r, men fikk \u00f8kt oppmerksomhet etter terrorangrepet p\u00e5 Crocus City Hall i 2024. <\/p>\n<p class=\"_paragraph_1bvmi_4 _paragraph_xtcu6_10 layout-component text-serif-m layout-normal text-serif-m layout-padded\">Angrepet bidro til \u00f8kt hets og vold mot sentralasiatiske migranter, if\u00f8lge menneskerettighetsgrupper og medier.<\/p>\n<p class=\"_paragraph_1bvmi_4 _paragraph_xtcu6_10 layout-component text-serif-m layout-normal text-serif-m layout-padded\">Samtidig har russiske myndigheter strammet inn overfor fremmedarbeidere \u2013 til tross for at landet er avhengig av migranter i m\u00f8te med befolkningsnedgang og arbeidskraftmangel.<\/p>\n<p><img alt=\"\u00abI helgen bruker br\u00f8drene v\u00e5re fritiden sin p\u00e5 \u00e5 st\u00f8tte h\u00e6ren v\u00e5r\u00bb, heter det i et av innleggene til gruppen.  Foto: Det russiske fellesskapet \/ Telegram\" class=\"_image_qp4xg_65 layout-component layout-normal\" data-fullscreen- data-track-element-type=\"Article image fullscreen\" data-track-name=\"ImageFullscreen\" decoding=\"async\" loading=\"lazy\" height=\"960\" itemprop=\"image\"  src=\"https:\/\/www.europesays.com\/no\/wp-content\/uploads\/2025\/08\/88c8124d-d387-4b7d-b9d2-896cbefeb42e\"  style=\"object-position:0% 0%\" width=\"1280\"\/>\u00abI helgen bruker br\u00f8drene v\u00e5re fritiden sin p\u00e5 \u00e5 st\u00f8tte h\u00e6ren v\u00e5r\u00bb, heter det i et av innleggene til gruppen.  Foto: Det russiske fellesskapet \/ Telegram<\/p>\n<p class=\"_paragraph_1bvmi_4 _paragraph_xtcu6_10 layout-component text-serif-m layout-normal text-serif-m layout-padded\">If\u00f8lge Meduza er Russkaya Obsjtsjina et \u00abnisjeprosjekt\u00bb underlagt sikkerhetstjenestene. <\/p>\n<p class=\"_paragraph_1bvmi_4 _paragraph_xtcu6_10 layout-component text-serif-m layout-normal text-serif-m layout-padded\">Hensikten skal v\u00e6re \u00e5 aktivere nasjonalister som \u00abvil handle\u00bb, men uten \u00e5 tiltrekke offentlig oppmerksomhet.<\/p>\n<p class=\"_paragraph_1bvmi_4 _paragraph_xtcu6_10 layout-component text-serif-m layout-normal text-serif-m layout-padded\">\u2013 Den st\u00f8rste risikoen er \u00f8kende etnisk polarisering. Mister staten kontrollen, kan gruppen handle uavhengig og utfordre myndighetene \u2013 som Wagner-gruppen gjorde. Hva Kreml anser som \u00abfor langt\u00bb, er uklart, sier Borchgrevink.<\/p>\n","protected":false},"excerpt":{"rendered":"Mens russiske politifolk sendes til fronten i Ukraina, fylles gatetomrommet av h\u00f8yreekstreme, viser flere videoer VG har gjennomg\u00e5tt.&hellip;\n","protected":false},"author":2,"featured_media":17293,"comment_status":"","ping_status":"","sticky":false,"template":"","format":"standard","meta":{"footnotes":""},"categories":[12],"tags":[20,21,24,25,3147,15,179,22,23,13,30,28,29,14,16,188,26,27,42,43,44,45],"class_list":{"0":"post-17292","1":"post","2":"type-post","3":"status-publish","4":"format-standard","5":"has-post-thumbnail","7":"category-verden","8":"tag-breaking-news","9":"tag-breakingnews","10":"tag-featured-news","11":"tag-featurednews","12":"tag-fsb","13":"tag-headlines","14":"tag-krigen-i-ukraina","15":"tag-latest-news","16":"tag-latestnews","17":"tag-news","18":"tag-no","19":"tag-norge","20":"tag-norway","21":"tag-nyheter","22":"tag-overskrifter","23":"tag-russland","24":"tag-top-stories","25":"tag-topstories","26":"tag-verden","27":"tag-world","28":"tag-world-news","29":"tag-worldnews"},"share_on_mastodon":{"url":"","error":""},"_links":{"self":[{"href":"https:\/\/www.europesays.com\/no\/wp-json\/wp\/v2\/posts\/17292","targetHints":{"allow":["GET"]}}],"collection":[{"href":"https:\/\/www.europesays.com\/no\/wp-json\/wp\/v2\/posts"}],"about":[{"href":"https:\/\/www.europesays.com\/no\/wp-json\/wp\/v2\/types\/post"}],"author":[{"embeddable":true,"href":"https:\/\/www.europesays.com\/no\/wp-json\/wp\/v2\/users\/2"}],"replies":[{"embeddable":true,"href":"https:\/\/www.europesays.com\/no\/wp-json\/wp\/v2\/comments?post=17292"}],"version-history":[{"count":0,"href":"https:\/\/www.europesays.com\/no\/wp-json\/wp\/v2\/posts\/17292\/revisions"}],"wp:featuredmedia":[{"embeddable":true,"href":"https:\/\/www.europesays.com\/no\/wp-json\/wp\/v2\/media\/17293"}],"wp:attachment":[{"href":"https:\/\/www.europesays.com\/no\/wp-json\/wp\/v2\/media?parent=17292"}],"wp:term":[{"taxonomy":"category","embeddable":true,"href":"https:\/\/www.europesays.com\/no\/wp-json\/wp\/v2\/categories?post=17292"},{"taxonomy":"post_tag","embeddable":true,"href":"https:\/\/www.europesays.com\/no\/wp-json\/wp\/v2\/tags?post=17292"}],"curies":[{"name":"wp","href":"https:\/\/api.w.org\/{rel}","templated":true}]}}