{"id":173410,"date":"2026-02-26T10:34:35","date_gmt":"2026-02-26T10:34:35","guid":{"rendered":"https:\/\/www.europesays.com\/no\/173410\/"},"modified":"2026-02-26T10:34:35","modified_gmt":"2026-02-26T10:34:35","slug":"trafikk-alta-snoskred-skredfare-og-uvaer-rammer-veinettet","status":"publish","type":"post","link":"https:\/\/www.europesays.com\/no\/173410\/","title":{"rendered":"Trafikk, Alta | Sn\u00f8skred, skredfare og uv\u00e6r rammer veinettet"},"content":{"rendered":"\n<p><b>SISTE: Ny vurdering av E6 Langfjord gj\u00f8res klokken 14.<\/b><\/p>\n<p>D\u00e5rlig v\u00e6r, sn\u00f8skred og skredfare har f\u00f8rt til veistengninger og utfordrende kj\u00f8reforhold i deler av Finnmark. Spesielt Alta-omr\u00e5det er hardt rammet, hvor b\u00e5de E6 og en fylkesvei er stengt.<\/p>\n<p>Veitrafikksentralen melder om krevende forhold for reisende tidlig torsdag morgen. E6 Sennalandet var stengt p\u00e5 grunn av uv\u00e6r, men veien er n\u00e5 \u00e5pnet for fri ferdsel like etter klokken syv.<\/p>\n<p>I den andre enden av Alta-regionen skapte et sn\u00f8skred onsdag kveld ytterligere problemer. E6 i Langfjord ble stengt som f\u00f8lge av skredet, og veien blir vurdert p\u00e5 nytt klokken 10.00. Samtidig er fylkesvei 8830 mellom Skillefjordbotn og Skillefjordnes stengt p\u00e5 grunn av skredfare, og den vurderes p\u00e5 nytt klokken 10.<\/p>\n<p>Problemene strekker seg ogs\u00e5 utover Alta. I Hammerfest-omr\u00e5det er fergeavganger fra Str\u00f8msnes til Kjerringholmen innstilt inntil videre p\u00e5 grunn av d\u00e5rlig v\u00e6r.<\/p>\n<p>P\u00e5 Nordkinnhalv\u00f8ya er flere strekninger stengt, blant annet veien over Hopseidet og Mehamnelv bru, samt strekningen mellom Hopseidet og Skj\u00e5nes. I tillegg kj\u00f8res det n\u00e5 i kolonne mellom Bekkarfjord og Hopseide. Et lite sn\u00f8skred har ogs\u00e5 g\u00e5tt p\u00e5 fylkesvei 888 ved Store Auskarneset, hvor ett kj\u00f8refelt er ber\u00f8rt.<\/p>\n<p>Ogs\u00e5 over Ifjordfjellet m\u00e5 bilistene kj\u00f8re i kolonne denne torsdag morgenen. Det samme gjelder for kolonnekj\u00f8ring p\u00e5 Mager\u00f8ya, p\u00e5 strekningen fra Gjesv\u00e6rkrysset til Skankebukta. E69 opp til Nordkapplat\u00e5et er stengt.<\/p>\n<p>Senlandia melder p\u00e5 sin <a href=\"https:\/\/snelandia.no\/trafikkmeldinger\/\" rel=\"Follow nofollow noopener\" target=\"_blank\">nettside <\/a>om flere kansellerte bussavganger, deriblant mellom Honningsv\u00e5g og Alta, S\u00f8rv\u00e6r og Breivikbotn, Ystenes og Bognelv, samt flere fergeavganger i Alta-omr\u00e5det.<\/p>\n<p>Slik ser det ut langs veiene<\/p>\n<p>Nedenfor finner du veikameraene til Statens vegvesen. De oppdateres jevnlig og viser hvordan det ser ut p\u00e5 veiene akkurat n\u00e5.<\/p>\n<p>Alta<\/p>\n<p><b>E6 Langfjordbotn<\/b><\/p>\n<p><b>E6 Storvikeidet<\/b><\/p>\n<p><b>E6 Alta vest<\/b><\/p>\n<p><b>Fv. 7990 \u00d8vre Alta bru<\/b><\/p>\n<p><b>Fv. 8830 Maribukt veibom<\/b><\/p>\n<p><b>E6 Levddon<\/b><\/p>\n<p>    Hammerfest<\/p>\n<p><b>E6 Sennalandet\/Aisaroaivi<\/b><\/p>\n<p><b>Rv. 94 Leirvik bom<\/b><\/p>\n<p><b>Rv. 94 Skj\u00e5holmen<\/b><\/p>\n<p>    M\u00e5s\u00f8y<\/p>\n<p><b>Selvikh\u00f8yden<\/b><\/p>\n<p>    Nordkapp<\/p>\n<p><b>E69 Vedbotn <\/b><\/p>\n<p><b>E69 Kam\u00f8yv\u00e6rkrysset<\/b><\/p>\n<p><b>E69 Skarsv\u00e5gkrysset<\/b><\/p>\n<p>    Porsanger<\/p>\n<p><b>E6 Gj\u00f8kenes<\/b><\/p>\n<p>    Kautokeino<\/p>\n<p><b>E45 Aidejavri<\/b><\/p>\n<p>    Karasjok<\/p>\n<p><b>Rv. 92 Suossjavri<\/b><\/p>\n<p><b>Rv. 92 Karigasniemi<\/b><\/p>\n<p><b>E6 Barta<\/b><\/p>\n<p>    Tana<\/p>\n<p><b>E75 Roavvegiedde<\/b><\/p>\n<p><b>E6 Tana bru Fossebakken<\/b><\/p>\n<p>    Gamvik<\/p>\n<p><b>Fv. 888 Hopseidet<\/b><\/p>\n<p><b>Fv. 894 Kifjord\/Dyfjord<\/b><\/p>\n<p><b>Fv. 888 Mehamnelv bru<\/b><\/p>\n<p><b>Fv. 888 Mehamn<\/b><\/p>\n<p>    Berlev\u00e5g<\/p>\n<p><b>Fv. 890 Gednje<\/b><\/p>\n<p><b>Fv. 890 Kongsfjord<\/b><\/p>\n<p>    Vard\u00f8<\/p>\n<p><b>E75 Komagv\u00e6r<\/b><\/p>\n<p><b>E75 Vads\u00f8 Vest<\/b><\/p>\n<p><b>E75 <\/b><b>Domen<\/b><\/p>\n<p><b>E75 Kiberg vegbom<\/b><\/p>\n<p><b>E75 Svartnes<\/b><\/p>\n<p>    Nesseby<\/p>\n<p><b>E6 Varangerbotn vest<\/b><\/p>\n<p><b>E6 Nyelv<\/b><\/p>\n<p><b>E6 Gandvikbakken<\/b><\/p>\n<p>    S\u00f8r-Varanger<\/p>\n<p><b>Rv. 92 \u00d8vre Neiden<\/b><\/p>\n<p><b>E6 H\u00f8ybuktmoen<\/b><\/p>\n<p><b>E6 Kirkenes s\u00f8r<\/b><\/p>\n<p><b>E105 Storskog<\/b><\/p>\n<p><b>Fv. 8850 Vaggatem<\/b><\/p>\n","protected":false},"excerpt":{"rendered":"SISTE: Ny vurdering av E6 Langfjord gj\u00f8res klokken 14. D\u00e5rlig v\u00e6r, sn\u00f8skred og skredfare har f\u00f8rt til veistengninger&hellip;\n","protected":false},"author":2,"featured_media":11753,"comment_status":"","ping_status":"","sticky":false,"template":"","format":"standard","meta":{"footnotes":"","_share_on_mastodon":"0"},"categories":[10],"tags":[215,36,20,21,24,25,5522,2058,15,22,23,5046,13,30,28,29,447,14,16,1510,26,27,224],"class_list":["post-173410","post","type-post","status-publish","format-standard","has-post-thumbnail","category-norge","tag-alta","tag-art","tag-breaking-news","tag-breakingnews","tag-featured-news","tag-featurednews","tag-gamvik","tag-hammerfest","tag-headlines","tag-latest-news","tag-latestnews","tag-lebesby","tag-news","tag-no","tag-norge","tag-norway","tag-nyhet","tag-nyheter","tag-overskrifter","tag-story","tag-top-stories","tag-topstories","tag-trafikk"],"share_on_mastodon":{"url":"https:\/\/pubeurope.com\/@no\/116136487597114048","error":""},"_links":{"self":[{"href":"https:\/\/www.europesays.com\/no\/wp-json\/wp\/v2\/posts\/173410","targetHints":{"allow":["GET"]}}],"collection":[{"href":"https:\/\/www.europesays.com\/no\/wp-json\/wp\/v2\/posts"}],"about":[{"href":"https:\/\/www.europesays.com\/no\/wp-json\/wp\/v2\/types\/post"}],"author":[{"embeddable":true,"href":"https:\/\/www.europesays.com\/no\/wp-json\/wp\/v2\/users\/2"}],"replies":[{"embeddable":true,"href":"https:\/\/www.europesays.com\/no\/wp-json\/wp\/v2\/comments?post=173410"}],"version-history":[{"count":0,"href":"https:\/\/www.europesays.com\/no\/wp-json\/wp\/v2\/posts\/173410\/revisions"}],"wp:featuredmedia":[{"embeddable":true,"href":"https:\/\/www.europesays.com\/no\/wp-json\/wp\/v2\/media\/11753"}],"wp:attachment":[{"href":"https:\/\/www.europesays.com\/no\/wp-json\/wp\/v2\/media?parent=173410"}],"wp:term":[{"taxonomy":"category","embeddable":true,"href":"https:\/\/www.europesays.com\/no\/wp-json\/wp\/v2\/categories?post=173410"},{"taxonomy":"post_tag","embeddable":true,"href":"https:\/\/www.europesays.com\/no\/wp-json\/wp\/v2\/tags?post=173410"}],"curies":[{"name":"wp","href":"https:\/\/api.w.org\/{rel}","templated":true}]}}