{"id":173427,"date":"2026-02-26T10:53:18","date_gmt":"2026-02-26T10:53:18","guid":{"rendered":"https:\/\/www.europesays.com\/no\/173427\/"},"modified":"2026-02-26T10:53:18","modified_gmt":"2026-02-26T10:53:18","slug":"bjorn-martin-larsen-49-er-dod","status":"publish","type":"post","link":"https:\/\/www.europesays.com\/no\/173427\/","title":{"rendered":"Bj\u00f8rn Martin Larsen (49) er d\u00f8d"},"content":{"rendered":"<p>    De kjempet imot i m\u00e5nedsvis. N\u00e5 m\u00e5 Bill og Hillary Clinton forklare seg om Epstein-koblingen.<\/p>\n<p>\n    ENIG I AT DET IKKE SER S\u00c5 BRA UT:)?: Bill Clinton p\u00e5 ett av flere bilder i de mye omtalte Epstein-filene. Foto: Det amerikanske justisdepartementet\n  <\/p>\n<p>    Kort fortalt<\/p>\n<ul lang=\"nb-NO\">\n<li>Clinton-ekteparet vitner i Epstein-granskingen etter press fra Kongressen.<\/li>\n<li>Hillary og Bill Clinton m\u00f8ter bak lukkede d\u00f8rer i Chappaqua, New York.<\/li>\n<li>De forbereder seg p\u00e5 lange avh\u00f8r om Epstein-relaterte temaer.<\/li>\n<li>Saken har skapt splittelse blant demokratene og bekymring blant Trump-lojalister.<\/li>\n<\/ul>\n<p class=\"italic ai-disclaimer\" data-lab-italic=\"italic\">Sammendraget er laget av ChatGPT og godkjent av Dagbladet.<\/p>\n<p>      Vis mer<br \/>\n      Vis mindre<\/p>\n<p>Et kvart \u00e5rhundre etter at de forlot Det hvite hus, st\u00e5r Bill Clinton (79) og Hillary Clinton (78) foran nok et juridisk oppgj\u00f8r med republikanske kongressmedlemmer.\u00a0<\/p>\n<p>    <a itemprop=\"url\" href=\"https:\/\/www.dagbladet.no\/kjendis\/star-i-et-umenneskelig-press\/84288143\" rel=\"nofollow noopener\" target=\"_blank\"><\/p>\n<p>        <img loading=\"lazy\" decoding=\"async\" src=\"https:\/\/www.europesays.com\/no\/wp-content\/uploads\/2026\/02\/1772103189_754_84288235.webp.webp\" width=\"147\" height=\"98\" title=\"- St\u00e5r i et umenneskelig press\" alt=\"\" class=\"lazyload\" style=\"--aspect-ratio-image: 1.50; \"\/><\/p>\n<p>        &#8211; St\u00e5r i et umenneskelig press<\/p>\n<p>    <\/a><\/p>\n<p>Torsdag og fredag skal de forklare seg i Representantenes hus\u2019 gransking av Jeffrey Epstein.<\/p>\n<p>Dette skjer bak lukkede d\u00f8rer i ekteparets bolig hjemme i\u00a0Chappaqua, New York.<\/p>\n<ul>\n<li class=\"lab-bodytext-line\">Hillary Clinton vitner torsdag 26. februar.<\/li>\n<li class=\"lab-bodytext-line\">Bill Clinton vitner fredag 27. februar.\u00a0<\/li>\n<\/ul>\n<p>        <img loading=\"lazy\" decoding=\"async\" src=\"https:\/\/www.europesays.com\/no\/wp-content\/uploads\/2026\/02\/70365787.webp.webp\" width=\"686\" height=\"460\" title=\"POWER COUPLE: Hillary og Bill Clinton ankommer vestfronten av Kongressen i Washington 20. januar 2017 under innsettelsen av Donald Trump som USAs 45. president. Foto: Win McNamee \/ Pool via AP\" alt=\"\" class=\"\" style=\"--aspect-ratio-image: 1.49; \"\/><\/p>\n<p>\n        POWER COUPLE: Hillary og Bill Clinton ankommer vestfronten av Kongressen i Washington 20. januar 2017 under innsettelsen av Donald Trump som USAs 45. president. Foto: Win McNamee \/ Pool via AP\n    <\/p>\n<p class=\"font-weight-normal m-font-weight-normal\" data-lab-font_weight=\"font-weight-normal\">Avh\u00f8rene skjer bak lukkede d\u00f8rer, filmes og skal etter planen offentliggj\u00f8res i l\u00f8pet av f\u00e5 dager.<\/p>\n<p class=\"font-weight-bold m-font-weight-bold\" data-lab-font_weight=\"font-weight-bold\">At de i det hele tatt m\u00f8ter, skaper store overskrifter i USA.<\/p>\n<p>        Et nytt temabord p\u00e5 Norli har f\u00e5tt flere til \u00e5 reagere. Video: Sander Aadalen \/ Christina Holen Korneliussen \/ NTB \/ Storyblocks<\/p>\n<p>Kjempet hardt<\/p>\n<p>I m\u00e5nedsvis kjempet paret mot \u00e5 bli avh\u00f8rt og kalte prosessen politisk motivert.\u00a0<\/p>\n<p>Tidligere denne m\u00e5neden anklaget Hillary Clinton Trump-administrasjonen <a href=\"https:\/\/www.dagbladet.no\/nyheter\/vi-brukes-som-avledning\/84246084\" rel=\"nofollow noopener\" target=\"_blank\">for \u00e5 skjule Epstein-filer<\/a>. <\/p>\n<p>&#8211; Vi brukes som avledning, hevdet hun.<\/p>\n<p>    <a itemprop=\"url\" href=\"https:\/\/www.dagbladet.no\/nyheter\/vi-brukes-som-avledning\/84246084\" rel=\"nofollow noopener\" target=\"_blank\"><\/p>\n<p>        <img loading=\"lazy\" decoding=\"async\" src=\"https:\/\/www.europesays.com\/no\/wp-content\/uploads\/2026\/02\/84247157.webp.webp\" width=\"147\" height=\"98\" title=\"- Vi brukes som avledning\" alt=\"\" class=\"lazyload\" style=\"--aspect-ratio-image: 1.50; \"\/><\/p>\n<p>        &#8211; Vi brukes som avledning<\/p>\n<p>    <\/a><\/p>\n<p>F\u00f8rst da Kongressen beveget seg mot en tverrpolitisk avstemning om \u00e5 holde dem i strafferettslig forakt for ikke \u00e5 m\u00f8te, ga de etter.<\/p>\n<p>&#8211; Clinton-paret har overgitt seg fullstendig, sa komit\u00e9leder James Comer etter at de i siste liten godtok vilk\u00e5rene.<\/p>\n<p>        <img loading=\"lazy\" decoding=\"async\" src=\"https:\/\/www.europesays.com\/no\/wp-content\/uploads\/2026\/02\/84174179.webp.webp\" width=\"686\" height=\"453\" title=\"I DET HVITE HUS: Jeffrey Epstein og Ghislaine Maxwell sammen med dav\u00e6rende president Bill Clinton under et arrangement i Det hvite hus i 1993. Foto: The William J. Clinton Presidential Library \/ MEGA\" alt=\"\" class=\"\" style=\"--aspect-ratio-image: 1.51; \"\/><\/p>\n<p>\n        I DET HVITE HUS: Jeffrey Epstein og Ghislaine Maxwell sammen med dav\u00e6rende president Bill Clinton under et arrangement i Det hvite hus i 1993. Foto: The William J. Clinton Presidential Library \/ MEGA\n    <\/p>\n<p>Forbereder seg p\u00e5 lang dag<\/p>\n<p>If\u00f8lge <a href=\"https:\/\/edition.cnn.com\/2026\/02\/25\/politics\/how-bill-hillary-clinton-are-preparing-depositions-jeffrey-epstein\" rel=\"nofollow noopener\" target=\"_blank\">CNN <\/a>har ekteparet trukket seg tilbake for \u00e5 forberede seg \u2013 b\u00e5de sammen og hver for seg.<\/p>\n<p>De skal angivelig friske opp hukommelsen om \u00abEpstein-\u00e5ra\u00bb og legge en strategi mot det de antar blir beinharde sp\u00f8rsm\u00e5l.<\/p>\n<p>Begge har v\u00e6rt i m\u00f8ter med sine advokater, David Kendall og Cheryl Mills.\u00a0<\/p>\n<p class=\"font-weight-bold m-font-weight-bold\" data-lab-font_weight=\"font-weight-bold\">For Bill Clinton kan det bli en heftig \u00f8kt. Epstein-assosierte Les Wexner satt i avh\u00f8r i over fem timer forrige uke. Kilder sier til nyhetskanalen at Clintons avh\u00f8r kan vare enda lenger.<\/p>\n<p>    <a itemprop=\"url\" href=\"https:\/\/www.dagbladet.no\/nyheter\/familien-tordner-ekstremt-sokt\/84290212\" rel=\"nofollow noopener\" target=\"_blank\"><\/p>\n<p>        <img loading=\"lazy\" decoding=\"async\" src=\"https:\/\/www.europesays.com\/no\/wp-content\/uploads\/2026\/02\/84290238.webp.webp\" width=\"980\" height=\"441\" title=\"Familien tordner: - Ekstremt s\u00f8kt\" alt=\"\" class=\"lazyload\" style=\"--aspect-ratio-image: 2.22; \"\/><\/p>\n<p>        Familien tordner: &#8211; Ekstremt s\u00f8kt<\/p>\n<p>    <\/a><\/p>\n<p>Fem hovedtemaer er avtalt:\u00a0<\/p>\n<ul>\n<li class=\"lab-bodytext-line\">Myndighetenes h\u00e5ndtering av Epstein- og Maxwell-etterforskningen<\/li>\n<li class=\"lab-bodytext-line\">Omstendighetene rundt Epsteins d\u00f8d i 2019<\/li>\n<li class=\"lab-bodytext-line\">Kampen mot menneskehandel<\/li>\n<li class=\"lab-bodytext-line\">Hvordan Epstein og Ghislaine Maxwell fors\u00f8kte \u00e5 skaffe seg beskyttelse<\/li>\n<li class=\"lab-bodytext-line\">Mulige etikkbrudd blant folkevalgte<\/li>\n<\/ul>\n<p>&#8211; Ingen anklager Clinton-paret for \u00e5 ha gjort noe galt. Vi har bare mange sp\u00f8rsm\u00e5l, sier komit\u00e9leder Comer.<\/p>\n<p>        <img loading=\"lazy\" decoding=\"async\" src=\"https:\/\/www.europesays.com\/no\/wp-content\/uploads\/2026\/02\/84277346.webp.webp\" width=\"686\" height=\"501\" title=\"MEKTIGE VENNER: Jeffrey Epstein og Bill Clinton. Foto: Det amerikanske justisdepartementet\" alt=\"\" class=\"\" style=\"--aspect-ratio-image: 1.37; \"\/><\/p>\n<p>\n        MEKTIGE VENNER: Jeffrey Epstein og Bill Clinton. Foto: Det amerikanske justisdepartementet\n    <\/p>\n<p>Grilles om boblebad-bilde<\/p>\n<p>Republikanerne planlegger n\u00e5 \u00e5 sette den veltalende tidligere presidenten Bill Clinton helt ut av spill, skal vi tro den amerikanske tabloidavisa\u00a0<a href=\"https:\/\/nypost.com\/2026\/02\/21\/us-news\/in-the-hot-tub-seat-lawmakers-set-to-grill-bill-and-hillary-clinton-on-epstein-ties\/\" rel=\"nofollow noopener\" target=\"_blank\">New York Post<\/a>.<\/p>\n<p>Minst \u00e9n av republikanerne i komiteen har allerede varslet at det vil bli sp\u00f8rsm\u00e5l om bilder av Bill Clinton som er funnet i Epstein-filene.<\/p>\n<p>Representant Nancy Mace \u00f8nsker \u00e5 stille ekspresidenten f\u00f8lgende sp\u00f8rsm\u00e5l om kvinner som er sammen med ham p\u00e5 bildene:<\/p>\n<p>&#8211; Var du noen gang alene med noen av kvinnene?<\/p>\n<p>Clinton fl\u00f8y flere ganger p\u00e5 Epsteins mye omtalte fly, som blir kalt \u00abLolita Express\u00bb, og det finnes mange bilder av ham i Epstein-filene.\u00a0<\/p>\n<p>        <img loading=\"lazy\" decoding=\"async\" src=\"https:\/\/www.europesays.com\/no\/wp-content\/uploads\/2026\/02\/84122053.webp.webp\" width=\"980\" height=\"559\" title=\"SLADDET: Bill Clinton og Ghislane Maxwell sv\u00f8mmer i et basseng p\u00e5 et bilde offentliggjort av det amerikanske justisdepartementet. I bakgrunnen sv\u00f8mmer en kvinne som er sladdet av amerikanske myndigheter. Foto: Det amerikanske justisdepartementet\" alt=\"\" class=\"\" style=\"--aspect-ratio-image: 1.75; \"\/><\/p>\n<p>\n        SLADDET: Bill Clinton og Ghislane Maxwell sv\u00f8mmer i et basseng p\u00e5 et bilde offentliggjort av det amerikanske justisdepartementet. I bakgrunnen sv\u00f8mmer en kvinne som er sladdet av amerikanske myndigheter. Foto: Det amerikanske justisdepartementet\n    <\/p>\n<p>P\u00e5 ett av bildene har en tilsynelatende ung kvinne med sladdet ansikt armen rundt Clintons skuldre.\u00a0<\/p>\n<p>Et annet bilde viser Clinton i et lite badebasseng sammen med en person med sladdet ansikt. <\/p>\n<p>        <img loading=\"lazy\" decoding=\"async\" src=\"https:\/\/www.europesays.com\/no\/wp-content\/uploads\/2026\/02\/84292634.webp.webp\" width=\"667\" height=\"434\" title=\"I FILENE: Bill Clinton med armen rundt en kvinne som har blitt anonymisert. Foto: Det amerikanske justisdepartementet\" alt=\"\" class=\"\" style=\"--aspect-ratio-image: 1.54; \"\/><\/p>\n<p>\n        I FILENE: Bill Clinton med armen rundt en kvinne som har blitt anonymisert. Foto: Det amerikanske justisdepartementet\n    <\/p>\n<p>&#8211; Feberfantasier<\/p>\n<p>If\u00f8lge en gjennomgang fra CNN reiste Bill Clinton minst 16 ganger med Epsteins privatfly.\u00a0<\/p>\n<p>Clinton har aldri v\u00e6rt anklaget av politiet for lovbrudd i tilknytning til Epstein.\u00a0<\/p>\n<p>En talsperson har gjentatte ganger sagt at han br\u00f8t kontakten f\u00f8r Epsteins f\u00f8derale p\u00e5gripelse i 2019 og ikke kjente til forbrytelser.<\/p>\n<p>    <a itemprop=\"url\" href=\"https:\/\/www.dagbladet.no\/nyheter\/jaglands-advokat-beklager-kontakt-med-inyheter\/84290773\" rel=\"nofollow noopener\" target=\"_blank\"><\/p>\n<p>        <img loading=\"lazy\" decoding=\"async\" src=\"https:\/\/www.europesays.com\/no\/wp-content\/uploads\/2026\/02\/84290779.webp.webp\" width=\"147\" height=\"98\" title=\"Jaglands advokat beklager kontakt med iNyheter\" alt=\"\" class=\"lazyload\" style=\"--aspect-ratio-image: 1.50; \"\/><\/p>\n<p>        Jaglands advokat beklager kontakt med iNyheter<\/p>\n<p>    <\/a><\/p>\n<p>Hillary Clinton har sagt at hun aldri m\u00f8tte Epstein.\u00a0<\/p>\n<p>Flere demokrater stiller sp\u00f8rsm\u00e5l ved hvorfor hun i det hele tatt avh\u00f8res.<\/p>\n<p>&#8211; Den eneste grunnen til at hun blir avh\u00f8rt, er at republikanerne fortsatt har feberfantasier om \u00e5 f\u00e5 henne fengslet, sier representant James Walkinshaw.<\/p>\n<p>        <img loading=\"lazy\" decoding=\"async\" src=\"https:\/\/www.europesays.com\/no\/wp-content\/uploads\/2026\/02\/84238905.webp.webp\" width=\"686\" height=\"542\" title=\"SIGNERT: Et udatert bilde fra Jeffrey Epsteins private samling, offentliggjort av demokrater i Representantenes hus\u2019 kontrollkomit\u00e9 12. desember 2025. Bill Clinton (i midten) poserer med Jeffrey Epstein (t.h.) og Ghislaine Maxwell (nest til h\u00f8yre). Foto: Det amerikanske justisdepartementet\" alt=\"\" class=\"\" style=\"--aspect-ratio-image: 1.27; \"\/><\/p>\n<p>\n        SIGNERT: Et udatert bilde fra Jeffrey Epsteins private samling, offentliggjort av demokrater i Representantenes hus\u2019 kontrollkomit\u00e9 12. desember 2025. Bill Clinton (i midten) poserer med Jeffrey Epstein (t.h.) og Ghislaine Maxwell (nest til h\u00f8yre). Foto: Det amerikanske justisdepartementet\n    <\/p>\n<p>&#8211; Ingen er over loven<\/p>\n<p>Flere overlevende etter Epstein-saken sier det er viktig at Clinton forklarer seg.<\/p>\n<p>&#8211; Ingen skal st\u00e5 over loven. Hvis du blir forkynt en gyldig stevning, skal du etterkomme den, sa advokat Jennifer Plotkin, som representerer flere ofre, til <a href=\"https:\/\/www.washingtontimes.com\/news\/2026\/jan\/19\/no-one-law-even-bill-hillary-clinton\/\" rel=\"nofollow noopener\" target=\"_blank\">The Washington Post<\/a>.<\/p>\n<p>    <a itemprop=\"url\" href=\"https:\/\/www.dagbladet.no\/kjendis\/her-skal-kongen-ha-bodd\/84285677\" rel=\"nofollow noopener\" target=\"_blank\"><\/p>\n<p>        <img loading=\"lazy\" decoding=\"async\" src=\"https:\/\/www.europesays.com\/no\/wp-content\/uploads\/2026\/02\/84285928.webp.webp\" width=\"980\" height=\"441\" title=\"Her skal kongen ha bodd\" alt=\"\" class=\"lazyload\" style=\"--aspect-ratio-image: 2.22; \"\/><\/p>\n<p>        Her skal kongen ha bodd<\/p>\n<p>    <\/a><\/p>\n<p>Samtidig har enkelte Trump-lojalister uttrykt uro for presedensen:\u00a0<\/p>\n<p class=\"font-weight-bold m-font-weight-bold\" data-lab-font_weight=\"font-weight-bold\">Hvis republikanerne kan hente inn en tidligere president, kan demokratene gj\u00f8re det samme med Donald Trump (79) dersom maktbalansen snur.<\/p>\n<p>Trump selv sa nylig dette:<\/p>\n<p>&#8211; Jeg liker ikke \u00e5 se det, p\u00e5 mange m\u00e5ter. Jeg liker ikke \u00e5 se det, men se p\u00e5 meg \u2013 de gikk etter meg.<\/p>\n<p>        <img loading=\"lazy\" decoding=\"async\" src=\"https:\/\/www.europesays.com\/no\/wp-content\/uploads\/2026\/02\/1772103196_61_84278575.webp.webp\" width=\"686\" height=\"460\" title=\"EPSTEIN-VENN: Andrew Mountbatten-Windsor, bror av Storbritannias kong Charles, forlater Aylsham politistasjon etter \u00e5 ha blitt p\u00e5grepet mistenkt for misbruk av offentlig embete. Foto: Phil Noble \/ Reuters\" alt=\"\" class=\"\" style=\"--aspect-ratio-image: 1.49; \"\/><\/p>\n<p>\n        EPSTEIN-VENN: Andrew Mountbatten-Windsor, bror av Storbritannias kong Charles, forlater Aylsham politistasjon etter \u00e5 ha blitt p\u00e5grepet mistenkt for misbruk av offentlig embete. Foto: Phil Noble \/ Reuters\n    <\/p>\n<p>Jakter p\u00e5 store navn<\/p>\n<p>Parallelt fortsetter s\u00f8kelyset p\u00e5 andre prominente navn i Epstein-kretsen.\u00a0<\/p>\n<p>Forrige uke <a href=\"https:\/\/www.dagbladet.no\/kjendis\/eks-prinsen-pagrepet\/84259917\" rel=\"nofollow noopener\" target=\"_blank\">ble eksprins Andrew p\u00e5grepet av politiet<\/a>, mistenkt for \u00e5 ha misbrukt offentlig embete.<\/p>\n<p> Andrew har konsekvent avvist alle p\u00e5stander om uregelmessigheter i forbindelse med Epstein-saken. <\/p>\n<p>        <img loading=\"lazy\" decoding=\"async\" src=\"https:\/\/www.europesays.com\/no\/wp-content\/uploads\/2026\/02\/84292143.webp.webp\" width=\"686\" height=\"879\" title=\"SLADDET: Bill Gates sammen med en kvinne med sladdet ansikt p\u00e5 et bilde fra Epsteins-filene. Foto: Det amerikanske justisdepartementet\" alt=\"\" class=\"\" style=\"--aspect-ratio-image: 0.78; \"\/><\/p>\n<p>\n        SLADDET: Bill Gates sammen med en kvinne med sladdet ansikt p\u00e5 et bilde fra Epsteins-filene. Foto: Det amerikanske justisdepartementet\n    <\/p>\n<p>Utro med russiske damer<\/p>\n<p>Microsoft-grunnlegger og milliard\u00e6r Bill Gates (70) har erkjent at han m\u00f8tte Epstein flere ganger etter 2008, og har sagt det var en feil.<\/p>\n<p>    <a itemprop=\"url\" href=\"https:\/\/borsen.dagbladet.no\/nyheter\/innrommer-utroskap-med-russiske-kvinner\/84285332\" rel=\"nofollow noopener\" target=\"_blank\"><\/p>\n<p>        <img loading=\"lazy\" decoding=\"async\" src=\"https:\/\/www.europesays.com\/no\/wp-content\/uploads\/2026\/02\/84287077.webp.webp\" width=\"980\" height=\"441\" title=\"Innr\u00f8mmer utroskap med russiske kvinner\" alt=\"\" class=\"lazyload\" style=\"--aspect-ratio-image: 2.22; \"\/><\/p>\n<p>        Innr\u00f8mmer utroskap med russiske kvinner<\/p>\n<p>    <\/a><\/p>\n<p>Denne uka har Gates igjen v\u00e6rt i medienes s\u00f8kelys etter at han <a href=\"https:\/\/borsen.dagbladet.no\/nyheter\/innrommer-utroskap-med-russiske-kvinner\/84285332\" rel=\"nofollow noopener\" target=\"_blank\">offentlig innr\u00f8mmet utroskap<\/a> under ekteskapet med Melinda French Gates som en av \u00e5rsakene til skilsmissen i 2021. <\/p>\n","protected":false},"excerpt":{"rendered":"De kjempet imot i m\u00e5nedsvis. N\u00e5 m\u00e5 Bill og Hillary Clinton forklare seg om Epstein-koblingen. ENIG I AT&hellip;\n","protected":false},"author":2,"featured_media":173428,"comment_status":"","ping_status":"","sticky":false,"template":"","format":"standard","meta":{"footnotes":"","_share_on_mastodon":"0"},"categories":[59],"tags":[1401,30,28,29,14,4005,83,82],"class_list":["post-173427","post","type-post","status-publish","format-standard","has-post-thumbnail","category-sport","tag-kreft","tag-no","tag-norge","tag-norway","tag-nyheter","tag-some","tag-sport","tag-sports"],"share_on_mastodon":{"url":"https:\/\/pubeurope.com\/@no\/116136562326317478","error":""},"_links":{"self":[{"href":"https:\/\/www.europesays.com\/no\/wp-json\/wp\/v2\/posts\/173427","targetHints":{"allow":["GET"]}}],"collection":[{"href":"https:\/\/www.europesays.com\/no\/wp-json\/wp\/v2\/posts"}],"about":[{"href":"https:\/\/www.europesays.com\/no\/wp-json\/wp\/v2\/types\/post"}],"author":[{"embeddable":true,"href":"https:\/\/www.europesays.com\/no\/wp-json\/wp\/v2\/users\/2"}],"replies":[{"embeddable":true,"href":"https:\/\/www.europesays.com\/no\/wp-json\/wp\/v2\/comments?post=173427"}],"version-history":[{"count":0,"href":"https:\/\/www.europesays.com\/no\/wp-json\/wp\/v2\/posts\/173427\/revisions"}],"wp:featuredmedia":[{"embeddable":true,"href":"https:\/\/www.europesays.com\/no\/wp-json\/wp\/v2\/media\/173428"}],"wp:attachment":[{"href":"https:\/\/www.europesays.com\/no\/wp-json\/wp\/v2\/media?parent=173427"}],"wp:term":[{"taxonomy":"category","embeddable":true,"href":"https:\/\/www.europesays.com\/no\/wp-json\/wp\/v2\/categories?post=173427"},{"taxonomy":"post_tag","embeddable":true,"href":"https:\/\/www.europesays.com\/no\/wp-json\/wp\/v2\/tags?post=173427"}],"curies":[{"name":"wp","href":"https:\/\/api.w.org\/{rel}","templated":true}]}}