{"id":17350,"date":"2025-08-25T07:51:10","date_gmt":"2025-08-25T07:51:10","guid":{"rendered":"https:\/\/www.europesays.com\/no\/17350\/"},"modified":"2025-08-25T07:51:10","modified_gmt":"2025-08-25T07:51:10","slug":"frivillige-redder-skadde-dyr-etter-skogbrann-i-albania","status":"publish","type":"post","link":"https:\/\/www.europesays.com\/no\/17350\/","title":{"rendered":"Frivillige redder skadde dyr etter skogbrann i Albania"},"content":{"rendered":"\n<p class=\"_lead_1bvmi_2 _lead_xtcu6_50 layout-component text-serif-m layout-normal text-serif-l layout-component layout-normal layout-padded layout-padded\">Her f\u00e5r den kraftig forbrente hesten lindrende behandling av frivillige etter skogbrannens herjinger i Albania.<\/p>\n<p><img alt=\"Alle foto: Florion Goga \/ Reuters\" class=\"_image_qp4xg_65 layout-component layout-wide\" data-fullscreen- data-track-element-type=\"Article image fullscreen\" data-track-name=\"ImageFullscreen\" fetchpriority=\"high\" decoding=\"sync\" loading=\"eager\" height=\"4115\" itemprop=\"image\"  src=\"https:\/\/www.europesays.com\/no\/wp-content\/uploads\/2025\/08\/d421d55c-0c43-47f0-adaa-88ff4e092315\"  style=\"object-position:0% 0%\" width=\"4575\"\/>Alle foto: Florion Goga \/ Reuters<\/p>\n<ul aria-hidden=\"true\" class=\"_images_1y6fe_106\">\n<li><a class=\"_link_1y6fe_111\" href=\"https:\/\/www.vg.no\/forfatter\/thomas-andreassen-2\" style=\"z-index:1\" title=\"Thomas Andreassen\" rel=\"nofollow noopener\" target=\"_blank\"><img alt=\"Bilde av Thomas Andreassen\" class=\"_image_1y6fe_88\" fetchpriority=\"low\" loading=\"lazy\" decoding=\"async\" itemprop=\"image\"  src=\"https:\/\/www.europesays.com\/no\/wp-content\/uploads\/2025\/08\/1756108267_22_53492b61-0913-4564-9106-006d60b8d9f3\"  width=\"480\"\/><\/a><\/li>\n<\/ul>\n<p> Mandag 25. august kl. 09:30     <\/p>\n<p class=\"_paragraph_1bvmi_4 _paragraph_xtcu6_10 layout-component text-serif-m layout-normal text-serif-m layout-padded\">Maria Cristina Medina, en sveitsisk kvinne som driver et dyrehjem n\u00e6r hovedstaden Tirana, overv\u00e5ker behandlingen av en hest som ble kraftig brent i Delvina \u2013 en av de verst rammede byene i s\u00f8r, melder avisen <a href=\"https:\/\/www.ekathimerini.com\/news\/1278450\/albanian-volunteers-struggle-to-save-scorched-livestock-as-wildfires-subside\/\" class=\"_link_1bvmi_39\" rel=\"nofollow noopener\" target=\"_blank\">Ekathimerini<\/a>.<\/p>\n<p><img alt=\"\" class=\"_image_qp4xg_65 layout-component layout-left\" data-fullscreen- data-track-element-type=\"Article image fullscreen\" data-track-name=\"ImageFullscreen\" decoding=\"async\" loading=\"lazy\" height=\"3894\" itemprop=\"image\"  src=\"https:\/\/www.europesays.com\/no\/wp-content\/uploads\/2025\/08\/8cac2652-ba5e-46ee-9985-831a97bff2d5\"  style=\"object-position:0% 0%\" width=\"5841\"\/><img alt=\"\" class=\"_image_qp4xg_65 layout-component layout-right\" data-fullscreen- data-track-element-type=\"Article image fullscreen\" data-track-name=\"ImageFullscreen\" decoding=\"async\" loading=\"lazy\" height=\"4395\" itemprop=\"image\"  src=\"https:\/\/www.europesays.com\/no\/wp-content\/uploads\/2025\/08\/82f0450e-58e0-4ebf-b2a4-80bee8218838\"  style=\"object-position:0% 0%\" width=\"6592\"\/><\/p>\n<p class=\"_paragraph_1bvmi_4 _paragraph_xtcu6_10 layout-component text-serif-m layout-normal text-serif-m layout-padded\">Hesten, som n\u00e5 har f\u00e5tt navn etter byen, begynte \u00e5 spise og drikke etter behandling med antibiotika og salve.<\/p>\n<p class=\"_paragraph_1bvmi_4 _paragraph_xtcu6_10 layout-component text-serif-m layout-normal text-serif-m layout-padded\">\u2013 Delvina har gode sjanser til \u00e5 overleve, siden lungene ikke ble skadet, og hun kjemper for livet sitt, sier Medina.<\/p>\n<p><img alt=\"\" class=\"_image_qp4xg_65 layout-component layout-left\" data-fullscreen- data-track-element-type=\"Article image fullscreen\" data-track-name=\"ImageFullscreen\" decoding=\"async\" loading=\"lazy\" height=\"4639\" itemprop=\"image\"  src=\"https:\/\/www.europesays.com\/no\/wp-content\/uploads\/2025\/08\/7e27b27e-8c67-4844-af22-4fe787e45f9e\"  style=\"object-position:0% 0%\" width=\"6958\"\/><img alt=\"\" class=\"_image_qp4xg_65 layout-component layout-right\" data-fullscreen- data-track-element-type=\"Article image fullscreen\" data-track-name=\"ImageFullscreen\" decoding=\"async\" loading=\"lazy\" height=\"2981\" itemprop=\"image\"  src=\"https:\/\/www.europesays.com\/no\/wp-content\/uploads\/2025\/08\/c6865cca-c705-45a2-8115-fefb7ce8962c\"  style=\"object-position:0% 0%\" width=\"4472\"\/><\/p>\n<p class=\"_paragraph_1bvmi_4 _paragraph_xtcu6_10 layout-component text-serif-m layout-normal text-serif-m layout-padded\">Medina forteller at hun har f\u00e5tt en jevn str\u00f8m av anrop med bilder av skadde dyr. Mange m\u00e5tte avlives p\u00e5 grunn av alvorlige skader.<\/p>\n<p class=\"_paragraph_1bvmi_4 _paragraph_xtcu6_10 layout-component text-serif-m layout-normal text-serif-m layout-padded\">\u2013 Jeg s\u00e5 bilder av brente dyr, og jeg gr\u00e5t og kastet opp, men s\u00e5 kom jeg tilbake og fortsatte fordi de trenger min hjelp, sier hun.<\/p>\n<p><img alt=\"\" class=\"_image_qp4xg_65 layout-component layout-left\" data-fullscreen- data-track-element-type=\"Article image fullscreen\" data-track-name=\"ImageFullscreen\" decoding=\"async\" loading=\"lazy\" height=\"5224\" itemprop=\"image\"  src=\"https:\/\/www.europesays.com\/no\/wp-content\/uploads\/2025\/08\/20c1cbe4-afd2-42e8-ae5f-947a33ca2759\"  style=\"object-position:0% 0%\" width=\"7836\"\/><img alt=\"\" class=\"_image_qp4xg_65 layout-component layout-right\" data-fullscreen- data-track-element-type=\"Article image fullscreen\" data-track-name=\"ImageFullscreen\" decoding=\"async\" loading=\"lazy\" height=\"3870\" itemprop=\"image\"  src=\"https:\/\/www.europesays.com\/no\/wp-content\/uploads\/2025\/08\/996bc680-320f-4f54-84d0-6d2abf0018ae\"  style=\"object-position:0% 0%\" width=\"5804\"\/><\/p>\n<p class=\"_paragraph_1bvmi_4 _paragraph_xtcu6_10 layout-component text-serif-m layout-normal text-serif-m layout-padded\">I landsbyen Skenderbegas ble over 30 hus og l\u00e5ver \u00f8delagt. Skjelettene av geiter, kyr og esler ligger spredt blant ruinene.<\/p>\n<p class=\"_paragraph_1bvmi_4 _paragraph_xtcu6_10 layout-component text-serif-m layout-normal text-serif-m layout-padded\">\u2013 Flammene kom s\u00e5 raskt. Vi skyndte oss \u00e5 redde barna, men jeg klarte ikke \u00e5 l\u00f8sne kua, sier Manjola Doci.<\/p>\n<p class=\"_paragraph_1bvmi_4 _paragraph_xtcu6_10 layout-component text-serif-m layout-normal text-serif-m layout-padded\">Hennes ku fikk brannskader over store deler av kroppen. En nabo mistet alle sine tolv geiter, en annen tre kyr.<\/p>\n<p>Les ogs\u00e5<\/p>\n","protected":false},"excerpt":{"rendered":"Her f\u00e5r den kraftig forbrente hesten lindrende behandling av frivillige etter skogbrannens herjinger i Albania. Alle foto: Florion&hellip;\n","protected":false},"author":2,"featured_media":17351,"comment_status":"","ping_status":"","sticky":false,"template":"","format":"standard","meta":{"footnotes":""},"categories":[58],"tags":[3154,290,71,30,28,29,72,46],"class_list":{"0":"post-17350","1":"post","2":"type-post","3":"status-publish","4":"format-standard","5":"has-post-thumbnail","7":"category-underholdning","8":"tag-albania","9":"tag-bildefortellingen","10":"tag-entertainment","11":"tag-no","12":"tag-norge","13":"tag-norway","14":"tag-underholdning","15":"tag-vgai"},"share_on_mastodon":{"url":"","error":""},"_links":{"self":[{"href":"https:\/\/www.europesays.com\/no\/wp-json\/wp\/v2\/posts\/17350","targetHints":{"allow":["GET"]}}],"collection":[{"href":"https:\/\/www.europesays.com\/no\/wp-json\/wp\/v2\/posts"}],"about":[{"href":"https:\/\/www.europesays.com\/no\/wp-json\/wp\/v2\/types\/post"}],"author":[{"embeddable":true,"href":"https:\/\/www.europesays.com\/no\/wp-json\/wp\/v2\/users\/2"}],"replies":[{"embeddable":true,"href":"https:\/\/www.europesays.com\/no\/wp-json\/wp\/v2\/comments?post=17350"}],"version-history":[{"count":0,"href":"https:\/\/www.europesays.com\/no\/wp-json\/wp\/v2\/posts\/17350\/revisions"}],"wp:featuredmedia":[{"embeddable":true,"href":"https:\/\/www.europesays.com\/no\/wp-json\/wp\/v2\/media\/17351"}],"wp:attachment":[{"href":"https:\/\/www.europesays.com\/no\/wp-json\/wp\/v2\/media?parent=17350"}],"wp:term":[{"taxonomy":"category","embeddable":true,"href":"https:\/\/www.europesays.com\/no\/wp-json\/wp\/v2\/categories?post=17350"},{"taxonomy":"post_tag","embeddable":true,"href":"https:\/\/www.europesays.com\/no\/wp-json\/wp\/v2\/tags?post=17350"}],"curies":[{"name":"wp","href":"https:\/\/api.w.org\/{rel}","templated":true}]}}