{"id":173747,"date":"2026-02-26T19:09:11","date_gmt":"2026-02-26T19:09:11","guid":{"rendered":"https:\/\/www.europesays.com\/no\/173747\/"},"modified":"2026-02-26T19:09:11","modified_gmt":"2026-02-26T19:09:11","slug":"birk-ruud-etter-ol-den-situasjonen-skal-jeg-ikke-vaere-i","status":"publish","type":"post","link":"https:\/\/www.europesays.com\/no\/173747\/","title":{"rendered":"Birk Ruud etter OL: &#8211; Den situasjonen skal jeg ikke v\u00e6re i"},"content":{"rendered":"\n<p class=\"_lead_o9xde_2 _lead_6fko5_53 layout-component text-serif-m layout-normal text-serif-l layout-component layout-wide layout-padded _wide_17hqh_1 layout-padded\">Birk Ruud (25) l\u00e6rte \u00e9n viktig ting i OL. Som helst ikke skal gjenta seg. <\/p>\n<p><img alt=\"ST\u00d8TTE: Birk Ruud sammen med kj\u00e6resten Tonje Frigstad etter 8. plassen i Big Air-konkurrasen i OL.  Foto: VEGARD GR\u00d8TT \/ Bildbyr\u00e5n\" class=\"_image_qp4xg_65 layout-component layout-wide\" data-fullscreen- data-track-element-type=\"Article image fullscreen\" data-track-name=\"ImageFullscreen\" fetchpriority=\"high\" decoding=\"sync\" loading=\"eager\" height=\"3150\" itemprop=\"image\"  src=\"https:\/\/www.europesays.com\/no\/wp-content\/uploads\/2026\/02\/be2717d0-6926-484d-b362-54a26e12337c.png\"  style=\"object-position:0.4047619047619047% 8.095238095238095%\" width=\"4200\"\/>ST\u00d8TTE: Birk Ruud sammen med kj\u00e6resten Tonje Frigstad etter 8. plassen i Big Air-konkurrasen i OL.  Foto: VEGARD GR\u00d8TT \/ Bildbyr\u00e5n<\/p>\n<ul aria-hidden=\"true\" class=\"_images_ntbth_112\">\n<li><a class=\"_link_ntbth_117\" href=\"https:\/\/www.vg.no\/forfatter\/camilla-vesteng\" style=\"z-index:1\" title=\"Camilla Vesteng\" rel=\"nofollow noopener\" target=\"_blank\"><img alt=\"Bilde av Camilla Vesteng\" class=\"_image_ntbth_93\" fetchpriority=\"low\" loading=\"lazy\" decoding=\"async\" itemprop=\"image\"  src=\"https:\/\/www.europesays.com\/no\/wp-content\/uploads\/2026\/02\/1772132951_796_ab49df32-fc16-44e1-a56a-ce5ad5bd90d2.jpeg\"  width=\"480\"\/><\/a><\/li>\n<\/ul>\n<p> Oppdatert torsdag 26. februar kl. 18:28    <\/p>\n<ul class=\"_list_o9xde_3 _list_64s2r_85 _unordered_o9xde_106 text-sans-m\">\n<li class=\"_item_o9xde_30\">Birk Ruud fikk en liten l\u00e6repenge under OL og h\u00e5per \u00e5 unng\u00e5 at det skjer igjen. <\/li>\n<li class=\"_item_o9xde_30\">25-\u00e5ringen fra B\u00e6rum vant gull i Italia, men mislyktes i Big Air.<\/li>\n<li class=\"_item_o9xde_30\">Ruud er n\u00e5 motivert for kommende konkurranser og OL i Frankrike om fire \u00e5r.<\/li>\n<li class=\"_item_o9xde_30\">Han kjemper mot Mac Forehand i verdenscupens avslutning i mars.<\/li>\n<\/ul>\n<p>Vis mer <\/p>\n<p class=\"_paragraph_o9xde_4 _paragraph_6fko5_10 layout-component text-serif-m layout-normal text-serif-m layout-padded\">25-\u00e5ringen <a href=\"https:\/\/www.vg.no\/sport\/i\/ExaQJP\/birk-ruud-tok-ol-gull-i-freeski-slopestyle\" data-track-element-type=\"Link\" data-track-id=\"link:ExaQJP\" class=\"_link_o9xde_39\" rel=\"nofollow noopener\" target=\"_blank\">dro hjem fra Italia med gull <\/a>og en \u00e5ttendeplass i Big Air. Et fantastisk OL, men ikke den avslutningen han ville ha. <\/p>\n<p class=\"_paragraph_o9xde_4 _paragraph_6fko5_10 layout-component text-serif-m layout-normal text-serif-m layout-padded\"><strong class=\"_strong_o9xde_25\">Freeski-ut\u00f8veren var tittelforsvarer i Big Air fra lekene i Beijing for fire \u00e5r siden, og trodde han kunne v\u00e6re p\u00e5 den olympiske pallen igjen, men tok feil. <\/strong><\/p>\n<p class=\"_paragraph_o9xde_4 _paragraph_6fko5_10 layout-component text-serif-m layout-normal text-serif-m layout-padded\">\u2013 Jeg tenkte det var fem som kunne kjempe om topp tre. Jeg trodde jeg var en av dem, sier Ruud til VG. <\/p>\n<p class=\"_paragraph_o9xde_4 _paragraph_6fko5_10 layout-component text-serif-m layout-normal text-serif-m layout-padded\">Han satte det f\u00f8rste hoppet, men falt p\u00e5 de to andre. <a href=\"https:\/\/www.vg.no\/sport\/i\/j0aA8q\/ol-2026-ukjente-tormod-frostad-fra-baerum-vant-ol-gull-han-gjoer-det-han-elsker\" data-track-element-type=\"Link\" data-track-id=\"link:j0aA8q\" class=\"_link_o9xde_39\" rel=\"nofollow noopener\" target=\"_blank\">Tormod Frostad vant<\/a>. <\/p>\n<p class=\"_paragraph_o9xde_4 _paragraph_6fko5_10 layout-component text-serif-m layout-normal text-serif-m layout-padded\">\u2013 Jeg inns\u00e5 at jeg ikke kunne vinne med det jeg hadde av triks, sier Birk Ruud. <\/p>\n<p class=\"_paragraph_o9xde_4 _paragraph_6fko5_10 layout-component text-serif-m layout-normal text-serif-m layout-padded\">Dermed er en ny ild tent etter OL. Det svir at han uansett ikke hadde et triks som hadde holdt til gull.<\/p>\n<p class=\"_paragraph_o9xde_4 _paragraph_6fko5_10 layout-component text-serif-m layout-normal text-serif-m layout-padded\">\u2013 De gangene jeg f\u00e5r se det klart og tydelig, da f\u00e5r jeg en flamme inni meg. Det bobler og jeg blir irritert, sier Ruud. <\/p>\n<p><img alt=\"FALT: Birk Ruud falt i omgang to og tre i Big Air under lekene i Livigno.   Foto: Cornelius Poppe \/ NTB\" class=\"_image_qp4xg_65 layout-component layout-normal\" data-fullscreen- data-track-element-type=\"Article image fullscreen\" data-track-name=\"ImageFullscreen\" decoding=\"async\" loading=\"lazy\" height=\"4703\" itemprop=\"image\"  src=\"https:\/\/www.europesays.com\/no\/wp-content\/uploads\/2026\/02\/e3a200a5-005d-4759-a6dd-80cfd5b4ec00.png\"  style=\"object-position:0% 0%\" width=\"7056\"\/>FALT: Birk Ruud falt i omgang to og tre i Big Air under lekene i Livigno.   Foto: Cornelius Poppe \/ NTB<\/p>\n<p class=\"_paragraph_o9xde_4 _paragraph_6fko5_10 layout-component text-serif-m layout-normal text-serif-m layout-padded\">Motivasjonen er p\u00e5 topp foran nye konkurranser og mesterskap. <\/p>\n<p class=\"_paragraph_o9xde_4 _paragraph_6fko5_10 layout-component text-serif-m layout-normal text-serif-m layout-padded\">\u2013 Jeg blir keen p\u00e5 \u00e5 legge ned tid og trening, for den situasjonen liker jeg ikke \u00e5 v\u00e6re i. Den skal jeg ikke v\u00e6re i, sier Ruud bestemt. <\/p>\n<p class=\"_paragraph_o9xde_4 _paragraph_6fko5_10 layout-component text-serif-m layout-normal text-serif-m layout-padded\">N\u00e5 er det noen uker fri, f\u00f8r avslutningen p\u00e5 verdenscupen gjenst\u00e5r i Frankrike og Sveits i slutten av mars. Han kjemper om krystallkula med amerikanske Mac Forehand i slopestyle. <\/p>\n<p class=\"_paragraph_o9xde_4 _paragraph_6fko5_10 layout-component text-serif-m layout-normal text-serif-m layout-padded\">Amerikaneren tok OL-s\u00f8lv i Big Air. <\/p>\n<p class=\"_paragraph_o9xde_4 _paragraph_6fko5_10 layout-component text-serif-m layout-normal text-serif-m layout-padded\">25-\u00e5ringen fra B\u00e6rum er \u00e5pen for \u00e5 satse mot OL i Frankrike om fire \u00e5r. Han avviser heller ikke at det kan bli OL om \u00e5tte \u00e5r. Opplevelsen i Livigo under \u00e5rets leker mener han var fantastisk. <\/p>\n<p class=\"_paragraph_o9xde_4 _paragraph_6fko5_10 layout-component text-serif-m layout-normal text-serif-m layout-padded\">\u2013 Jeg hadde venner, familie og kj\u00e6reste p\u00e5 plass og m\u00f8tte dem etter konkurransene, sier Ruud.<\/p>\n<p class=\"_paragraph_o9xde_4 _paragraph_6fko5_10 layout-component text-serif-m layout-normal text-serif-m layout-padded\">Og selv om det ble gull og gullfest tidlig i OL, s\u00e5 fortsetter han karrieren p\u00e5 jakt etter enda bedre hopp og triks. Neste \u00e5r er det VM i freeski i Montafon i \u00d8sterrike. <\/p>\n<p class=\"_paragraph_o9xde_4 _paragraph_6fko5_10 layout-component text-serif-m layout-normal text-serif-m layout-padded\"><strong class=\"_strong_o9xde_25\">\u2013 Jeg blir sulten av ikke \u00e5 vinne. Under slopestyle i forrige OL, inns\u00e5 jeg at jeg ikke kunne vinne med det run-et jeg hadde, sier Ruud. <\/strong><\/p>\n<p class=\"_paragraph_o9xde_4 _paragraph_6fko5_10 layout-component text-serif-m layout-normal text-serif-m layout-padded\">Da ble han nummer fem i slopestyle. Fire \u00e5r senere ble det gull. <\/p>\n","protected":false},"excerpt":{"rendered":"Birk Ruud (25) l\u00e6rte \u00e9n viktig ting i OL. Som helst ikke skal gjenta seg. ST\u00d8TTE: Birk Ruud&hellip;\n","protected":false},"author":2,"featured_media":173748,"comment_status":"","ping_status":"","sticky":false,"template":"","format":"standard","meta":{"footnotes":"","_share_on_mastodon":"0"},"categories":[59],"tags":[9524,16743,30,28,29,10469,83,82,399],"class_list":["post-173747","post","type-post","status-publish","format-standard","has-post-thumbnail","category-sport","tag-birk-ruud","tag-freeski","tag-no","tag-norge","tag-norway","tag-ol-2026","tag-sport","tag-sports","tag-vintersport"],"share_on_mastodon":{"url":"https:\/\/pubeurope.com\/@no\/116138512641642511","error":""},"_links":{"self":[{"href":"https:\/\/www.europesays.com\/no\/wp-json\/wp\/v2\/posts\/173747","targetHints":{"allow":["GET"]}}],"collection":[{"href":"https:\/\/www.europesays.com\/no\/wp-json\/wp\/v2\/posts"}],"about":[{"href":"https:\/\/www.europesays.com\/no\/wp-json\/wp\/v2\/types\/post"}],"author":[{"embeddable":true,"href":"https:\/\/www.europesays.com\/no\/wp-json\/wp\/v2\/users\/2"}],"replies":[{"embeddable":true,"href":"https:\/\/www.europesays.com\/no\/wp-json\/wp\/v2\/comments?post=173747"}],"version-history":[{"count":0,"href":"https:\/\/www.europesays.com\/no\/wp-json\/wp\/v2\/posts\/173747\/revisions"}],"wp:featuredmedia":[{"embeddable":true,"href":"https:\/\/www.europesays.com\/no\/wp-json\/wp\/v2\/media\/173748"}],"wp:attachment":[{"href":"https:\/\/www.europesays.com\/no\/wp-json\/wp\/v2\/media?parent=173747"}],"wp:term":[{"taxonomy":"category","embeddable":true,"href":"https:\/\/www.europesays.com\/no\/wp-json\/wp\/v2\/categories?post=173747"},{"taxonomy":"post_tag","embeddable":true,"href":"https:\/\/www.europesays.com\/no\/wp-json\/wp\/v2\/tags?post=173747"}],"curies":[{"name":"wp","href":"https:\/\/api.w.org\/{rel}","templated":true}]}}