{"id":17407,"date":"2025-08-25T08:59:08","date_gmt":"2025-08-25T08:59:08","guid":{"rendered":"https:\/\/www.europesays.com\/no\/17407\/"},"modified":"2025-08-25T08:59:08","modified_gmt":"2025-08-25T08:59:08","slug":"fotograf-drept-journalister-saret-i-israelsk-angrep-mot-sykehus-i-gaza","status":"publish","type":"post","link":"https:\/\/www.europesays.com\/no\/17407\/","title":{"rendered":"Fotograf drept, journalister s\u00e5ret i israelsk angrep mot sykehus i Gaza"},"content":{"rendered":"\n<p class=\"_lead_1bvmi_2 _lead_xtcu6_50 layout-component text-serif-m layout-normal text-serif-l layout-component layout-wide layout-padded _wide_17hqh_1 layout-padded\">Tre journalister skal v\u00e6re blant 14 drepte i et israelsk angrep mot Nasser-sykehuset i Khan Younis, if\u00f8lge Al Jazeera.<\/p>\n<ul aria-hidden=\"true\" class=\"_images_1y6fe_106\">\n<li><a class=\"_link_1y6fe_111\" href=\"https:\/\/www.vg.no\/forfatter\/ntb\" style=\"z-index:1\" title=\"NTB\" rel=\"nofollow noopener\" target=\"_blank\"><img alt=\"Bilde av NTB\" class=\"_image_1y6fe_88\" fetchpriority=\"low\" loading=\"lazy\" decoding=\"async\" itemprop=\"image\"  src=\"https:\/\/www.europesays.com\/no\/wp-content\/uploads\/2025\/08\/1756112348_563_c33980b0-5d07-4027-84a1-813f90a7c8d6\"  width=\"480\"\/><\/a><\/li>\n<\/ul>\n<p> Oppdatert mandag 25. august kl. 10:24     <\/p>\n<p class=\"_paragraph_1bvmi_4 _paragraph_xtcu6_10 layout-component text-serif-m layout-normal text-serif-m layout-padded\"><a href=\"https:\/\/aje.io\/ej259o?update=3906491\" class=\"_link_1bvmi_39\" rel=\"nofollow noopener\" target=\"_blank\">If\u00f8lge Al Jazeera\u00a0<\/a>var angrepet rettet mot taket av Nasser-sykehuset der flere fotografer og journalister var samlet.<\/p>\n<p class=\"_paragraph_1bvmi_4 _paragraph_xtcu6_10 layout-component text-serif-m layout-normal text-serif-m layout-padded\">To fotografer og en journalist ble if\u00f8lge <a href=\"https:\/\/www.vg.no\/tag\/al-jazeera?utm_source=vg-article&amp;utm_medium=auto-tagger&amp;utm_campaign=PpMg1R\" class=\"_link_1bvmi_39\" rel=\"nofollow noopener\" target=\"_blank\">Al Jazeera<\/a> drept i angrepet. Den ene av dem jobbet for nyhetsbyr\u00e5et Reuters, mens den andre jobbet for Al Jazeera.<\/p>\n<p class=\"_paragraph_1bvmi_4 _paragraph_xtcu6_10 layout-component text-serif-m layout-normal text-serif-m layout-padded\">Da helsearbeidere fors\u00f8kte \u00e5 komme ofrene til unnsetning, kom det et nytt angrep, if\u00f8lge \u00f8yenvitner.<\/p>\n<p class=\"_paragraph_1bvmi_4 _paragraph_xtcu6_10 layout-component text-serif-m layout-normal text-serif-m layout-padded\">If\u00f8lge en tidligere melding palestinske helsemyndigheter ble minst \u00e5tte mennesker drept i mandagens angrep mot sykehuset, og et ukjent antall ble s\u00e5ret.<\/p>\n<p class=\"_paragraph_1bvmi_4 _paragraph_xtcu6_10 layout-component text-serif-m layout-normal text-serif-m layout-padded\">Verken den israelske h\u00e6ren eller kontoret til statsminister Benjamin Netanyahu har kommentert angrepet mot Nasser-sykehuset.<\/p>\n<p class=\"_paragraph_1bvmi_4 _paragraph_xtcu6_10 layout-component text-serif-m layout-normal text-serif-m layout-padded\">Israel har i l\u00f8pet av krigen angrepet en rekke sykehus i Gaza, ogs\u00e5 Nasser-sykehuset gjentatte ganger.<\/p>\n<p class=\"_paragraph_1bvmi_4 _paragraph_xtcu6_10 layout-component text-serif-m layout-normal text-serif-m layout-padded\">I juni ble tre mennesker drept og ti s\u00e5ret i et israelsk angrep mot Nasser-sykehuset, som er det st\u00f8rste s\u00f8r p\u00e5 Gazastripen.<\/p>\n<p class=\"_paragraph_1bvmi_4 _paragraph_xtcu6_10 layout-component text-serif-m layout-normal text-serif-m layout-padded\">Israel hevder at Hamas og andre militante gruppere opererer fra sykehus, men har aldri lagt fram beviser for dette. P\u00e5standen er ogs\u00e5 avvist av helsearbeidere p\u00e5 sykehusene.<\/p>\n<p class=\"_paragraph_1bvmi_4 _paragraph_xtcu6_10 layout-component text-serif-m layout-normal text-serif-m layout-padded\">Det palestinske sivilforsvaret melder at deres ansatte ble drept i et israelsk angrep ved Nasser-sykehuset mandag.<\/p>\n<p class=\"_paragraph_1bvmi_4 _paragraph_xtcu6_10 layout-component text-serif-m layout-normal text-serif-m layout-padded\">\u2013 En av v\u00e5re medarbeidere ble drept og sju andre ble s\u00e5ret, flere kritisk, i et angrep rettet mot sivilforsvaret i n\u00e6rheten av Nasser-sykehuset, skriver de p\u00e5 Telegram.<\/p>\n<p class=\"_paragraph_1bvmi_4 _paragraph_xtcu6_10 layout-component text-serif-m layout-normal text-serif-m layout-padded\">Ogs\u00e5 tidligere i august <a href=\"https:\/\/www.vg.no\/nyheter\/i\/8q2R71\/verdenskjent-al-jazeera-journalist-drept-i-gaza\" data-track-element-type=\"Link\" data-track-id=\"link:8q2R71\" class=\"_link_1bvmi_39\" rel=\"nofollow noopener\" target=\"_blank\">ble to journalister drept i Gaza<\/a>. Anas Al-Sharif, en av de drepte, var en av Al Jazeeras mest fremtredende korrespondenter p\u00e5 Gazastripen.<\/p>\n","protected":false},"excerpt":{"rendered":"Tre journalister skal v\u00e6re blant 14 drepte i et israelsk angrep mot Nasser-sykehuset i Khan Younis, if\u00f8lge Al&hellip;\n","protected":false},"author":2,"featured_media":17408,"comment_status":"","ping_status":"","sticky":false,"template":"","format":"standard","meta":{"footnotes":""},"categories":[12],"tags":[2956,20,21,24,25,53,15,1142,22,23,13,30,28,29,14,16,26,27,42,43,44,45],"class_list":{"0":"post-17407","1":"post","2":"type-post","3":"status-publish","4":"format-standard","5":"has-post-thumbnail","7":"category-verden","8":"tag-al-jazeera","9":"tag-breaking-news","10":"tag-breakingnews","11":"tag-featured-news","12":"tag-featurednews","13":"tag-gaza","14":"tag-headlines","15":"tag-journalist","16":"tag-latest-news","17":"tag-latestnews","18":"tag-news","19":"tag-no","20":"tag-norge","21":"tag-norway","22":"tag-nyheter","23":"tag-overskrifter","24":"tag-top-stories","25":"tag-topstories","26":"tag-verden","27":"tag-world","28":"tag-world-news","29":"tag-worldnews"},"share_on_mastodon":{"url":"","error":""},"_links":{"self":[{"href":"https:\/\/www.europesays.com\/no\/wp-json\/wp\/v2\/posts\/17407","targetHints":{"allow":["GET"]}}],"collection":[{"href":"https:\/\/www.europesays.com\/no\/wp-json\/wp\/v2\/posts"}],"about":[{"href":"https:\/\/www.europesays.com\/no\/wp-json\/wp\/v2\/types\/post"}],"author":[{"embeddable":true,"href":"https:\/\/www.europesays.com\/no\/wp-json\/wp\/v2\/users\/2"}],"replies":[{"embeddable":true,"href":"https:\/\/www.europesays.com\/no\/wp-json\/wp\/v2\/comments?post=17407"}],"version-history":[{"count":0,"href":"https:\/\/www.europesays.com\/no\/wp-json\/wp\/v2\/posts\/17407\/revisions"}],"wp:featuredmedia":[{"embeddable":true,"href":"https:\/\/www.europesays.com\/no\/wp-json\/wp\/v2\/media\/17408"}],"wp:attachment":[{"href":"https:\/\/www.europesays.com\/no\/wp-json\/wp\/v2\/media?parent=17407"}],"wp:term":[{"taxonomy":"category","embeddable":true,"href":"https:\/\/www.europesays.com\/no\/wp-json\/wp\/v2\/categories?post=17407"},{"taxonomy":"post_tag","embeddable":true,"href":"https:\/\/www.europesays.com\/no\/wp-json\/wp\/v2\/tags?post=17407"}],"curies":[{"name":"wp","href":"https:\/\/api.w.org\/{rel}","templated":true}]}}