{"id":1742,"date":"2025-08-07T16:44:14","date_gmt":"2025-08-07T16:44:14","guid":{"rendered":"https:\/\/www.europesays.com\/no\/1742\/"},"modified":"2025-08-07T16:44:14","modified_gmt":"2025-08-07T16:44:14","slug":"hurdal-drapet-vurderes-som-psykotisk","status":"publish","type":"post","link":"https:\/\/www.europesays.com\/no\/1742\/","title":{"rendered":"Hurdal-drapet: \u2013 Vurderes som psykotisk"},"content":{"rendered":"\n<p class=\"_lead_1bvmi_2 _lead_xtcu6_50 layout-component text-serif-m layout-normal text-serif-l layout-component layout-wide layout-padded _wide_17hqh_1 layout-padded\">S\u00f8nnen til den 67 \u00e5r gamle kvinnen som ble drept i Hurdal blir plassert p\u00e5 institusjon i fire uker.<\/p>\n<p><img alt=\" Foto: Tore Kristiansen \/ VG\" class=\"_image_qp4xg_65 layout-component layout-wide\" data-fullscreen- data-track-element-type=\"Article image fullscreen\" data-track-name=\"ImageFullscreen\" fetchpriority=\"high\" decoding=\"sync\" loading=\"eager\" height=\"4000\" itemprop=\"image\"  src=\"https:\/\/www.europesays.com\/no\/wp-content\/uploads\/2025\/08\/58ddab50-c283-4b71-92dc-93c53be96a88\"  style=\"object-position:0% 0%\" width=\"6000\"\/> Foto: Tore Kristiansen \/ VG<\/p>\n<ul aria-hidden=\"true\" class=\"_images_1y6fe_106\">\n<li><a class=\"_link_1y6fe_111\" href=\"https:\/\/www.vg.no\/forfatter\/silje-langvik\" style=\"z-index:2\" title=\"Silje Langvik\" rel=\"nofollow noopener\" target=\"_blank\"><img alt=\"Bilde av Silje Langvik\" class=\"_image_1y6fe_88\" fetchpriority=\"low\" loading=\"lazy\" decoding=\"async\" itemprop=\"image\"  src=\"https:\/\/www.europesays.com\/no\/wp-content\/uploads\/2025\/08\/03f13400-288c-4f56-9b0b-50834117ec53\"  width=\"480\"\/><\/a><\/li>\n<li><a class=\"_link_1y6fe_111\" href=\"https:\/\/www.vg.no\/forfatter\/oscar-stroem-korsnes\" style=\"z-index:1\" title=\"Oscar Str\u00f8m Korsnes\" rel=\"nofollow noopener\" target=\"_blank\"><img alt=\"Bilde av Oscar Str\u00f8m Korsnes\" class=\"_image_1y6fe_88\" fetchpriority=\"low\" loading=\"lazy\" decoding=\"async\" itemprop=\"image\"  src=\"https:\/\/www.europesays.com\/no\/wp-content\/uploads\/2025\/08\/42bf26cf-ad4c-4de0-a71e-34ecdab4bb12\"  width=\"480\"\/><\/a><\/li>\n<\/ul>\n<p>Rapporterer fra Lillestr\u00f8m og Oslo Oppdatert torsdag 7. august kl. 17:07     <\/p>\n<p class=\"_paragraph_1bvmi_4 _paragraph_xtcu6_10 layout-component text-serif-m layout-normal text-serif-m layout-padded\">Tirsdag denne uken ble <a href=\"https:\/\/www.vg.no\/nyheter\/i\/VzEPp6\/laila-iren-hauge-67-ble-drept-i-hurdal\" data-track-element-type=\"Link\" data-track-id=\"link:VzEPp6\" class=\"_link_1bvmi_39\" rel=\"nofollow noopener\" target=\"_blank\">Laila-Ir\u00e9n Hauge (67) funnet knivstukket<\/a> og drept i <a href=\"https:\/\/www.vg.no\/tag\/hurdal?utm_source=vg-article&amp;utm_medium=auto-tagger&amp;utm_campaign=alAbz7\" class=\"_link_1bvmi_39\" rel=\"nofollow noopener\" target=\"_blank\">Hurdal<\/a> kommune i Akershus. <\/p>\n<p class=\"_paragraph_1bvmi_4 _paragraph_xtcu6_10 layout-component text-serif-m layout-normal text-serif-m layout-padded\">Det er kvinnens 27 \u00e5r gamle s\u00f8nn som er siktet for drapet. Torsdag ettermiddag opplyser mannens forsvarer til NRK at 27-\u00e5ringen erkjenner drapet. <\/p>\n<p class=\"_paragraph_1bvmi_4 _paragraph_xtcu6_10 layout-component text-serif-m layout-normal text-serif-m layout-padded\">Mannen har erkjent dette i politiavh\u00f8r. <\/p>\n<p class=\"_paragraph_1bvmi_4 _paragraph_xtcu6_10 layout-component text-serif-m layout-normal text-serif-m layout-padded\">\u2013 Han har sagt at han har tatt livet av sin mor med kniv, sier forsvarer Per Ove Marthinsen til kanalen. <\/p>\n<p class=\"_paragraph_1bvmi_4 _paragraph_xtcu6_10 layout-component text-serif-m layout-normal text-serif-m layout-padded\">Under fengslingsm\u00f8tet i Romerike og Gl\u00e5mdalen tingrett i Lillestr\u00f8m torsdag ba politiet om varetektsfengsling av den siktede mannen i fire uker. <\/p>\n<p class=\"_paragraph_1bvmi_4 _paragraph_xtcu6_10 layout-component text-serif-m layout-normal text-serif-m layout-padded\"><strong class=\"_strong_1bvmi_25\">I en kjennelse gitt torsdag, konkluderer retten med at 27-\u00e5ringen plasseres p\u00e5 institusjon i fire uker.<\/strong><\/p>\n<p><img alt=\"Foto: Tore Kristiansen \/ VG\" class=\"_image_qp4xg_65 layout-component layout-normal\" data-fullscreen- data-track-element-type=\"Article image fullscreen\" data-track-name=\"ImageFullscreen\" decoding=\"async\" loading=\"lazy\" height=\"4000\" itemprop=\"image\"  src=\"https:\/\/www.europesays.com\/no\/wp-content\/uploads\/2025\/08\/fb61a9a2-8122-46b5-83cf-8a5884567e7b\"  style=\"object-position:0% 0%\" width=\"6000\"\/>Foto: Tore Kristiansen \/ VG<\/p>\n<p class=\"_paragraph_1bvmi_4 _paragraph_xtcu6_10 layout-component text-serif-m layout-normal text-serif-m layout-padded\">\u2013 I retten kom det frem at en forel\u00f8pig rettspsykiatrisk vurdering har konkludert med at 27-\u00e5ringen vurderes som psykotisk p\u00e5 handlingstidspunktet, forteller mannens forsvarer, Per Ove Marthinsen.<\/p>\n<p class=\"_paragraph_1bvmi_4 _paragraph_xtcu6_10 layout-component text-serif-m layout-normal text-serif-m layout-padded\">S\u00f8nnen har enn\u00e5 ikke blitt avh\u00f8rt av politiet, og ligger forel\u00f8pig innlagt p\u00e5 sykehus.<\/p>\n<p class=\"_paragraph_1bvmi_4 _paragraph_xtcu6_10 layout-component text-serif-m layout-normal text-serif-m layout-padded\">\u2013 Jeg tror han kommer til \u00e5 bli v\u00e6rende p\u00e5 sykehus i varetekt lenge. S\u00e5 tror jeg det er store muligheter for at han blir overf\u00f8rt til sykehus ogs\u00e5 p\u00e5 tvungent psykisk helsevern.<\/p>\n<p><img decoding=\"async\" alt=\"Bilde av Per Ove Marthinsen\" class=\"_image_ygndg_42\" height=\"27\" itemprop=\"image\" loading=\"lazy\"  src=\"https:\/\/www.europesays.com\/no\/wp-content\/uploads\/2025\/08\/9f110440-90a1-460e-b5d3-5e866663594b\"  width=\"40\"\/><strong class=\"_name_ygndg_51 title-serif-xs\">Per Ove Marthinsen<\/strong><\/p>\n<p class=\"_paragraph_1bvmi_4 text-sans-m _description_ygndg_56\">Forsvarer<\/p>\n<p class=\"_paragraph_1bvmi_4 _paragraph_xtcu6_10 layout-component text-serif-m layout-normal text-serif-m layout-padded\">Siktede ble i 2023 anmeldt for vold mot sin mor og fikk bes\u00f8ksforbud mot henne. <\/p>\n<p class=\"_paragraph_1bvmi_4 _paragraph_xtcu6_10 layout-component text-serif-m layout-normal text-serif-m layout-padded\">Saken ble henlagt fordi det var tvil om hvorvidt mannen var tilregnelig. P\u00e5 tidspunktet bes\u00f8ksforbudet ble ilagt, hadde ikke den n\u00e5 27 \u00e5r gamle mannen tatt stilling til siktelsen.<\/p>\n<p class=\"_paragraph_1bvmi_4 _paragraph_xtcu6_10 layout-component text-serif-m layout-normal text-serif-m layout-padded\"><strong class=\"_strong_1bvmi_25\">Forsvareren har tidligere sagt til VG at hans klient har hatt en historikk med psykisk uhelse.<\/strong><\/p>\n<p><img alt=\"Foto: Bernhard Moe Nyquist \/ VG\" class=\"_image_qp4xg_65 layout-component layout-normal\" data-fullscreen- data-track-element-type=\"Article image fullscreen\" data-track-name=\"ImageFullscreen\" decoding=\"async\" loading=\"lazy\" height=\"5464\" itemprop=\"image\"  src=\"https:\/\/www.europesays.com\/no\/wp-content\/uploads\/2025\/08\/13b5a80d-a863-4d04-a80e-40e165014586\"  style=\"object-position:0% 0%\" width=\"8192\"\/>Foto: Bernhard Moe Nyquist \/ VG<\/p>\n<p class=\"_paragraph_1bvmi_4 _paragraph_xtcu6_10 layout-component text-serif-m layout-normal text-serif-m layout-padded\">S\u00f8nnen skal ha bodd sammen med sin mor og bestemor i Hurdal. <\/p>\n<p class=\"_paragraph_1bvmi_4 _paragraph_xtcu6_10 layout-component text-serif-m layout-normal text-serif-m layout-padded\">\u2013 Det eneste jeg vet er at det ikke har v\u00e6rt noe bes\u00f8ksforbud n\u00e5, og at de har bodd sammen i dette huset i Hurdal etter at det bes\u00f8ksforbudet utl\u00f8p sist. <\/p>\n<p class=\"_paragraph_1bvmi_4 _paragraph_xtcu6_10 layout-component text-serif-m layout-normal text-serif-m layout-padded\">Han har ingen detaljer om hvordan relasjonen mellom mor og s\u00f8nn var.<\/p>\n<p class=\"_paragraph_1bvmi_4 _paragraph_xtcu6_10 layout-component text-serif-m layout-normal text-serif-m layout-padded\">Pedersen forteller at det skal ha v\u00e6rt en krangel i forkant av drapet, og at mannen da skal ha trukket frem en kniv.<\/p>\n","protected":false},"excerpt":{"rendered":"S\u00f8nnen til den 67 \u00e5r gamle kvinnen som ble drept i Hurdal blir plassert p\u00e5 institusjon i fire&hellip;\n","protected":false},"author":2,"featured_media":1743,"comment_status":"","ping_status":"","sticky":false,"template":"","format":"standard","meta":{"footnotes":""},"categories":[5],"tags":[31,20,21,24,25,15,19,476,22,23,17,18,13,30,28,29,14,16,26,27],"class_list":{"0":"post-1742","1":"post","2":"type-post","3":"status-publish","4":"format-standard","5":"has-post-thumbnail","7":"category-overskrifter","8":"tag-breaking","9":"tag-breaking-news","10":"tag-breakingnews","11":"tag-featured-news","12":"tag-featurednews","13":"tag-headlines","14":"tag-hovedoppslag","15":"tag-hurdal","16":"tag-latest-news","17":"tag-latestnews","18":"tag-main-news","19":"tag-mainnews","20":"tag-news","21":"tag-no","22":"tag-norge","23":"tag-norway","24":"tag-nyheter","25":"tag-overskrifter","26":"tag-top-stories","27":"tag-topstories"},"share_on_mastodon":{"url":"","error":""},"_links":{"self":[{"href":"https:\/\/www.europesays.com\/no\/wp-json\/wp\/v2\/posts\/1742","targetHints":{"allow":["GET"]}}],"collection":[{"href":"https:\/\/www.europesays.com\/no\/wp-json\/wp\/v2\/posts"}],"about":[{"href":"https:\/\/www.europesays.com\/no\/wp-json\/wp\/v2\/types\/post"}],"author":[{"embeddable":true,"href":"https:\/\/www.europesays.com\/no\/wp-json\/wp\/v2\/users\/2"}],"replies":[{"embeddable":true,"href":"https:\/\/www.europesays.com\/no\/wp-json\/wp\/v2\/comments?post=1742"}],"version-history":[{"count":0,"href":"https:\/\/www.europesays.com\/no\/wp-json\/wp\/v2\/posts\/1742\/revisions"}],"wp:featuredmedia":[{"embeddable":true,"href":"https:\/\/www.europesays.com\/no\/wp-json\/wp\/v2\/media\/1743"}],"wp:attachment":[{"href":"https:\/\/www.europesays.com\/no\/wp-json\/wp\/v2\/media?parent=1742"}],"wp:term":[{"taxonomy":"category","embeddable":true,"href":"https:\/\/www.europesays.com\/no\/wp-json\/wp\/v2\/categories?post=1742"},{"taxonomy":"post_tag","embeddable":true,"href":"https:\/\/www.europesays.com\/no\/wp-json\/wp\/v2\/tags?post=1742"}],"curies":[{"name":"wp","href":"https:\/\/api.w.org\/{rel}","templated":true}]}}