{"id":17421,"date":"2025-08-25T09:13:17","date_gmt":"2025-08-25T09:13:17","guid":{"rendered":"https:\/\/www.europesays.com\/no\/17421\/"},"modified":"2025-08-25T09:13:17","modified_gmt":"2025-08-25T09:13:17","slug":"vaer-namdalen-fra-gratt-til-blatt-slik-blir-vaeret-framover","status":"publish","type":"post","link":"https:\/\/www.europesays.com\/no\/17421\/","title":{"rendered":"V\u00e6r, Namdalen | Fra gr\u00e5tt til bl\u00e5tt: Slik blir v\u00e6ret framover"},"content":{"rendered":"\n<p><b>NAMDALEN: <\/b>Det som var en brennheit sommer gikk kjapt over til \u00e5 bli det klassiske h\u00f8stv\u00e6ret vi kjenner til. Overgangen kom kanskje som et sjokk for enkelte, men n\u00e5 var dette ekstremv\u00e6ret i sommer usedvanlig ogs\u00e5.<\/p>\n<p>Tar man en titt p\u00e5 langtidsvarselet ser det jaggu lovende ut framover. Allerede p\u00e5 tirsdagen kan det bli over 20 grader enkelte steder i Namdalen.<\/p>\n<p>Mandag vil v\u00e6re preget av samme v\u00e6r som i s\u00f8ndag, men det skal riktignok bli litt mindre regn. Fra og med tirsdag er det sp\u00e5dd at det vil v\u00e6re oppholdsv\u00e6r ut hele uka, if\u00f8lge yr.no.<\/p>\n<p>Til tross for at det vil bli mildere temperaturer er det ikke et direkte sjakktrekk \u00e5 g\u00e5 for t-skjorte og shorts, da det fremdeles vil v\u00e6re sm\u00e5kj\u00f8lig i lufta.<\/p>\n<p>   <img decoding=\"async\" width=\"839\" height=\"479\" fetchpriority=\"low\"  loading=\"lazy\"  src=\"https:\/\/www.europesays.com\/no\/wp-content\/uploads\/2025\/08\/Skjermbilde+2025-08-24+kl.+16.14.25.png\" alt=\"\" class=\"brick-c-cFOWSL\" style=\"--brick-image-ratio: 839 \/ 479;\"\/><\/p>\n<p>    VARMERE: Slik ser v\u00e6rvarselet for Namsos ut den kommende uka. B\u00e5de sol og temperaturer opp mot 20 grader.<br \/>\n    Foto: Yr.no\n  <\/p>\n<p>Les mer om: artikkelemnene<\/p>\n","protected":false},"excerpt":{"rendered":"NAMDALEN: Det som var en brennheit sommer gikk kjapt over til \u00e5 bli det klassiske h\u00f8stv\u00e6ret vi kjenner&hellip;\n","protected":false},"author":2,"featured_media":17422,"comment_status":"","ping_status":"","sticky":false,"template":"","format":"standard","meta":{"footnotes":""},"categories":[12],"tags":[36,20,21,24,25,15,1888,22,23,3158,13,30,28,29,14,16,1510,26,27,553,42,43,44,45],"class_list":{"0":"post-17421","1":"post","2":"type-post","3":"status-publish","4":"format-standard","5":"has-post-thumbnail","7":"category-verden","8":"tag-art","9":"tag-breaking-news","10":"tag-breakingnews","11":"tag-featured-news","12":"tag-featurednews","13":"tag-headlines","14":"tag-host","15":"tag-latest-news","16":"tag-latestnews","17":"tag-namdalen","18":"tag-news","19":"tag-no","20":"tag-norge","21":"tag-norway","22":"tag-nyheter","23":"tag-overskrifter","24":"tag-story","25":"tag-top-stories","26":"tag-topstories","27":"tag-vaer","28":"tag-verden","29":"tag-world","30":"tag-world-news","31":"tag-worldnews"},"share_on_mastodon":{"url":"","error":""},"_links":{"self":[{"href":"https:\/\/www.europesays.com\/no\/wp-json\/wp\/v2\/posts\/17421","targetHints":{"allow":["GET"]}}],"collection":[{"href":"https:\/\/www.europesays.com\/no\/wp-json\/wp\/v2\/posts"}],"about":[{"href":"https:\/\/www.europesays.com\/no\/wp-json\/wp\/v2\/types\/post"}],"author":[{"embeddable":true,"href":"https:\/\/www.europesays.com\/no\/wp-json\/wp\/v2\/users\/2"}],"replies":[{"embeddable":true,"href":"https:\/\/www.europesays.com\/no\/wp-json\/wp\/v2\/comments?post=17421"}],"version-history":[{"count":0,"href":"https:\/\/www.europesays.com\/no\/wp-json\/wp\/v2\/posts\/17421\/revisions"}],"wp:featuredmedia":[{"embeddable":true,"href":"https:\/\/www.europesays.com\/no\/wp-json\/wp\/v2\/media\/17422"}],"wp:attachment":[{"href":"https:\/\/www.europesays.com\/no\/wp-json\/wp\/v2\/media?parent=17421"}],"wp:term":[{"taxonomy":"category","embeddable":true,"href":"https:\/\/www.europesays.com\/no\/wp-json\/wp\/v2\/categories?post=17421"},{"taxonomy":"post_tag","embeddable":true,"href":"https:\/\/www.europesays.com\/no\/wp-json\/wp\/v2\/tags?post=17421"}],"curies":[{"name":"wp","href":"https:\/\/api.w.org\/{rel}","templated":true}]}}