{"id":174813,"date":"2026-02-28T03:15:12","date_gmt":"2026-02-28T03:15:12","guid":{"rendered":"https:\/\/www.europesays.com\/no\/174813\/"},"modified":"2026-02-28T03:15:12","modified_gmt":"2026-02-28T03:15:12","slug":"na-kommer-eu-direktivet-de-har-advart-om-i-alle-ar","status":"publish","type":"post","link":"https:\/\/www.europesays.com\/no\/174813\/","title":{"rendered":"N\u00e5 kommer EU-direktivet de har advart om i alle \u00e5r"},"content":{"rendered":"<p class=\"text-md pt-2 pb-8 mb-3 text-base border-b border-brandNeutral-900 dark:border-brandNeutral-100\">Denne kommentaren gir uttrykk for skribentens meninger.<\/p>\n<ul class=\"mb-6\">&#13;<\/p>\n<li>Mer makt til Acer<\/li>\n<p>&#13;<\/p>\n<li>Automatisk\u00a0konsesjoner til nye kraftlinjer hvis NVE ikke holder frister<\/li>\n<p>&#13;<\/p>\n<li>Deler av Statnetts flaskehals-inntekter sluses rett inn i nettprosjekter bestemt av EU.\u00a0<\/li>\n<p>&#13;\n<\/ul>\n<p>N\u00e5 kommer alt som R\u00f8dt og Sp har ropt ulv om i alle \u00e5r! EUs nye nettpakke har v\u00e6rt p\u00e5 h\u00f8ring i Norge siden f\u00f8r jul, uten s\u00e6rlig mye oppmerksomhet.<\/p>\n<p>Er det en dekkoperasjon, hvor energibransjen og landets EU-tilhengere pr\u00f8ver \u00e5 la forslagene gli gjennom i stillhet?<\/p>\n<p>\u00abAlle\u00bb er imot<\/p>\n<p>P\u00e5 ingen m\u00e5te. I h\u00f8ringssvarene er s\u00e5 og si alle kritiske til de nevnte forslagene i nettpakken. B\u00e5de fagbevegelsen, Fornybar Norge, Norsk Industri steiler over forslagene. Absolutt alle politiske partier, inkludert regjeringen, er imot.<\/p>\n<p>Aller mest kritisk er Statnett selv. De vil slett ikke gi fra seg makt til Acer og EU-kommisjonen og mener, naturlig nok, at de systemansvarlige nettselskapene &#8211; ikke Acer &#8211; er best skikket til \u00e5 planlegge hvilke kraftlinjer og kabler som b\u00f8r bygges.<\/p>\n<p>Hvis Statnett m\u00e5 gi fra seg 25 prosent av flaskehalsinntektene, blir det mindre penger igjen til\u00a0vedlikehold, lavere nettleie og prosjekter i Norge.<\/p>\n<p>Forsvinner til utlandet?<\/p>\n<p>Flaskehalsinntektene g\u00e5r i dag til \u00e5 dempe kostnadene i nettet i hvert enkelt land. If\u00f8lge\u00a0Energidepartementet har\u00a010 milliarder kroner g\u00e5tt til lavere nettleie siden ordningen kom p\u00e5 plass, skriver\u00a0<a href=\"https:\/\/montelnews.com\/nordic\/news\/d480eebf-5eb4-4dab-9888-7ffd3d0b71bb\/aasland-eu-krav-om-25-av-flaskehalsinntektene-er-urimelig\" target=\"_blank\" rel=\"noopener nofollow\">Montel<\/a>.<\/p>\n<p>Norsk Industri er blant dem som frykter at det kan bli\u00a0h\u00f8yere nettleie for forbrukere og industri hvis deler av disse pengene forsvinner til utlandet.<\/p>\n<p>EU-kommisjonen skriver ikke n\u00f8yaktig hvilke linjer og kabler de vil prioritere, men <a href=\"https:\/\/www.regjeringen.no\/contentassets\/bcbbb35f677a453598d0b2bb2bb24704\/ten-e-anneks.pdf\" target=\"_blank\" rel=\"noopener nofollow\">peker p\u00e5<\/a> bedre tilknytning av Spania\/Portugal, Baltikum og \u00f8yene Irland og Kypros. De viser ogs\u00e5 til havnett i Nordsj\u00f8en, \u00d8stersj\u00f8en og Middelhavet.<\/p>\n<p>Energiminister Terje Aasland (Ap) sier til <a href=\"https:\/\/montelnews.com\/nordic\/news\/d480eebf-5eb4-4dab-9888-7ffd3d0b71bb\/aasland-eu-krav-om-25-av-flaskehalsinntektene-er-urimelig\" target=\"_blank\" rel=\"noopener nofollow\">Montel<\/a>\u00a0at forslaget er\u00a0en \u00abi prinsippet og i utgangspunktet, d\u00e5rlig id\u00e9\u00bb som vil v\u00e6re veldig urimelig for Sverige og Norge.<\/p>\n<p>Siden Sverige og Norge er delt inn i flere prisomr\u00e5der enn andre land, har vi ogs\u00e5 mer flaskehalsinntekter. Dermed vil ogs\u00e5 de 25 prosentene\u00a0 utgj\u00f8re flere euro enn for andre land.\u00a0<\/p>\n<p>Store EU-land protesterer<\/p>\n<p>Sverige har ogs\u00e5 protestert h\u00f8ylytt mot EU-kommisjonens forslag. Skandinavene er heller ikke alene: Alle de fem st\u00f8rste EU-landene har <a href=\"https:\/\/www.energiogklima.no\/nyhet\/brussel\/norske-aktorer-frankrike-og-sverige-tar-oppgjor-med-forslag-til-eus-nettpakke\" target=\"_blank\" rel=\"noopener nofollow\">sterke motforestillinger<\/a> mot nettpakken.<\/p>\n<p>Tysklands regjering er <a href=\"https:\/\/www.euractiv.com\/news\/brussels-power-grid-power-grab-falls-flat\/\" target=\"_blank\" rel=\"noopener nofollow\">ikke positiv<\/a>\u00a0til id\u00e9en om sentralisert EU-planlegging. Og en fransk diplomat har kalt fremleggingen av nettpakken <a href=\"https:\/\/www.politico.eu\/article\/france-sweden-eu-grids-package-electricity-plan\/\" target=\"_blank\" rel=\"noopener nofollow\">katastrofal<\/a>, b\u00e5de i\u00a0form og substans.<\/p>\n<p>Disse diskusjonene gikk i Brussel allerede i desember.\u00a0S\u00e5 hvorfor er ikke motstanden st\u00f8rre i Norge? Noe handler nok om den sedvanlige tregheten Norge har i EU-saker; mye g\u00e5r rett og slett under radaren.<\/p>\n<p>Men det handler nok ogs\u00e5 om at man har litt is i magen. Det tar tid f\u00f8r et forslag blir til politikk i EU-systemet. F\u00f8rst skal\u00a0det diskuteres i alle EU-landene og i EU-parlamentet, og det kan komme store endringer p\u00e5 veien.\u00a0Regjeringen <a href=\"https:\/\/montelnews.com\/nordic\/news\/d480eebf-5eb4-4dab-9888-7ffd3d0b71bb\/aasland-eu-krav-om-25-av-flaskehalsinntektene-er-urimelig\" target=\"_blank\" rel=\"noopener nofollow\">sier<\/a>\u00a0ogs\u00e5 at det er\u00a0for tidlig \u00e5 si hvilke deler av nettpakken som er E\u00d8S-relevant.<\/p>\n<p>Ropte ulv<\/p>\n<p>Det er n\u00e5 et \u00e5r siden Sp gikk ut av regjering p\u00e5 grunn av fem t\u00f8rre, gamle EU-direktiver uten kontroversielt innhold.\u00a0Sp ropte og skrek om kraftkabler, h\u00f8yere str\u00f8mpris og mer makt til EU, selv om direktivene ikke handlet om noe av dette.\u00a0<\/p>\n<p>Da Sp forlot regjeringen ble tre av direktivene innf\u00f8rt. Etterp\u00e5 var verden helt den samme.<\/p>\n<p>Sp og R\u00f8dt ropte ulv ogs\u00e5 i 2018, da\u00a0Stortinget vedtok\u00a0EUs tredje energimarkedspakke og tilslutning til energibyr\u00e5et ACER.\u00a0Byr\u00e5et ble fremstilt som selveste\u00a0Beelzebub, men innebar i korte trekk bare mer samarbeid mellom NVE og deres like i Europa.<\/p>\n<p>EUs nettpakke\u00a0ligner derimot mye mer p\u00e5 det nei-partiene har advart om. Men det er vanskeligere \u00e5 f\u00e5 en politisk seier p\u00e5 noe alle er enige om.<\/p>\n<p>\u2013 Et politisk pinnsvin<\/p>\n<p>Det ultimate beviset p\u00e5 at Norge st\u00e5r samlet mot forslaget, er at til og med Europabevegelsen er kritiske.<\/p>\n<p>Nestleder Rasmus Hanson sier til <a href=\"https:\/\/www.nettavisen.no\/okonomi\/kraftige-reaksjoner-pa-eus-forslag-om-bompenger-pa-norsk-strom\/s\/5-95-2899359\" target=\"_blank\" rel=\"noopener nofollow\">Nettavisen<\/a> at EU-kritiske r\u00f8ster sikkert vil bruke saken som argument for at Norge m\u00e5 holde seg langt unna EU.<\/p>\n<p>\u2013 Men det hjelper jo ikke industri, arbeidsplasser eller str\u00f8mkunder om Norge bare ruller seg sammen som et politisk pinnsvin og h\u00e5per at kjipe EU-forslag bare fordamper. For det gj\u00f8re de ikke.\u00a0<\/p>\n<p><a class=\"group clear-both w-full !no-underline my-8 sm:my-12 bg-stone-50 dark:bg-brandStone-700 dark:text-brandNeutral-100 flex items-stretch flex-nowrap\" href=\"https:\/\/www.tu.no\/artikler\/eramet-etter-tollsjokket-det-blir-hoyere-kostnader-og-storre-konkurranse\/564716\" rel=\"nofollow noopener\" target=\"_blank\"><img decoding=\"async\" class=\" object-cover h-full w-full transition-transform duration-700 ease-in-out group-hover:scale-[1.05] will-change-transform\" src=\"https:\/\/www.europesays.com\/no\/wp-content\/uploads\/2026\/02\/Tapper%2C%20metallprove%20(Tilpasset).jpg\"  alt=\"Malm og koks fylles i de to ovnene i Sauda. Her blir det gjort pr\u00f8vetaking av ferromangan. (Arkivfoto)\" loading=\"lazy\"\/><\/p>\n<p>Les ogs\u00e5:<\/p>\n<p class=\"group-hover:underline text-brandNeutral-900 dark:text-brandNeutral-100 mt-2 text-base sm:text-xl leading-5 sm:leading-6 font-bold\">Eramet etter tollsjokket: \u2013 Det blir h\u00f8yere kostnader og st\u00f8rre konkurranse<\/p>\n<p><\/a><\/p>\n","protected":false},"excerpt":{"rendered":"Denne kommentaren gir uttrykk for skribentens meninger. &#13; Mer makt til Acer &#13; Automatisk\u00a0konsesjoner til nye kraftlinjer hvis&hellip;\n","protected":false},"author":2,"featured_media":174814,"comment_status":"","ping_status":"","sticky":false,"template":"","format":"standard","meta":{"footnotes":"","_share_on_mastodon":"0"},"categories":[10],"tags":[20,21,279,8375,24,25,15,266,22,23,13,30,28,29,14,16,3481,26,27,18113],"class_list":["post-174813","post","type-post","status-publish","format-standard","has-post-thumbnail","category-norge","tag-breaking-news","tag-breakingnews","tag-eu","tag-eu-direktiv","tag-featured-news","tag-featurednews","tag-headlines","tag-kommentar","tag-latest-news","tag-latestnews","tag-news","tag-no","tag-norge","tag-norway","tag-nyheter","tag-overskrifter","tag-statnett","tag-top-stories","tag-topstories","tag-utenlandskabler"],"share_on_mastodon":{"url":"https:\/\/pubeurope.com\/@no\/116146085848519699","error":""},"_links":{"self":[{"href":"https:\/\/www.europesays.com\/no\/wp-json\/wp\/v2\/posts\/174813","targetHints":{"allow":["GET"]}}],"collection":[{"href":"https:\/\/www.europesays.com\/no\/wp-json\/wp\/v2\/posts"}],"about":[{"href":"https:\/\/www.europesays.com\/no\/wp-json\/wp\/v2\/types\/post"}],"author":[{"embeddable":true,"href":"https:\/\/www.europesays.com\/no\/wp-json\/wp\/v2\/users\/2"}],"replies":[{"embeddable":true,"href":"https:\/\/www.europesays.com\/no\/wp-json\/wp\/v2\/comments?post=174813"}],"version-history":[{"count":0,"href":"https:\/\/www.europesays.com\/no\/wp-json\/wp\/v2\/posts\/174813\/revisions"}],"wp:featuredmedia":[{"embeddable":true,"href":"https:\/\/www.europesays.com\/no\/wp-json\/wp\/v2\/media\/174814"}],"wp:attachment":[{"href":"https:\/\/www.europesays.com\/no\/wp-json\/wp\/v2\/media?parent=174813"}],"wp:term":[{"taxonomy":"category","embeddable":true,"href":"https:\/\/www.europesays.com\/no\/wp-json\/wp\/v2\/categories?post=174813"},{"taxonomy":"post_tag","embeddable":true,"href":"https:\/\/www.europesays.com\/no\/wp-json\/wp\/v2\/tags?post=174813"}],"curies":[{"name":"wp","href":"https:\/\/api.w.org\/{rel}","templated":true}]}}