{"id":174829,"date":"2026-02-28T04:28:09","date_gmt":"2026-02-28T04:28:09","guid":{"rendered":"https:\/\/www.europesays.com\/no\/174829\/"},"modified":"2026-02-28T04:28:09","modified_gmt":"2026-02-28T04:28:09","slug":"openai-inngar-avtale-med-pentagon-etter-anthropic-bruddet","status":"publish","type":"post","link":"https:\/\/www.europesays.com\/no\/174829\/","title":{"rendered":"OpenAI inng\u00e5r avtale med Pentagon etter Anthropic-bruddet"},"content":{"rendered":"\n<p class=\"_lead_o9xde_2 _lead_6fko5_53 layout-component text-serif-m layout-normal text-serif-l layout-component layout-wide layout-padded _wide_17hqh_1 layout-padded\">Sam Altman bekrefter at selskapet har inng\u00e5tt en avtale med det amerikanske forsvaret.<\/p>\n<p><img alt=\" Foto: YUICHI YAMAZAKI \/ AFP \/ NTB\" class=\"_image_qp4xg_65 layout-component layout-wide\" data-fullscreen- data-track-element-type=\"Article image fullscreen\" data-track-name=\"ImageFullscreen\" fetchpriority=\"high\" decoding=\"sync\" loading=\"eager\" height=\"5146\" itemprop=\"image\"  src=\"https:\/\/www.europesays.com\/no\/wp-content\/uploads\/2026\/02\/e0630cbf-a8ff-4154-a69a-aa3d01b8a0d3.png\"  style=\"object-position:0% 0%\" width=\"6708\"\/> Foto: YUICHI YAMAZAKI \/ AFP \/ NTB<\/p>\n<ul aria-hidden=\"true\" class=\"_images_ntbth_112\">\n<li><a class=\"_link_ntbth_117\" href=\"https:\/\/www.vg.no\/forfatter\/hege-varsi\" style=\"z-index:1\" title=\"Hege Varsi\" rel=\"nofollow noopener\" target=\"_blank\"><img alt=\"Bilde av Hege Varsi\" class=\"_image_ntbth_93\" fetchpriority=\"low\" loading=\"lazy\" decoding=\"async\" itemprop=\"image\"  src=\"https:\/\/www.europesays.com\/no\/wp-content\/uploads\/2026\/02\/1772252889_363_d48c09ee-ae08-4a71-8e5b-8db7c6b4f37d.png\"  width=\"480\"\/><\/a><\/li>\n<\/ul>\n<p> Oppdatert l\u00f8rdag 28. februar kl. 04:15     <\/p>\n<p class=\"_paragraph_o9xde_4 _paragraph_6fko5_10 layout-component text-serif-m layout-normal text-serif-m layout-padded\">OpenAI-sjef Sam Altman kunngjorde fredag kveld p\u00e5 <a href=\"https:\/\/x.com\/sama\/status\/2027578652477821175\" class=\"_link_o9xde_39\" rel=\"nofollow\">X<\/a> at selskapet har inng\u00e5tt en avtale med det amerikanske forsvarsdepartementet om \u00e5 bruke selskapets AI-modeller i klassifiserte nettverk.<\/p>\n<p class=\"_paragraph_o9xde_4 _paragraph_6fko5_10 layout-component text-serif-m layout-normal text-serif-m layout-padded\">\u2013 I kveld n\u00e5dde vi en avtale med forsvarsdepartementet om \u00e5 ta i bruk v\u00e5re modeller i deres klassifiserte nettverk, skriver Altman.<\/p>\n<p class=\"_paragraph_o9xde_4 _paragraph_6fko5_10 layout-component text-serif-m layout-normal text-serif-m layout-padded\">Avtalen kommer etter at president <a href=\"https:\/\/www.vg.no\/tag\/donald-trump-2?utm_source=vg-article&amp;utm_medium=auto-tagger&amp;utm_campaign=K8nGg5\" class=\"_link_o9xde_39\" rel=\"nofollow noopener\" target=\"_blank\">Donald Trump<\/a> tidligere denne uken beordret alle amerikanske myndigheter til \u00e5 <a href=\"https:\/\/www.vg.no\/nyheter\/i\/V6P554\/trump-beordrer-stans-i-bruk-av-anthropic-teknologi\" data-track-element-type=\"Link\" data-track-id=\"link:V6P554\" class=\"_link_o9xde_39\" rel=\"nofollow noopener\" target=\"_blank\">slutte \u00e5 bruke konkurrenten Anthropics teknologi.<\/a><\/p>\n<p class=\"_paragraph_o9xde_4 _paragraph_6fko5_10 layout-component text-serif-m layout-normal text-serif-m layout-padded\">Anthropic hadde tidligere v\u00e6rt den eneste store kommersielle AI-produsenten som var godkjent for bruk i Pentagon, gjennom et partnerskap med Palantir. Men selskapet havnet i konflikt med forsvarsminister Pete Hegseth over begrensninger p\u00e5 bruken av teknologien.<\/p>\n<p class=\"_paragraph_o9xde_4 _paragraph_6fko5_10 layout-component text-serif-m layout-normal text-serif-m layout-padded\">Altman understreket at OpenAI har f\u00e5tt aksept for sine to krav i avtalen med Pentagon.<\/p>\n<p class=\"_paragraph_o9xde_4 _paragraph_6fko5_10 layout-component text-serif-m layout-normal text-serif-m layout-padded\">\u2013 To av v\u00e5re viktigste sikkerhetsprinsipper er forbud mot innenlandsk masseoverv\u00e5king og menneskers ansvar for bruk av makt, inkludert for autonome v\u00e5pensystemer. Forsvarsdepartementet er enig i disse prinsippene, skriver han.<\/p>\n<p><img alt=\"USAs forsvarsminister Pete Hegseth foran Department of War.   Foto: Kevin Wolf \/ AP \/ NTB\" class=\"_image_qp4xg_65 layout-component layout-normal\" data-fullscreen- data-track-element-type=\"Article image fullscreen\" data-track-name=\"ImageFullscreen\" decoding=\"async\" loading=\"lazy\" height=\"4024\" itemprop=\"image\"  src=\"https:\/\/www.europesays.com\/no\/wp-content\/uploads\/2026\/02\/67bfce28-9db9-407a-8a8c-6366bd888c3e.jpeg\"  style=\"object-position:0% 0%\" width=\"6048\"\/>USAs forsvarsminister Pete Hegseth foran Department of War.   Foto: Kevin Wolf \/ AP \/ NTB<\/p>\n<p class=\"_paragraph_o9xde_4 _paragraph_6fko5_10 layout-component text-serif-m layout-normal text-serif-m layout-padded\">Kjernen i striden mellom Anthropic er at Pentagon \u00f8nsker at milit\u00e6ret skal kunne bruke AI-teknologi til ethvert \u00ablovlige form\u00e5l\u00bb. Anthropic nekter p\u00e5 sin side \u00e5 fjerne sikkerhetsbegrensninger som hindrer bruk til\u00a0autonome v\u00e5pen\u00a0og innenlandsk overv\u00e5kning.<\/p>\n<p class=\"_paragraph_o9xde_4 _paragraph_6fko5_10 layout-component text-serif-m layout-normal text-serif-m layout-padded\">Trump sa fredag at de n\u00e5 g\u00e5r inn i en seksm\u00e5neders \u00abutfasingsperiode\u00bb for blant annet Forsvarsdepartementet, som bruker Anthropics produkter.<\/p>\n<p class=\"_paragraph_o9xde_4 _paragraph_6fko5_10 layout-component text-serif-m layout-normal text-serif-m layout-padded\">\u2013 USA vil aldri tillate at et radikalt venstreorientert, \u00abwoke\u00bb selskap dikterer hvordan v\u00e5rt store milit\u00e6re kjemper og vinner kriger, skrev han i et flammende innlegg p\u00e5 sitt eget sosiale medium\u00a0<a href=\"https:\/\/truthsocial.com\/@realDonaldTrump\/posts\/116144552969293195\" class=\"_link_o9xde_39\" rel=\"nofollow noopener\" target=\"_blank\">Truth Social<\/a>.<\/p>\n<p class=\"_paragraph_o9xde_4 _paragraph_6fko5_10 layout-component text-serif-m layout-normal text-serif-m layout-padded\">\u2013 Derfor beordrer jeg at alle f\u00f8derale etater i USAs regjering umiddelbart skal stanse all bruk av Anthropics teknologi, fortsatte han. <\/p>\n<p class=\"_paragraph_o9xde_4 _paragraph_6fko5_10 layout-component text-serif-m layout-normal text-serif-m layout-padded\">If\u00f8lge Altman vil OpenAI beholde kontrollen over hvordan tekniske sikkerhetstiltak implementeres og hvor modellene skal brukes. <\/p>\n<p class=\"_paragraph_o9xde_4 _paragraph_6fko5_10 layout-component text-serif-m layout-normal text-serif-m layout-padded\">Selskapet vil kun ta i bruk teknologien p\u00e5 skynettverk, ikke i s\u00e5kalte \u00abedge-systemer\u00bb som kan inkludere fly og droner, if\u00f8lge Altman. <\/p>\n<p class=\"_paragraph_o9xde_4 _paragraph_6fko5_10 layout-component text-serif-m layout-normal text-serif-m layout-padded\">Altman oppfordret Pentagon til \u00e5 tilby de samme vilk\u00e5rene til alle AI-selskaper.<\/p>\n","protected":false},"excerpt":{"rendered":"Sam Altman bekrefter at selskapet har inng\u00e5tt en avtale med det amerikanske forsvaret. Foto: YUICHI YAMAZAKI \/ AFP&hellip;\n","protected":false},"author":2,"featured_media":174830,"comment_status":"","ping_status":"","sticky":false,"template":"","format":"standard","meta":{"footnotes":"","_share_on_mastodon":"0"},"categories":[5],"tags":[20,21,55,24,25,567,15,19,22,23,17,18,2730,13,30,28,29,14,173,16,4422,6506,174,26,27,46],"class_list":["post-174829","post","type-post","status-publish","format-standard","has-post-thumbnail","category-overskrifter","tag-breaking-news","tag-breakingnews","tag-donald-trump","tag-featured-news","tag-featurednews","tag-forsvarsdepartementet","tag-headlines","tag-hovedoppslag","tag-latest-news","tag-latestnews","tag-main-news","tag-mainnews","tag-militaer","tag-news","tag-no","tag-norge","tag-norway","tag-nyheter","tag-openai","tag-overskrifter","tag-pentagon","tag-pete-hegseth","tag-sam-altman","tag-top-stories","tag-topstories","tag-vgai"],"share_on_mastodon":{"url":"https:\/\/pubeurope.com\/@no\/116146372907005989","error":""},"_links":{"self":[{"href":"https:\/\/www.europesays.com\/no\/wp-json\/wp\/v2\/posts\/174829","targetHints":{"allow":["GET"]}}],"collection":[{"href":"https:\/\/www.europesays.com\/no\/wp-json\/wp\/v2\/posts"}],"about":[{"href":"https:\/\/www.europesays.com\/no\/wp-json\/wp\/v2\/types\/post"}],"author":[{"embeddable":true,"href":"https:\/\/www.europesays.com\/no\/wp-json\/wp\/v2\/users\/2"}],"replies":[{"embeddable":true,"href":"https:\/\/www.europesays.com\/no\/wp-json\/wp\/v2\/comments?post=174829"}],"version-history":[{"count":0,"href":"https:\/\/www.europesays.com\/no\/wp-json\/wp\/v2\/posts\/174829\/revisions"}],"wp:featuredmedia":[{"embeddable":true,"href":"https:\/\/www.europesays.com\/no\/wp-json\/wp\/v2\/media\/174830"}],"wp:attachment":[{"href":"https:\/\/www.europesays.com\/no\/wp-json\/wp\/v2\/media?parent=174829"}],"wp:term":[{"taxonomy":"category","embeddable":true,"href":"https:\/\/www.europesays.com\/no\/wp-json\/wp\/v2\/categories?post=174829"},{"taxonomy":"post_tag","embeddable":true,"href":"https:\/\/www.europesays.com\/no\/wp-json\/wp\/v2\/tags?post=174829"}],"curies":[{"name":"wp","href":"https:\/\/api.w.org\/{rel}","templated":true}]}}