{"id":17483,"date":"2025-08-25T10:23:10","date_gmt":"2025-08-25T10:23:10","guid":{"rendered":"https:\/\/www.europesays.com\/no\/17483\/"},"modified":"2025-08-25T10:23:10","modified_gmt":"2025-08-25T10:23:10","slug":"85-nye-milliarder-til-ukraina-i-2026","status":"publish","type":"post","link":"https:\/\/www.europesays.com\/no\/17483\/","title":{"rendered":"85 nye milliarder til Ukraina i 2026"},"content":{"rendered":"\n<p class=\"_lead_1bvmi_2 _lead_xtcu6_50 layout-component text-serif-m layout-normal text-serif-l layout-component layout-wide layout-padded _wide_17hqh_1 layout-padded\">St\u00f8re-regjeringen vil opprettholde st\u00f8tten til Ukraina p\u00e5 85 milliarder kroner neste \u00e5r. President Volodymyr Zelenskyj takket og sa at gass som Norge betaler, redder ukrainske liv. <\/p>\n<p> <img class=\"_image_qp4xg_65 layout-component layout-wide\" data-fullscreen- data-track-element-type=\"Article image fullscreen\" data-track-name=\"ImageFullscreen\" fetchpriority=\"high\" decoding=\"sync\" loading=\"eager\" height=\"102\" itemprop=\"image\"  src=\"https:\/\/www.europesays.com\/no\/wp-content\/uploads\/2025\/08\/78a99bfa8f8f9e66f1c851d284d2341e.jpg\"  style=\"object-position:50% 50%;aspect-ratio:1.75;height:auto;object-fit:cover;width:100%\" width=\"102\"\/>  <\/p>\n<ul aria-hidden=\"true\" class=\"_images_1y6fe_106\">\n<li><a class=\"_link_1y6fe_111\" href=\"https:\/\/www.vg.no\/forfatter\/alf-bjarne-johnsen\" style=\"z-index:1\" title=\"Alf Bjarne Johnsen\" rel=\"nofollow noopener\" target=\"_blank\"><img alt=\"Bilde av Alf Bjarne Johnsen\" class=\"_image_1y6fe_88\" fetchpriority=\"low\" loading=\"lazy\" decoding=\"async\" itemprop=\"image\"  src=\"https:\/\/www.europesays.com\/no\/wp-content\/uploads\/2025\/08\/1756117389_877_a8952b63-f4d3-424e-ab5c-93e67076c9b0\"  width=\"480\"\/><\/a><\/li>\n<\/ul>\n<p>rapporterer fra Kyiv  Oppdatert mandag 25. august kl. 12:17     <\/p>\n<p class=\"_paragraph_1bvmi_4 _paragraph_xtcu6_10 layout-component text-serif-m layout-normal text-serif-m layout-padded\">Statsminister Jonas Gahr St\u00f8re (Ap) hadde med nyheten om uendret st\u00f8tte til m\u00f8tet med Zelenskyj i Kyiv mandag. <\/p>\n<p class=\"_paragraph_1bvmi_4 _paragraph_xtcu6_10 layout-component text-serif-m layout-normal text-serif-m layout-padded\">St\u00f8re ble tatt imot i presidentpalasset med en hjertelig omfavnelse av presidenten. <\/p>\n<p class=\"_paragraph_1bvmi_4 _paragraph_xtcu6_10 layout-component text-serif-m layout-normal text-serif-m layout-padded\">St\u00f8re sier at bel\u00f8pet for 2026 ble avklart p\u00e5 regjeringens interne budsjettkonferanse i forrige uke.<\/p>\n<p class=\"_paragraph_1bvmi_4 _paragraph_xtcu6_10 layout-component text-serif-m layout-normal text-serif-m layout-padded\">\u2013 Etter grundige diskusjoner foresl\u00e5r vi \u00e5 videref\u00f8re st\u00f8tten i 2026 p\u00e5 \u00e5rets niv\u00e5. Det er et veldig h\u00f8yt bel\u00f8p. Det tar Ukraina-st\u00f8tten opp til 275 milliarder kroner totalt, sier statsministeren.<\/p>\n<p>Ukrainas president Volodymyr Zelenskyj tok imot Jonaas Gahr St\u00f8re i presidentpalasset mandag.  Foto: Heiko Junge \/ NTB<\/p>\n<p class=\"_paragraph_1bvmi_4 _paragraph_xtcu6_10 layout-component text-serif-m layout-normal text-serif-m layout-padded\">Fordelingen mellom milit\u00e6r og sivil sektor er ikke avklart, men St\u00f8re sier at det milit\u00e6re blir en hovedkomponent.<\/p>\n<p class=\"_paragraph_1bvmi_4 _paragraph_xtcu6_10 layout-component text-serif-m layout-normal text-serif-m layout-padded\">St\u00f8re vil legge forslaget fram i statsbudsjettet i oktober. Deretter vil han snakke med de andre partiene p\u00e5 Stortinget om \u00e5 videref\u00f8re dette niv\u00e5et, som Stortinget vedtok enstemmig for budsjett\u00e5ret 2025.<\/p>\n<p><img alt=\"Jonas Gahr St\u00f8re kom til Ukrainas hovedstad Kyiv med tog mandag morgen.   Foto: Heiko Junge \/ NTB\" class=\"_image_qp4xg_65 layout-component layout-normal\" data-fullscreen- data-track-element-type=\"Article image fullscreen\" data-track-name=\"ImageFullscreen\" decoding=\"async\" loading=\"lazy\" height=\"5141\" itemprop=\"image\"  src=\"https:\/\/www.europesays.com\/no\/wp-content\/uploads\/2025\/08\/44b4c9ce-2eb9-462a-a692-0b05e1951c50\"  style=\"object-position:0% 0%\" width=\"7712\"\/>Jonas Gahr St\u00f8re kom til Ukrainas hovedstad Kyiv med tog mandag morgen.   Foto: Heiko Junge \/ NTB<\/p>\n<p class=\"_paragraph_1bvmi_4 _paragraph_xtcu6_10 layout-component text-serif-m layout-normal text-serif-m layout-padded\">Den ukrainske presidenten sa at den norske st\u00f8tten er spesielt viktig i tre omr\u00e5der som er prioritert av ukrainerne:<\/p>\n<ul class=\"_list_1bvmi_3 _list_xtcu6_9 _unordered_1bvmi_99 layout-component text-serif-m layout-normal text-serif-m layout-padded\">\n<li class=\"_item_1bvmi_30\">St\u00f8tte til luftforsvar: Norge spleiser n\u00e5 med Tyskland om \u00e5 gi Ukraina flere Patriot luftvernsystemer, som kan skyte ned ballistiske missiler fra Russland. Han skr\u00f8t av det norske Nasams-systemet. og opplyste at Ukraina snart er klar til \u00e5 produsere Nasams-missiler. <\/li>\n<li class=\"_item_1bvmi_30\">St\u00f8tte til trening: Sammen med Norden og landene i Baltikum trener og finansierer Norge opp en ny brigade for den ukrainske h\u00e6ren.<\/li>\n<li class=\"_item_1bvmi_30\">St\u00f8tte til sj\u00f8forsvar: Zelenskyj sa at Norges erfaring med \u00e5 forsvare en lang kyst kommer Ukraina godt til nytte i Svartehavet. <\/li>\n<\/ul>\n<p>Dette er Nansen-programmet <\/p>\n<p class=\"_paragraph_1bvmi_4 _paragraph_xtcu6_10 _paragraph_16v91_10 layout-component text-serif-m layout-normal text-sans-m layout-padded\">\u2022 Nansen-programmet ble f\u00f8rste gang lansert 16. februar 2023 av de parlamentariske lederne, statsministeren, finansministeren og president Zelenskyj.<br \/>\u2022 Alle partiene p\u00e5 Stortinget st\u00e5r bak Nansen-programmet.<br \/>\u2022 Da programmet ble lansert, var st\u00f8tten 15 milliarder kroner hvert \u00e5r i tidsrommet 2023-2027, totalt 75 milliarder kroner.<br \/>\u2022 Etter at Nansen-programmet ble lansert, har den \u00f8konomiske st\u00f8tten blitt utvidet ved flere anledninger. I 2024 var st\u00f8tten 27 milliarder kroner.<br \/>\u2022 H\u00f8sten 2024 ble partiene p\u00e5 Stortinget enige om \u00e5 utvide Nansen-programmet. Programmet ble forlenget med tre \u00e5r, til og med 2030.Det ble etablert et \u00abgulv\u00bb for \u00e5rlig finansiering p\u00e5 15 milliarder kroner. Bevilgningen i 2025 ble samtidig \u00f8kt fra 15 til 35 milliarder kroner. Totalt ble rammen for programmet \u00f8kt til 155 milliarder kroner.<br \/>\u2022 I april i \u00e5r vedtok et samlet Storting en ekstraordin\u00e6r tilleggsbevilgning i 2025 p\u00e5 50 milliarder kroner. Med dette ble den samlede st\u00f8tten i \u00e5r \u00f8kt til 85 milliarder kroner, og rammen for Nansen-programmet utvidet til 205 milliarder kroner.<br \/>Kilde: Statsministerens kontor <\/p>\n<p>Vis merHolder ukrainerne varme <\/p>\n<p class=\"_paragraph_1bvmi_4 _paragraph_xtcu6_10 layout-component text-serif-m layout-normal text-serif-m layout-padded\">Zelenskyj sa p\u00e5 pressekonferansen at han og St\u00f8re ogs\u00e5 hadde snakket om Norges sivile st\u00f8tte, og han trakk fram <a href=\"https:\/\/www.vg.no\/nyheter\/i\/qP5dnO\/zelenskyj-ba-om-penger-til-gass-fra-norge-faar-en-milliard\" data-track-element-type=\"Link\" data-track-id=\"link:qP5dnO\" class=\"_link_1bvmi_39\" rel=\"nofollow noopener\" target=\"_blank\">at norske penger finansierer gassinnkj\u00f8p f\u00f8r vinteren: <\/a><\/p>\n<p class=\"_paragraph_1bvmi_4 _paragraph_xtcu6_10 layout-component text-serif-m layout-normal text-serif-m layout-padded\"><strong class=\"_strong_1bvmi_25\">\u2013<\/strong> Okkupasjonen fortsetter. Vi har diskutert st\u00f8tte til energiforsyning, som Russland pr\u00f8ver \u00e5 underminere f\u00f8r vinteren. Norges bidrag redder liv. En million familier vil holde seg varme i vinter, takket v\u00e6re st\u00f8tten til innkj\u00f8p av gass, sa Zelenskyj.<\/p>\n<p>USA m\u00e5 v\u00e6re med <\/p>\n<p class=\"_paragraph_1bvmi_4 _paragraph_xtcu6_10 layout-component text-serif-m layout-normal text-serif-m layout-padded\">St\u00f8re hadde ikke noen nye l\u00f8fter med seg fra Norge om arbeidet med sikkerhetsgarantier for Ukraina. <\/p>\n<p class=\"_paragraph_1bvmi_4 _paragraph_xtcu6_10 layout-component text-serif-m layout-normal text-serif-m layout-padded\">\u2013 Det er n\u00e5r krigen ikke lenger lurer rundt hj\u00f8rnet, at sikkerhetsgatantier kommer inn. N\u00e5 diskuterer vi kollektive garantier. Det er absolutt n\u00f8dvendig \u00e5 holde USA inne i de diskusjonene. For at de skal v\u00e6re effektive, b\u00f8r Europa og USA gj\u00f8re det sammen, sa den norske statsministeren. <\/p>\n<p class=\"_paragraph_1bvmi_4 _paragraph_xtcu6_10 layout-component text-serif-m layout-normal text-serif-m layout-padded\">Zelenskyj hadde heller ingen nyheter om prosessen videre med USA og om eventuelle m\u00f8ter med Russland. Men Trumps spesialutsending Keith Kellogg er ogs\u00e5 i Kyiv mandag, og St\u00f8re sa at han h\u00e5pet \u00e5 m\u00f8te ham i l\u00f8pet av dagen. <\/p>\n<p class=\"_paragraph_1bvmi_4 _paragraph_xtcu6_10 layout-component text-serif-m layout-normal text-serif-m layout-padded\">\u2013 Jeg vil ikke g\u00e5 i detaljer. Men sikkerhetsgarantier er n\u00f8dvendig for \u00e5 kunne kontrollere en eventuell v\u00e5penhvile. Sp\u00f8rsm\u00e5let er om det finnes politisk vilje i Russland til \u00e5 avslutte krigen. Vi trenger troverdig press fra USA f\u00e5r at det skal skje, sa den ukrainske presidenten. <\/p>\n","protected":false},"excerpt":{"rendered":"St\u00f8re-regjeringen vil opprettholde st\u00f8tten til Ukraina p\u00e5 85 milliarder kroner neste \u00e5r. President Volodymyr Zelenskyj takket og sa&hellip;\n","protected":false},"author":2,"featured_media":17484,"comment_status":"","ping_status":"","sticky":false,"template":"","format":"standard","meta":{"footnotes":""},"categories":[12],"tags":[20,21,24,25,15,201,179,3137,22,23,13,30,28,281,29,14,16,26,27,42,205,488,43,44,45],"class_list":{"0":"post-17483","1":"post","2":"type-post","3":"status-publish","4":"format-standard","5":"has-post-thumbnail","7":"category-verden","8":"tag-breaking-news","9":"tag-breakingnews","10":"tag-featured-news","11":"tag-featurednews","12":"tag-headlines","13":"tag-jonas-gahr-store","14":"tag-krigen-i-ukraina","15":"tag-kyiv","16":"tag-latest-news","17":"tag-latestnews","18":"tag-news","19":"tag-no","20":"tag-norge","21":"tag-norsk-politikk","22":"tag-norway","23":"tag-nyheter","24":"tag-overskrifter","25":"tag-top-stories","26":"tag-topstories","27":"tag-verden","28":"tag-vgsamfunn","29":"tag-volodymyr-zelenskyj","30":"tag-world","31":"tag-world-news","32":"tag-worldnews"},"share_on_mastodon":{"url":"","error":""},"_links":{"self":[{"href":"https:\/\/www.europesays.com\/no\/wp-json\/wp\/v2\/posts\/17483","targetHints":{"allow":["GET"]}}],"collection":[{"href":"https:\/\/www.europesays.com\/no\/wp-json\/wp\/v2\/posts"}],"about":[{"href":"https:\/\/www.europesays.com\/no\/wp-json\/wp\/v2\/types\/post"}],"author":[{"embeddable":true,"href":"https:\/\/www.europesays.com\/no\/wp-json\/wp\/v2\/users\/2"}],"replies":[{"embeddable":true,"href":"https:\/\/www.europesays.com\/no\/wp-json\/wp\/v2\/comments?post=17483"}],"version-history":[{"count":0,"href":"https:\/\/www.europesays.com\/no\/wp-json\/wp\/v2\/posts\/17483\/revisions"}],"wp:featuredmedia":[{"embeddable":true,"href":"https:\/\/www.europesays.com\/no\/wp-json\/wp\/v2\/media\/17484"}],"wp:attachment":[{"href":"https:\/\/www.europesays.com\/no\/wp-json\/wp\/v2\/media?parent=17483"}],"wp:term":[{"taxonomy":"category","embeddable":true,"href":"https:\/\/www.europesays.com\/no\/wp-json\/wp\/v2\/categories?post=17483"},{"taxonomy":"post_tag","embeddable":true,"href":"https:\/\/www.europesays.com\/no\/wp-json\/wp\/v2\/tags?post=17483"}],"curies":[{"name":"wp","href":"https:\/\/api.w.org\/{rel}","templated":true}]}}