{"id":17492,"date":"2025-08-25T10:30:14","date_gmt":"2025-08-25T10:30:14","guid":{"rendered":"https:\/\/www.europesays.com\/no\/17492\/"},"modified":"2025-08-25T10:30:14","modified_gmt":"2025-08-25T10:30:14","slug":"hengedekket-pa-fergen-ble-hevet-for-alle-biler-var-av","status":"publish","type":"post","link":"https:\/\/www.europesays.com\/no\/17492\/","title":{"rendered":"Hengedekket p\u00e5 fergen ble hevet f\u00f8r alle biler var av"},"content":{"rendered":"\n<p class=\"_lead_1bvmi_2 _lead_xtcu6_50 layout-component text-serif-m layout-normal text-serif-l layout-component layout-wide layout-padded _wide_17hqh_1 layout-padded\">To biler fikk skader da hengedekket p\u00e5 SuperSpeed-fergen ble hevet. N\u00e5 er saken meldt til Sj\u00f8fartsdirektoratet.<\/p>\n<p><img alt=\"Det var p\u00e5 Color Lines SuperSpeed at hendelsen oppstod. Foto: HENNING BAGGER \/ NTB\" class=\"_image_qp4xg_65 layout-component layout-wide\" data-fullscreen- data-track-element-type=\"Article image fullscreen\" data-track-name=\"ImageFullscreen\" fetchpriority=\"high\" decoding=\"sync\" loading=\"eager\" height=\"4054\" itemprop=\"image\"  src=\"https:\/\/www.europesays.com\/no\/wp-content\/uploads\/2025\/08\/47c4b658-cce2-4858-94b6-272145768b08\"  style=\"object-position:0% 0%\" width=\"6666\"\/>Det var p\u00e5 Color Lines SuperSpeed at hendelsen oppstod. Foto: HENNING BAGGER \/ NTB<\/p>\n<ul aria-hidden=\"true\" class=\"_images_1y6fe_106\">\n<li><a class=\"_link_1y6fe_111\" href=\"https:\/\/www.vg.no\/forfatter\/siamak-nematpoor\" style=\"z-index:1\" title=\"Siamak Nematpoor\" rel=\"nofollow noopener\" target=\"_blank\"><img alt=\"Bilde av Siamak Nematpoor\" class=\"_image_1y6fe_88\" fetchpriority=\"low\" loading=\"lazy\" decoding=\"async\" itemprop=\"image\"  src=\"https:\/\/www.europesays.com\/no\/wp-content\/uploads\/2025\/08\/1756117812_143_1484310c-7084-4c65-8d24-b975c0676ab5\"  width=\"480\"\/><\/a><\/li>\n<\/ul>\n<p> Oppdatert mandag 25. august kl. 12:03     <\/p>\n<p class=\"_paragraph_1bvmi_4 _paragraph_xtcu6_10 layout-component text-serif-m layout-normal text-serif-m layout-padded\"><a href=\"https:\/\/www.vg.no\/tag\/color-line?utm_source=vg-article&amp;utm_medium=auto-tagger&amp;utm_campaign=wg1deM\" class=\"_link_1bvmi_39\" rel=\"nofollow noopener\" target=\"_blank\">Color Line<\/a> bekrefter overfor VG at det oppsto en u\u00f8nsket hendelse under avgangen fra Larvik til Hirtshals torsdag forrige uke. <\/p>\n<p class=\"_paragraph_1bvmi_4 _paragraph_xtcu6_10 layout-component text-serif-m layout-normal text-serif-m layout-padded\">Hengedekket p\u00e5 fergen skal ha blitt hevet f\u00f8r alle biler var kj\u00f8rt av.<\/p>\n<p class=\"_paragraph_1bvmi_4 _paragraph_xtcu6_10 layout-component text-serif-m layout-normal text-serif-m layout-padded\"><strong class=\"_strong_1bvmi_25\">Har du tips eller var du ombord da dette skjedde? <a href=\"https:\/\/www.vg.no\/nyheter\/i\/wg1deM\/mailto:2200@vg.no\" class=\"_link_1bvmi_39\" rel=\"nofollow noopener\" target=\"_blank\">Ta kontakt med oss<\/a>.<\/strong><\/p>\n<p>   <img decoding=\"async\" alt=\"Tips oss illustrasjon\" width=\"62px\" height=\"auto\" src=\"https:\/\/www.europesays.com\/no\/wp-content\/uploads\/2025\/08\/1754784428_95_W9avJzE.png\"\/>    <\/p>\n<p class=\"title-serif-s\">Har du tips til oss?<\/p>\n<p class=\"text-sans-m\">Send oss informasjon, bilder eller video<\/p>\n<p>  <a href=\"https:\/\/www.vg.no\/tips-oss\" rel=\"nofollow noopener\" target=\"_blank\"> Tips oss <\/a>   <\/p>\n<p class=\"_paragraph_1bvmi_4 _paragraph_xtcu6_10 layout-component text-serif-m layout-normal text-serif-m layout-padded\">\u2013 Det tar vi p\u00e5 aller st\u00f8rste alvor. Hendelsen er meldt inn til Sj\u00f8fartsdirektoratet og vi f\u00f8lger opp saken veldig tett, for \u00e5 sikre hvordan dette kunne skje og sikre at det ikke skjer igjen, sier Color Lines pressekontakt Erik Brynhildsbakken.<\/p>\n<p><img decoding=\"async\" alt=\"Bilde av Erik Brynhildsbakken\" class=\"_image_ygndg_42\" height=\"30\" itemprop=\"image\" loading=\"lazy\"  src=\"https:\/\/www.europesays.com\/no\/wp-content\/uploads\/2025\/08\/3cce92ab-8b9a-4a83-a4d2-535b78e32a73\"  width=\"40\"\/><strong class=\"_name_ygndg_51 title-serif-xs\">Erik Brynhildsbakken<\/strong><\/p>\n<p class=\"_paragraph_1bvmi_4 text-sans-m _description_ygndg_56\">Konserndirekt\u00f8r for kommunikasjon i Color Line<\/p>\n<p class=\"_paragraph_1bvmi_4 _paragraph_xtcu6_10 layout-component text-serif-m layout-normal text-serif-m layout-padded\">Selskapet opplyser at to biler fikk mindre skader i form av riper og skraper, men utelukker ikke at flere passasjerer kan v\u00e6re ber\u00f8rt.<\/p>\n<p class=\"_paragraph_1bvmi_4 _paragraph_xtcu6_10 layout-component text-serif-m layout-normal text-serif-m layout-padded\">\u2013 Hvis det er andre kunder som vi ikke fanget opp der og da, som ogs\u00e5 fikk skader p\u00e5 bilen eller p\u00e5 andre m\u00e5ter \u00f8nsker \u00e5 komme i kontakt med oss, s\u00e5 skal vi selvf\u00f8lgelig bist\u00e5, sier Brynhildsbakken.<\/p>\n<p>   Sj\u00f8fartsdirektoratet vurderer oppf\u00f8lging<\/p>\n<p class=\"_paragraph_1bvmi_4 _paragraph_xtcu6_10 layout-component text-serif-m layout-normal text-serif-m layout-padded\">Sj\u00f8fartsdirektoratet bekrefter at de har mottatt ulykkesrapport fra Color Line.<\/p>\n<p class=\"_paragraph_1bvmi_4 _paragraph_xtcu6_10 layout-component text-serif-m layout-normal text-serif-m layout-padded\">\u2013 I helgen kom det en ulykkesrapport fra rederiet. Den har kommet innen fristen. N\u00e5 vil vi g\u00e5 gjennom rapporten, sier Dag Inge Aarhus, kommunikasjonsdirekt\u00f8r i Sj\u00f8fartsdirektoratet.<\/p>\n<p><img decoding=\"async\" alt=\"Bilde av Dag Inge Aarhus\" class=\"_image_ygndg_42\" height=\"40\" itemprop=\"image\" loading=\"lazy\"  src=\"https:\/\/www.europesays.com\/no\/wp-content\/uploads\/2025\/08\/161d3128-26c2-457c-b22f-bcd319627564\"  width=\"40\"\/><strong class=\"_name_ygndg_51 title-serif-xs\">Dag Inge Aarhus<\/strong><\/p>\n<p class=\"_paragraph_1bvmi_4 text-sans-m _description_ygndg_56\">Kommunikasjonsdirekt\u00f8r i sj\u00f8fartsdirektoratet<\/p>\n<p class=\"_paragraph_1bvmi_4 _paragraph_xtcu6_10 layout-component text-serif-m layout-normal text-serif-m layout-padded\">Rapporten danner grunnlaget for \u00e5 vurdere videre oppf\u00f8lging.<\/p>\n<p class=\"_paragraph_1bvmi_4 _paragraph_xtcu6_10 layout-component text-serif-m layout-normal text-serif-m layout-padded\">\u2013 Beskrivelsene fra rederiet p\u00e5 hendelsesforl\u00f8p, \u00e5rsaksforhold og eventuelle skader vil v\u00e6re det som danner grunnlag for om det blir oppf\u00f8lging fra v\u00e5r side. Det kan vi ikke si 100 prosent n\u00e5.<\/p>\n<p class=\"_paragraph_1bvmi_4 _paragraph_xtcu6_10 layout-component text-serif-m layout-normal text-serif-m layout-padded\">Color Line understreker at passasjerenes opplevelse tas p\u00e5 alvor.<\/p>\n<p class=\"_paragraph_1bvmi_4 _paragraph_xtcu6_10 layout-component text-serif-m layout-normal text-serif-m layout-padded\">\u2013 Vi har stor forst\u00e5else for at mange kan ha opplevd dette som skremmende. Det viktige n\u00e5 er \u00e5 finne ut hva som skjedde, og s\u00f8rge for at det ikke skjer igjen, sier selskapet.<\/p>\n","protected":false},"excerpt":{"rendered":"To biler fikk skader da hengedekket p\u00e5 SuperSpeed-fergen ble hevet. N\u00e5 er saken meldt til Sj\u00f8fartsdirektoratet. Det var&hellip;\n","protected":false},"author":2,"featured_media":17493,"comment_status":"","ping_status":"","sticky":false,"template":"","format":"standard","meta":{"footnotes":""},"categories":[12],"tags":[20,21,3164,24,25,15,22,23,13,30,28,29,14,16,3165,26,27,42,43,44,45],"class_list":{"0":"post-17492","1":"post","2":"type-post","3":"status-publish","4":"format-standard","5":"has-post-thumbnail","7":"category-verden","8":"tag-breaking-news","9":"tag-breakingnews","10":"tag-color-line","11":"tag-featured-news","12":"tag-featurednews","13":"tag-headlines","14":"tag-latest-news","15":"tag-latestnews","16":"tag-news","17":"tag-no","18":"tag-norge","19":"tag-norway","20":"tag-nyheter","21":"tag-overskrifter","22":"tag-sjofartsdirektoratet","23":"tag-top-stories","24":"tag-topstories","25":"tag-verden","26":"tag-world","27":"tag-world-news","28":"tag-worldnews"},"share_on_mastodon":{"url":"","error":""},"_links":{"self":[{"href":"https:\/\/www.europesays.com\/no\/wp-json\/wp\/v2\/posts\/17492","targetHints":{"allow":["GET"]}}],"collection":[{"href":"https:\/\/www.europesays.com\/no\/wp-json\/wp\/v2\/posts"}],"about":[{"href":"https:\/\/www.europesays.com\/no\/wp-json\/wp\/v2\/types\/post"}],"author":[{"embeddable":true,"href":"https:\/\/www.europesays.com\/no\/wp-json\/wp\/v2\/users\/2"}],"replies":[{"embeddable":true,"href":"https:\/\/www.europesays.com\/no\/wp-json\/wp\/v2\/comments?post=17492"}],"version-history":[{"count":0,"href":"https:\/\/www.europesays.com\/no\/wp-json\/wp\/v2\/posts\/17492\/revisions"}],"wp:featuredmedia":[{"embeddable":true,"href":"https:\/\/www.europesays.com\/no\/wp-json\/wp\/v2\/media\/17493"}],"wp:attachment":[{"href":"https:\/\/www.europesays.com\/no\/wp-json\/wp\/v2\/media?parent=17492"}],"wp:term":[{"taxonomy":"category","embeddable":true,"href":"https:\/\/www.europesays.com\/no\/wp-json\/wp\/v2\/categories?post=17492"},{"taxonomy":"post_tag","embeddable":true,"href":"https:\/\/www.europesays.com\/no\/wp-json\/wp\/v2\/tags?post=17492"}],"curies":[{"name":"wp","href":"https:\/\/api.w.org\/{rel}","templated":true}]}}