{"id":175468,"date":"2026-03-01T04:45:08","date_gmt":"2026-03-01T04:45:08","guid":{"rendered":"https:\/\/www.europesays.com\/no\/175468\/"},"modified":"2026-03-01T04:45:08","modified_gmt":"2026-03-01T04:45:08","slug":"opp-til-oss-a-minnes-dem","status":"publish","type":"post","link":"https:\/\/www.europesays.com\/no\/175468\/","title":{"rendered":"\u2013 Opp til oss \u00e5 minnes dem"},"content":{"rendered":"\n<ul class=\"_list_o9xde_3 _list_64s2r_85 _unordered_o9xde_106 text-sans-m\">\n<li class=\"_item_o9xde_30\">Skiskytter Endre Str\u00f8msheim legger ut p\u00e5 600 km skitur for \u00e5 hedre tungtvannssabot\u00f8rene.<\/li>\n<li class=\"_item_o9xde_30\">Turen f\u00f8lger ruten sabot\u00f8rene tok etter operasjonen i 1943, fra Vemork til Sverige.<\/li>\n<li class=\"_item_o9xde_30\">Han vil dele posisjonen direkte p\u00e5 Instagram og Facebook.<\/li>\n<li class=\"_item_o9xde_30\">Dette prosjektet markerer starten p\u00e5 hans trening for neste sesong.<\/li>\n<\/ul>\n<p>Vis mer <\/p>\n<p class=\"_paragraph_o9xde_4 _paragraph_6fko5_10 layout-component text-serif-m layout-normal text-serif-m layout-padded\">\u2013 Det er annerledes, men denne sesongen er blitt veldig annerledes. Det handler om \u00e5 bruke et nederlag til en mulighet, det er slik jeg \u00f8nsker \u00e5 bruke denne turen.<\/p>\n<p class=\"_paragraph_o9xde_4 _paragraph_6fko5_10 layout-component text-serif-m layout-normal text-serif-m layout-padded\">Sesongen gikk \u00e5t skogen, s\u00e5 da kan like godt Endre Str\u00f8msheim stikke til skogs, han ogs\u00e5.<\/p>\n<p class=\"_paragraph_o9xde_4 _paragraph_6fko5_10 layout-component text-serif-m layout-normal text-serif-m layout-padded\">For bare et \u00e5r siden ble han verdensmester p\u00e5 fellesstart i skiskyting. Denne sesongen har g\u00e5tt alt annet enn som planlagt, og han avsluttet den med en tredjedel igjen \u2013 og uten OL-billett.<\/p>\n<p class=\"_paragraph_o9xde_4 _paragraph_6fko5_10 layout-component text-serif-m layout-normal text-serif-m layout-padded\">Nok et bevis p\u00e5 hvor brutal toppidretten kan v\u00e6re.<\/p>\n<p class=\"_paragraph_o9xde_4 _paragraph_6fko5_10 layout-component text-serif-m layout-normal text-serif-m layout-padded\">\u2013 Det er helt vilt, helt sykt. Men du ser jo ogs\u00e5 at toppidretten er s\u00e5rbar. De fleste som er p\u00e5 et h\u00f8yt niv\u00e5 i flere \u00e5r, f\u00e5r en d\u00e5rlig sesong, sier han.<\/p>\n<p class=\"_paragraph_o9xde_4 _paragraph_6fko5_10 layout-component text-serif-m layout-normal text-serif-m layout-padded\">For et \u00e5r siden skjedde dette:<\/p>\n<p class=\"_paragraph_o9xde_4 _paragraph_6fko5_10 layout-component text-serif-m layout-normal text-serif-m layout-padded\">I de tsjekkiske skoger i Nove MestoNove MestoDer Str\u00f8msheim gikk sitt siste verdenscuprenn for sesongen., mens han funderte over sesongen som gikk skeis, kom tankene om et nytt prosjekt. N\u00e5 hadde han tross alt muligheten til \u00e5 ta fri resten av vinteren.<\/p>\n<p class=\"_paragraph_o9xde_4 _paragraph_6fko5_10 layout-component text-serif-m layout-normal text-serif-m layout-padded\">Resultatet: L\u00f8rdag 28. februar la han ut p\u00e5 ruten tungtvannssabot\u00f8rene tungtvannssabot\u00f8reneTungtvannsaksjonene var en serie milit\u00e6re sabotasjeaksjoner mot Norsk Hydros anlegg p\u00e5 Rjukan i Telemark under andre verdenskrig. M\u00e5let var \u00e5 hindre at Hitler-Tyskland fikk tilgang til tungtvannet som ble produsert p\u00e5 Rjukan. De allierte fryktet at det norske tungtvannet kunne brukes til \u00e5 utvikle atomv\u00e5pen.<\/p>\n<p>Sabotasjeaksjonen mot Vemork, med kodenavn \u00abGunnerside\u00bb, ble utf\u00f8rt natt til 28. februar 1943 og var en av de mest ber\u00f8mte under andre verdenskrig. (Store Norske Leksikon) tok etter operasjonen under andre verdensrkig \u2013 retretten til Sverige. Han starter samme dato som de fem sabot\u00f8rene gjorde i 1943.<\/p>\n<p class=\"_paragraph_o9xde_4 _paragraph_6fko5_10 layout-component text-serif-m layout-normal text-serif-m layout-padded\">Retretten er nesten 600 kilometer lang, g\u00e5r over Hardangvidda, opp og ned dalf\u00f8rene p\u00e5 vei mot skogene f\u00f8r svenskegrensen. <\/p>\n<p class=\"_paragraph_o9xde_4 _paragraph_6fko5_10 layout-component text-serif-m layout-normal text-serif-m layout-padded\"><a href=\"https:\/\/www.tv2.no\/sport\/verdensmester-med-vilt-stunt-gleder-meg-til-a-bli-ensom\/18600579\/\" class=\"_link_o9xde_39\" rel=\"nofollow noopener\" target=\"_blank\">TV 2<\/a> omtalte turen f\u00f8rst.<\/p>\n<p class=\"_paragraph_o9xde_4 _paragraph_6fko5_10 layout-component text-serif-m layout-normal text-serif-m layout-padded\">\u2013 Det var f\u00f8rst bare en id\u00e9. F\u00f8rst tenkte jeg at \u00abnei, den er for dr\u00f8y\u00bb, og s\u00e5 tenkte jeg litt mer p\u00e5 det, og s\u00e5 ble jeg giret. S\u00e5 da blir det det likevel, sier Str\u00f8msheim.<\/p>\n<p class=\"_paragraph_o9xde_4 _paragraph_6fko5_10 layout-component text-serif-m layout-normal text-serif-m layout-padded\">Han g\u00e5r alene store deler av turen, men f\u00e5r selskap over vidda de f\u00f8rste etappene.<\/p>\n<ul class=\"_list_o9xde_3 _list_6fko5_9 _unordered_o9xde_106 layout-component text-serif-m layout-normal text-serif-m layout-padded\">\n<li class=\"_item_o9xde_30\">Han kommer til \u00e5 dele posisjonen direkte sin p\u00e5 egen Instagram-konto og p\u00e5 en egen Facebook-side \u2013 og ogs\u00e5 oppdatere underveis fra turen herfra.<\/li>\n<\/ul>\n<p class=\"_paragraph_o9xde_4 _paragraph_6fko5_10 layout-component text-serif-m layout-normal text-serif-m layout-padded\">Broren til Endre Str\u00f8msheims oldefar het Birger Str\u00f8msheim. <\/p>\n<p class=\"_paragraph_o9xde_4 _paragraph_6fko5_10 layout-component text-serif-m layout-normal text-serif-m layout-padded\">Han var med i den s\u00e5kalte Gunnerside-gruppenGunnerside-gruppenLedet av Joachim R\u00f8nneberg, besto utover det av Knut Haukelid, Kasper Idland, Birger Str\u00f8msheim, Hans Storhaug og Fredrik Kayser. Haukelid ble ikke med p\u00e5 retretten. som sto bak sabotasjen av tungtvannsanlegget p\u00e5 Vemork i Telemark. <\/p>\n<p><img decoding=\"async\" alt=\"Bilde av Birger Str\u00f8msheim, avbildet i 1945\" class=\"_image_148z4_25\" height=\"60\" itemprop=\"image\" loading=\"lazy\"  src=\"https:\/\/www.europesays.com\/no\/wp-content\/uploads\/2026\/03\/fe04a286-82bd-42f9-909b-26670fa0fc6f.jpeg\"  width=\"40\"\/><strong class=\"_name_148z4_34 title-serif-xs\">Birger Str\u00f8msheim, avbildet i 1945<\/strong><\/p>\n<p class=\"_paragraph_o9xde_4 _paragraph_6fko5_10 layout-component text-serif-m layout-normal text-serif-m layout-padded\">Han var ogs\u00e5 en av de fem som fullf\u00f8rte retretten til Sverige p\u00e5 dr\u00f8ye to uker.<\/p>\n<p class=\"_paragraph_o9xde_4 _paragraph_6fko5_10 layout-component text-serif-m layout-normal text-serif-m layout-padded\">Det er deres minne han \u00f8nsker \u00e5 hedre ved \u00e5 gjennomf\u00f8re denne turen. <\/p>\n<p class=\"_paragraph_o9xde_4 _paragraph_6fko5_10 layout-component text-serif-m layout-normal text-serif-m layout-padded\">\u2013 Den generasjonen er jo i stor grad borte n\u00e5, ikke sant. Det er ikke s\u00e5 mange av dem som opplevde krigen som er i live lenger. Da er det opp til oss \u00e5 minnes dem, sier Endre Str\u00f8msheim.<\/p>\n<p><img alt=\"Bilde av flukturen fra Tom Liums bok \u00abTungtvannssabot\u00f8renes retrett 1943\u00bb (2021). Aksjonen var natt til 28. februar, gruppen p\u00e5 fem krysset grensen til Sverige 19. mars.  Foto: Jens Friberg \/ VG\" class=\"_image_qp4xg_65 layout-component layout-normal\" data-fullscreen- data-track-element-type=\"Article image fullscreen\" data-track-name=\"ImageFullscreen\" decoding=\"async\" loading=\"lazy\" height=\"4284\" itemprop=\"image\"  src=\"https:\/\/www.europesays.com\/no\/wp-content\/uploads\/2026\/03\/89b5cbef-a861-4cc0-9948-deb1025fa8f1.jpeg\"  style=\"object-position:0% 0%\" width=\"5712\"\/>Bilde av flukturen fra Tom Liums bok \u00abTungtvannssabot\u00f8renes retrett 1943\u00bb (2021). Aksjonen var natt til 28. februar, gruppen p\u00e5 fem krysset grensen til Sverige 19. mars.  Foto: Jens Friberg \/ VG<\/p>\n<p class=\"_paragraph_o9xde_4 _paragraph_6fko5_10 layout-component text-serif-m layout-normal text-serif-m layout-padded\">\u2013 Man ser det ogs\u00e5 i deler av verden i dag, at det dessverre ikke er bare demokrati og frihet som har medvind om dagen. Da er det viktig \u00e5 huske de verdiene som folk faktisk var villige for \u00e5 ofre livet sitt for under krigen, sier han.<\/p>\n<p class=\"_paragraph_o9xde_4 _paragraph_6fko5_10 layout-component text-serif-m layout-normal text-serif-m layout-padded\">Endre Str\u00f8msheim har kanskje ikke et par tusen tyskere i h\u00e6lene, men skal f\u00f8lge ruten slavisk. Det betyr \u00e5 unng\u00e5 allfarvei, og \u00e5 ta omveier utenom sivilisasjonen der det var n\u00f8dvendig.<\/p>\n<p class=\"_paragraph_o9xde_4 _paragraph_6fko5_10 layout-component text-serif-m layout-normal text-serif-m layout-padded\">Hallingdalen var full av tyskere, Valdres full av tyskere, Gudbrandsdalen full av tyskere, \u00d8sterdalen full av tyskere.<\/p>\n<p class=\"_paragraph_o9xde_4 _paragraph_6fko5_10 layout-component text-serif-m layout-normal text-serif-m layout-padded\">I tillegg har han gjort en jobb for \u00e5 kunne ta inn i mange av de samme hyttene. Her har forfatter Tom Lium v\u00e6rt en viktig d\u00f8r\u00e5pner for ham. Han ga ut \u00abTungtvannssabot\u00f8renes retrett 1943\u00bb i 2021.<\/p>\n<p class=\"_paragraph_o9xde_4 _paragraph_6fko5_10 layout-component text-serif-m layout-normal text-serif-m layout-padded\">\u2013 De regnet jo ikke med \u00e5 overleve dette her. De hadde planlagt veldig godt, detaljert, hvor langt de skulle g\u00e5 i etapper. Og s\u00e5 var det utfordringen \u00e5 finne mat, husly, og stort sett overleve, sier Lium.<\/p>\n<p><img alt=\"Endre Str\u00f8msheim peker og forklarer ruten for VGs journalist p\u00e5 Frognerseteren denne uken.  Foto: Jens Friberg \/ VG\" class=\"_image_qp4xg_65 layout-component layout-normal\" data-fullscreen- data-track-element-type=\"Article image fullscreen\" data-track-name=\"ImageFullscreen\" decoding=\"async\" loading=\"lazy\" height=\"4284\" itemprop=\"image\"  src=\"https:\/\/www.europesays.com\/no\/wp-content\/uploads\/2026\/03\/8fd66ae7-a52f-4069-9114-bd5fd5e89402.jpeg\"  style=\"object-position:0% 0%\" width=\"5712\"\/>Endre Str\u00f8msheim peker og forklarer ruten for VGs journalist p\u00e5 Frognerseteren denne uken.  Foto: Jens Friberg \/ VG<\/p>\n<p class=\"_paragraph_o9xde_4 _paragraph_6fko5_10 layout-component text-serif-m layout-normal text-serif-m layout-padded\">Selv om han ser frem mot en tur med store opplevelser, er det ogs\u00e5 en treningstur for den aktive skiskytteren.<\/p>\n<p class=\"_paragraph_o9xde_4 _paragraph_6fko5_10 layout-component text-serif-m layout-normal text-serif-m layout-padded\">Det neste store m\u00e5let er VM i Otep\u00e4\u00e4 neste vinter \u2013 denne ekspedisjonen er f\u00f8rste steg i treningen for neste sesong.<\/p>\n<p class=\"_paragraph_o9xde_4 _paragraph_6fko5_10 layout-component text-serif-m layout-normal text-serif-m layout-padded\">\u2013 Se p\u00e5 dette som startskuddet p\u00e5 oppkj\u00f8ringen, sier Str\u00f8msheim.<\/p>\n<p class=\"_paragraph_o9xde_4 _paragraph_6fko5_10 layout-component text-serif-m layout-normal text-serif-m layout-padded\">\u2013 Jeg har lyst til \u00e5 bli i bedre form av dette her, jeg har lyst til \u00e5 f\u00e5 dette som trening. Jeg skal ikke g\u00e5 i minus og v\u00e6re utrolig sliten. Hvis jeg kjenner at kroppen ikke responderer s\u00e5 tar jeg en hviledag, sier han.<\/p>\n<p class=\"_paragraph_o9xde_4 _paragraph_6fko5_10 layout-component text-serif-m layout-normal text-serif-m layout-padded\">Han erkjenner at det har v\u00e6rt frustrerende \u00e5 st\u00e5 i en OL-sesong som aldri l\u00f8snet. <\/p>\n<p class=\"_paragraph_o9xde_4 _paragraph_6fko5_10 layout-component text-serif-m layout-normal text-serif-m layout-padded\">Derfor har dette prosjektet v\u00e6rt en kj\u00e6rkommen distraksjon. Den siste m\u00e5neden har all tid g\u00e5tt til logistikk, planlegging, utstyrstesting og alt som h\u00f8rer med.<\/p>\n<p class=\"_paragraph_o9xde_4 _paragraph_6fko5_10 layout-component text-serif-m layout-normal text-serif-m layout-padded\">\u2013 Jeg har ikke sittet hjemme og deppet. Det har bare v\u00e6rt prosess, evaluering, ny plan, nytt prosjekt, fikse det, jobbe p\u00e5, sier 28-\u00e5ringen.<\/p>\n<p class=\"_paragraph_o9xde_4 _paragraph_6fko5_10 layout-component text-serif-m layout-normal text-serif-m layout-padded\">\u2013 Jeg synes jo det er flott at han gj\u00f8r det, at den delen ogs\u00e5 av krigshistorien blir benyttet og verdsatt for det det var, sier forfatter Lium om Endre Str\u00f8msheim.<\/p>\n<p class=\"_paragraph_o9xde_4 _paragraph_6fko5_10 layout-component text-serif-m layout-normal text-serif-m layout-padded\"><strong class=\"_strong_o9xde_25\">\u2013 Det er jo en fysisk pr\u00f8velse, men det er ogs\u00e5 et symbol p\u00e5 hva folk er villige til \u00e5 ofre i den verden vi lever i n\u00e5, sier Tom Lium.<\/strong><\/p>\n","protected":false},"excerpt":{"rendered":"Skiskytter Endre Str\u00f8msheim legger ut p\u00e5 600 km skitur for \u00e5 hedre tungtvannssabot\u00f8rene. Turen f\u00f8lger ruten sabot\u00f8rene tok&hellip;\n","protected":false},"author":2,"featured_media":175469,"comment_status":"","ping_status":"","sticky":false,"template":"","format":"standard","meta":{"footnotes":"","_share_on_mastodon":"0"},"categories":[59],"tags":[12900,30,28,29,10469,769,83,82,18167],"class_list":["post-175468","post","type-post","status-publish","format-standard","has-post-thumbnail","category-sport","tag-endre-stromsheim","tag-no","tag-norge","tag-norway","tag-ol-2026","tag-skiskyting","tag-sport","tag-sports","tag-tungtvann"],"share_on_mastodon":{"url":"https:\/\/pubeurope.com\/@no\/116152102135291334","error":""},"_links":{"self":[{"href":"https:\/\/www.europesays.com\/no\/wp-json\/wp\/v2\/posts\/175468","targetHints":{"allow":["GET"]}}],"collection":[{"href":"https:\/\/www.europesays.com\/no\/wp-json\/wp\/v2\/posts"}],"about":[{"href":"https:\/\/www.europesays.com\/no\/wp-json\/wp\/v2\/types\/post"}],"author":[{"embeddable":true,"href":"https:\/\/www.europesays.com\/no\/wp-json\/wp\/v2\/users\/2"}],"replies":[{"embeddable":true,"href":"https:\/\/www.europesays.com\/no\/wp-json\/wp\/v2\/comments?post=175468"}],"version-history":[{"count":0,"href":"https:\/\/www.europesays.com\/no\/wp-json\/wp\/v2\/posts\/175468\/revisions"}],"wp:featuredmedia":[{"embeddable":true,"href":"https:\/\/www.europesays.com\/no\/wp-json\/wp\/v2\/media\/175469"}],"wp:attachment":[{"href":"https:\/\/www.europesays.com\/no\/wp-json\/wp\/v2\/media?parent=175468"}],"wp:term":[{"taxonomy":"category","embeddable":true,"href":"https:\/\/www.europesays.com\/no\/wp-json\/wp\/v2\/categories?post=175468"},{"taxonomy":"post_tag","embeddable":true,"href":"https:\/\/www.europesays.com\/no\/wp-json\/wp\/v2\/tags?post=175468"}],"curies":[{"name":"wp","href":"https:\/\/api.w.org\/{rel}","templated":true}]}}