{"id":17553,"date":"2025-08-25T12:04:08","date_gmt":"2025-08-25T12:04:08","guid":{"rendered":"https:\/\/www.europesays.com\/no\/17553\/"},"modified":"2025-08-25T12:04:08","modified_gmt":"2025-08-25T12:04:08","slug":"romanseryktene-svirrer-rundt-harry-styles-og-zoe-kravitz","status":"publish","type":"post","link":"https:\/\/www.europesays.com\/no\/17553\/","title":{"rendered":"Romanseryktene svirrer rundt Harry Styles og Zo\u00eb Kravitz"},"content":{"rendered":"\n<p class=\"_lead_1bvmi_2 _lead_xtcu6_50 layout-component text-serif-m layout-normal text-serif-l layout-component layout-wide layout-padded _wide_17hqh_1 layout-padded\">Harry Styles (31) og Zo\u00eb Kravitz (36) ble filmet mens de gikk arm i arm gjennom Romas gater s\u00f8ndag kveld. <\/p>\n<p><img alt=\" Foto: Evan Agostini \/ AP \/ NTB\" class=\"_image_qp4xg_65 layout-component layout-wide\" data-fullscreen- data-track-element-type=\"Article image fullscreen\" data-track-name=\"ImageFullscreen\" fetchpriority=\"high\" decoding=\"sync\" loading=\"eager\" height=\"2456\" itemprop=\"image\"  src=\"https:\/\/www.europesays.com\/no\/wp-content\/uploads\/2025\/08\/ff5d1c06-da6e-4b65-aa8c-270e03a5e548\"  style=\"object-position:0% 0%\" width=\"3696\"\/> Foto: Evan Agostini \/ AP \/ NTB<\/p>\n<ul aria-hidden=\"true\" class=\"_images_1y6fe_106\">\n<li><a class=\"_link_1y6fe_111\" href=\"https:\/\/www.vg.no\/forfatter\/hannah-solstad-klepp\" style=\"z-index:1\" title=\"Hannah Solstad Klepp\" rel=\"nofollow noopener\" target=\"_blank\"><img alt=\"Bilde av Hannah Solstad Klepp\" class=\"_image_1y6fe_88\" fetchpriority=\"low\" loading=\"lazy\" decoding=\"async\" itemprop=\"image\"  src=\"https:\/\/www.europesays.com\/no\/wp-content\/uploads\/2025\/08\/1756123447_709_f811f9c1-64f7-4c50-9133-b5735831a650\"  width=\"480\"\/><\/a><\/li>\n<\/ul>\n<p> Oppdatert mandag 25. august kl. 13:47     <\/p>\n<p class=\"_paragraph_1bvmi_4 _paragraph_xtcu6_10 layout-component text-serif-m layout-normal text-serif-m layout-padded\">Begge hadde p\u00e5 m\u00f8rke solbriller og caps for \u00e5 unng\u00e5 oppmerksomhet, men ble likevel fanget p\u00e5 video av en fan.<\/p>\n<p class=\"_paragraph_1bvmi_4 _paragraph_xtcu6_10 layout-component text-serif-m layout-normal text-serif-m layout-padded\">Videoen har skapt stor oppstyr p\u00e5 sosiale medier og <a href=\"https:\/\/www.vg.no\/tag\/harry-styles?utm_source=vg-article&amp;utm_medium=auto-tagger&amp;utm_campaign=MnKAMJ\" class=\"_link_1bvmi_39\" rel=\"nofollow noopener\" target=\"_blank\">Harry Styles<\/a>-forum, der fansen spekulerer om det er en ny romanse mellom stjernene.<\/p>\n<p><img alt=\"Kravitz under premieren av den nye filmen \u00abCaught Stealing\u00bb.  Foto: STEPHANE DE SAKUTIN \/ AFP \/ NTB\" class=\"_image_qp4xg_65 layout-component layout-normal\" data-fullscreen- data-track-element-type=\"Article image fullscreen\" data-track-name=\"ImageFullscreen\" decoding=\"async\" loading=\"lazy\" height=\"3752\" itemprop=\"image\"  src=\"https:\/\/www.europesays.com\/no\/wp-content\/uploads\/2025\/08\/8c9eb22a-9b02-4060-8883-de43fccea50f\"  style=\"object-position:0% 0%\" width=\"2500\"\/>Kravitz under premieren av den nye filmen \u00abCaught Stealing\u00bb.  Foto: STEPHANE DE SAKUTIN \/ AFP \/ NTB<\/p>\n<p class=\"_paragraph_1bvmi_4 _paragraph_xtcu6_10 layout-component text-serif-m layout-normal text-serif-m layout-padded\">Timingen er spesiell. Kravitz er midt i en verdensomspennende presseturn\u00e9 for sin nye film \u00abCaught Stealing\u00bb og ble for f\u00e5 dager siden fotografert p\u00e5 en intim kveld med medskuespiller Austin Butler i Paris, skriver\u00a0<a href=\"https:\/\/graziamagazine.com\/articles\/zoe-kravitz-harry-styles-dating\/\" class=\"_link_1bvmi_39\" rel=\"nofollow noopener\" target=\"_blank\">Grazia<\/a>.<\/p>\n<p class=\"_paragraph_1bvmi_4 _paragraph_xtcu6_10 layout-component text-serif-m layout-normal text-serif-m layout-padded\">Styles f\u00f8lger henne p\u00e5 Instagram, hun f\u00f8lger ikke han. <\/p>\n<p class=\"_paragraph_1bvmi_4 _paragraph_xtcu6_10 layout-component text-serif-m layout-normal layout-padded\"><strong class=\"_strong_1bvmi_25\">Les ogs\u00e5:<\/strong> <a href=\"https:\/\/www.vg.no\/i\/KMVL6G\" data-track-element-type=\"Link\" data-track-id=\"link:KMVL6G\" class=\"_link_1bvmi_39\" rel=\"nofollow noopener\" target=\"_blank\">Harry Styles lanserer sexleket\u00f8y <\/a><\/p>\n<p class=\"_paragraph_1bvmi_4 _paragraph_xtcu6_10 layout-component text-serif-m layout-normal text-serif-m layout-padded\">Styles har ogs\u00e5 v\u00e6rt i romantiske overskrifter i sommer, blant annet etter et kyss med en ukjent kvinne p\u00e5 Glastonbury-festivalen i juni.<\/p>\n<p> Har tidligere v\u00e6rt forlovet<\/p>\n<p class=\"_paragraph_1bvmi_4 _paragraph_xtcu6_10 layout-component text-serif-m layout-normal text-serif-m layout-padded\">Mange fans er overrasket over den uventede duoen, spesielt siden Kravitz er venn med Taylor Swift, som hadde et av-og-p\u00e5-forhold med Styles i 2012\u20132013.<\/p>\n<p class=\"_paragraph_1bvmi_4 _paragraph_xtcu6_10 layout-component text-serif-m layout-normal text-serif-m layout-padded\">Kravitz var tidligere forlovet med med Channing Tatum, men etter cirka et \u00e5r br\u00f8t de forlovelsen.<\/p>\n<p class=\"_paragraph_1bvmi_4 _paragraph_xtcu6_10 layout-component text-serif-m layout-normal text-serif-m layout-padded\">I et intervju med den amerikanske versjonen av ELLE, <a href=\"https:\/\/www.vg.no\/i\/qPrpqg\" data-track-element-type=\"Link\" data-track-id=\"link:qPrpqg\" class=\"_link_1bvmi_39\" rel=\"nofollow noopener\" target=\"_blank\">\u00e5pnet hun opp<\/a> om forholdet til Tatum.<\/p>\n<p class=\"_paragraph_1bvmi_4 _paragraph_xtcu6_10 layout-component text-serif-m layout-normal text-serif-m layout-padded\">\u2013 Jeg elsker det vi skapte sammen, og jeg bryr meg veldig om ham, sa hun til magasinet da.<\/p>\n<p class=\"_paragraph_1bvmi_4 _paragraph_xtcu6_10 layout-component text-serif-m layout-normal text-serif-m layout-padded\">Hun har ogs\u00e5 tidligere blitt koblet til skuespiller Noah Centineo.<\/p>\n<p class=\"_paragraph_1bvmi_4 _paragraph_xtcu6_10 layout-component text-serif-m layout-normal text-serif-m layout-padded\">Styles har tidligere v\u00e6rt romantisk knyttet til skuespiller Olivia Wilde, men de to bekreftet aldri et forhold. <\/p>\n<p class=\"_paragraph_1bvmi_4 _paragraph_xtcu6_10 layout-component text-serif-m layout-normal text-serif-m layout-padded\">De m\u00f8ttes under innspillingen av filmen \u00abDont Worry Darling\u00bb der Styles spilte rollen Jack Chambers. Wilde hadde ogs\u00e5 en rolle i filmen, i tillegg til \u00e5 regissere.<\/p>\n<p class=\"_paragraph_1bvmi_4 _paragraph_xtcu6_10 layout-component text-serif-m layout-normal text-serif-m layout-padded\">Det siste romantiske b\u00e5ndet han ble omtalt med, var til skuespiller Taylor Russell. If\u00f8lge ryktene skal de ha gjort det slutt i fjor.<\/p>\n<p class=\"_paragraph_1bvmi_4 _paragraph_xtcu6_10 layout-component text-serif-m layout-normal text-serif-m layout-padded\">Verken Styles eller Kravitz\u2019 representanter har uttalt seg om spekulasjonene.<\/p>\n<p>Les ogs\u00e5<\/p>\n","protected":false},"excerpt":{"rendered":"Harry Styles (31) og Zo\u00eb Kravitz (36) ble filmet mens de gikk arm i arm gjennom Romas gater&hellip;\n","protected":false},"author":2,"featured_media":17554,"comment_status":"","ping_status":"","sticky":false,"template":"","format":"standard","meta":{"footnotes":""},"categories":[58],"tags":[71,3171,80,30,28,29,72,3172],"class_list":{"0":"post-17553","1":"post","2":"type-post","3":"status-publish","4":"format-standard","5":"has-post-thumbnail","7":"category-underholdning","8":"tag-entertainment","9":"tag-harry-styles","10":"tag-hollywood","11":"tag-no","12":"tag-norge","13":"tag-norway","14":"tag-underholdning","15":"tag-zoe-kravitz"},"share_on_mastodon":{"url":"","error":""},"_links":{"self":[{"href":"https:\/\/www.europesays.com\/no\/wp-json\/wp\/v2\/posts\/17553","targetHints":{"allow":["GET"]}}],"collection":[{"href":"https:\/\/www.europesays.com\/no\/wp-json\/wp\/v2\/posts"}],"about":[{"href":"https:\/\/www.europesays.com\/no\/wp-json\/wp\/v2\/types\/post"}],"author":[{"embeddable":true,"href":"https:\/\/www.europesays.com\/no\/wp-json\/wp\/v2\/users\/2"}],"replies":[{"embeddable":true,"href":"https:\/\/www.europesays.com\/no\/wp-json\/wp\/v2\/comments?post=17553"}],"version-history":[{"count":0,"href":"https:\/\/www.europesays.com\/no\/wp-json\/wp\/v2\/posts\/17553\/revisions"}],"wp:featuredmedia":[{"embeddable":true,"href":"https:\/\/www.europesays.com\/no\/wp-json\/wp\/v2\/media\/17554"}],"wp:attachment":[{"href":"https:\/\/www.europesays.com\/no\/wp-json\/wp\/v2\/media?parent=17553"}],"wp:term":[{"taxonomy":"category","embeddable":true,"href":"https:\/\/www.europesays.com\/no\/wp-json\/wp\/v2\/categories?post=17553"},{"taxonomy":"post_tag","embeddable":true,"href":"https:\/\/www.europesays.com\/no\/wp-json\/wp\/v2\/tags?post=17553"}],"curies":[{"name":"wp","href":"https:\/\/api.w.org\/{rel}","templated":true}]}}