{"id":175784,"date":"2026-03-01T14:00:12","date_gmt":"2026-03-01T14:00:12","guid":{"rendered":"https:\/\/www.europesays.com\/no\/175784\/"},"modified":"2026-03-01T14:00:12","modified_gmt":"2026-03-01T14:00:12","slug":"hareide-hedret-med-historisk-utmerkelse-pa-fotballtinget","status":"publish","type":"post","link":"https:\/\/www.europesays.com\/no\/175784\/","title":{"rendered":"Hareide hedret med historisk utmerkelse p\u00e5 fotballtinget"},"content":{"rendered":"\n<p class=\"_lead_o9xde_2 _lead_6fko5_53 layout-component text-serif-m layout-normal text-serif-l layout-component layout-wide layout-padded _wide_17hqh_1 layout-padded\">Avd\u00f8de \u00c5ge Hareide ble tildelt NFFs prestisjetunge gullmerke p\u00e5 fotballtinget s\u00f8ndag. S\u00f8nnen Bendik Hareide mottok prisen p\u00e5 vegne av faren.<\/p>\n<ul class=\"_gallery_1qa3s_23\" tabindex=\"0\">\n<li class=\"_item_1qa3s_37\" data-index=\"0\"><img fetchpriority=\"high\" decoding=\"async\" class=\"_image_foru8_23 _introGallery_foru8_43\" data-fullscreen- width=\"4928\" height=\"3280\" itemprop=\"image\" loading=\"eager\"  src=\"https:\/\/www.europesays.com\/no\/wp-content\/uploads\/2026\/03\/288261b6-37a9-4c28-b69e-ae7bb10e0eea.jpeg\"  style=\"object-position:50% 50%;aspect-ratio:var(--gallery-aspect-ratio, 16 \/ 9)\"\/>Avd\u00f8de \u00c5ge Hareide ble hedret av NFF p\u00e5 fotballtinget s\u00f8ndag.  Foto: Carina Johansen \/ NTB<\/li>\n<li class=\"_item_1qa3s_37\" data-index=\"1\"><img decoding=\"async\" class=\"_image_foru8_23 _introGallery_foru8_43\" data-fullscreen- width=\"8640\" height=\"5760\" itemprop=\"image\" loading=\"lazy\"  src=\"https:\/\/www.europesays.com\/no\/wp-content\/uploads\/2026\/03\/e0b5ab3d-f567-4091-8cab-9d02ca43ffe8.jpeg\"  style=\"object-position:50% 50%;aspect-ratio:var(--gallery-aspect-ratio, 16 \/ 9)\"\/>Bendik Hareide mottok prisen p\u00e5 vegne av faren.  Foto: Fredrik Varfjell \/ NTB<\/li>\n<li class=\"_item_1qa3s_37\" data-index=\"2\"><img decoding=\"async\" class=\"_image_foru8_23 _introGallery_foru8_43\" data-fullscreen- width=\"3625\" height=\"2417\" itemprop=\"image\" loading=\"lazy\"  src=\"https:\/\/www.europesays.com\/no\/wp-content\/uploads\/2026\/03\/1f24a909-55b5-46f4-8318-d3b5cc91283f.jpeg\"  style=\"object-position:50% 50%;aspect-ratio:var(--gallery-aspect-ratio, 16 \/ 9)\"\/>\u00c5ge Hareide har blitt hyllet rundt om i Fotball-Norge.  Foto: Christoffer Andersen \/ NTB<\/li>\n<\/ul>\n<p>Avd\u00f8de \u00c5ge Hareide ble hedret av NFF p\u00e5 fotballtinget s\u00f8ndag.  Foto: Carina Johansen \/ NTB<\/p>\n<ul aria-hidden=\"true\" class=\"_images_ntbth_112\">\n<li><a class=\"_link_ntbth_117\" href=\"https:\/\/www.vg.no\/forfatter\/ntb\" style=\"z-index:1\" title=\"NTB\" rel=\"nofollow noopener\" target=\"_blank\"><img alt=\"Bilde av NTB\" class=\"_image_ntbth_93\" fetchpriority=\"low\" loading=\"lazy\" decoding=\"async\" itemprop=\"image\"  src=\"https:\/\/www.europesays.com\/no\/wp-content\/uploads\/2026\/03\/1772373612_962_c33980b0-5d07-4027-84a1-813f90a7c8d6.png\"  width=\"480\"\/><\/a><\/li>\n<\/ul>\n<p> Oppdatert s\u00f8ndag 1. mars kl. 14:08     <\/p>\n<p class=\"_paragraph_o9xde_4 _paragraph_6fko5_10 layout-component text-serif-m layout-normal text-serif-m layout-padded\">Det er f\u00f8rste gang i historien at den h\u00f8ythengende hedersbevisningen tildeles post mortempost mortemLatinsk uttrykk for etter d\u00f8den. .<\/p>\n<p class=\"_paragraph_o9xde_4 _paragraph_6fko5_10 layout-component text-serif-m layout-normal text-serif-m layout-padded\">Hareide d\u00f8de 18. desember etter \u00e5 ha f\u00e5tt p\u00e5vist kreft i hjernen et halvt \u00e5r tidligere. Han ble 72 \u00e5r gammel.<\/p>\n<p class=\"_paragraph_o9xde_4 _paragraph_6fko5_10 layout-component text-serif-m layout-normal text-serif-m layout-padded\">\u2013 Dette er en mann som har preget sporten v\u00e5r p\u00e5 s\u00e5 mange m\u00e5ter og betydd s\u00e5 mye for s\u00e5 veldig mange. En dyktig og elsket fotballeder, sa fotballpresident Lise Klaveness.<\/p>\n<p class=\"_paragraph_o9xde_4 _paragraph_6fko5_10 layout-component text-serif-m layout-normal text-serif-m layout-padded\">Deretter ble det spilt en videohyllest av Hareide og hans karriere, f\u00f8r Klaveness fortalte om utmerkelsen NFF ville gi ham.<\/p>\n<p class=\"_paragraph_o9xde_4 _paragraph_6fko5_10 layout-component text-serif-m layout-normal text-serif-m layout-padded\">\u2013 Med \u00c5ges bortgang mistet vi en bauta og en av de aller st\u00f8rste i den norske fotballhistorien, fortalte Klaveness f\u00f8r hun opplyste om tildelingen av gullmerket.<\/p>\n<p>   Mottok utmerkelsen<\/p>\n<p class=\"_paragraph_o9xde_4 _paragraph_6fko5_10 layout-component text-serif-m layout-normal text-serif-m layout-padded\">S\u00f8nnen Bendik tok deretter ordet p\u00e5 talerstolen.<\/p>\n<p class=\"_paragraph_o9xde_4 _paragraph_6fko5_10 layout-component text-serif-m layout-normal text-serif-m layout-padded\">\u2013 P\u00e5 vegne av v\u00e5r familie vil jeg takke ydmykt for at dere hedrer pappa med NFFs gullmerke, sa Bendik Hareide og fortsatte:<\/p>\n<p class=\"_paragraph_o9xde_4 _paragraph_6fko5_10 layout-component text-serif-m layout-normal text-serif-m layout-padded\">\u2013 Det skulle gjerne v\u00e6rt pappa som sto her i stedet for meg. Dette var en pris det skulle vise seg \u00e5 v\u00e6re vanskelig \u00e5 gi til pappa, for han klarte aldri \u00e5 gi seg. Hadde han ikke blitt syk, kan jeg garantere dere at han hadde v\u00e6rt landslagssjef et eller annet sted, la han til.<\/p>\n<p class=\"_paragraph_o9xde_4 _paragraph_6fko5_10 layout-component text-serif-m layout-normal text-serif-m layout-padded\">L\u00f8rdag \u00e5pnet fotballtinget som vanlig med en minnemarkering for store norske fotballprofiler som har g\u00e5tt bort i l\u00f8pet av det siste \u00e5ret. Der var Hareide ogs\u00e5 blant profilene som ble hedret.<\/p>\n<p>Stor karriere<\/p>\n<p class=\"_paragraph_o9xde_4 _paragraph_6fko5_10 layout-component text-serif-m layout-normal text-serif-m layout-padded\">Hareide vokste fram til \u00e5 bli en av Norges st\u00f8rste fotballpersonligheter b\u00e5de som spiller, klubbtrener og landslagstrener.<\/p>\n<p class=\"_paragraph_o9xde_4 _paragraph_6fko5_10 layout-component text-serif-m layout-normal text-serif-m layout-padded\">Han avsluttet karrieren i 2024.<\/p>\n<p class=\"_paragraph_o9xde_4 _paragraph_6fko5_10 layout-component text-serif-m layout-normal text-serif-m layout-padded\">Som midtstopperen ble Hareide den andre englandsproffen i Norge da han gikk fra Molde til Manchester City i 1981. Han spilte ogs\u00e5 for Norwich, f\u00f8r han vendte hjem til Molde.<\/p>\n<p class=\"_paragraph_o9xde_4 _paragraph_6fko5_10 layout-component text-serif-m layout-normal text-serif-m layout-padded\">Hareide fikk med seg 50 landskamper og scoret fem m\u00e5l for Norge. I tillegg til \u00e5 lede flere norske klubber og landslaget tok han Danmarks landslag til VM i 2018. Han hadde ogs\u00e5 suksess med svenske Malm\u00f6.<\/p>\n<p class=\"_paragraph_o9xde_4 _paragraph_6fko5_10 layout-component text-serif-m layout-normal text-serif-m layout-padded\">Han har vunnet serien i Norge, Sverige og Danmark. For innsatsen for det danske landslaget ble han utnevnt til ridder av Dannebrogordenen av dronningen av Danmark.<\/p>\n","protected":false},"excerpt":{"rendered":"Avd\u00f8de \u00c5ge Hareide ble tildelt NFFs prestisjetunge gullmerke p\u00e5 fotballtinget s\u00f8ndag. S\u00f8nnen Bendik Hareide mottok prisen p\u00e5 vegne&hellip;\n","protected":false},"author":2,"featured_media":175785,"comment_status":"","ping_status":"","sticky":false,"template":"","format":"standard","meta":{"footnotes":"","_share_on_mastodon":"0"},"categories":[59],"tags":[11648,30,28,6871,29,83,82],"class_list":["post-175784","post","type-post","status-publish","format-standard","has-post-thumbnail","category-sport","tag-age-hareide","tag-no","tag-norge","tag-norges-fotballforbund-nff","tag-norway","tag-sport","tag-sports"],"share_on_mastodon":{"url":"https:\/\/pubeurope.com\/@no\/116154284332598151","error":""},"_links":{"self":[{"href":"https:\/\/www.europesays.com\/no\/wp-json\/wp\/v2\/posts\/175784","targetHints":{"allow":["GET"]}}],"collection":[{"href":"https:\/\/www.europesays.com\/no\/wp-json\/wp\/v2\/posts"}],"about":[{"href":"https:\/\/www.europesays.com\/no\/wp-json\/wp\/v2\/types\/post"}],"author":[{"embeddable":true,"href":"https:\/\/www.europesays.com\/no\/wp-json\/wp\/v2\/users\/2"}],"replies":[{"embeddable":true,"href":"https:\/\/www.europesays.com\/no\/wp-json\/wp\/v2\/comments?post=175784"}],"version-history":[{"count":0,"href":"https:\/\/www.europesays.com\/no\/wp-json\/wp\/v2\/posts\/175784\/revisions"}],"wp:featuredmedia":[{"embeddable":true,"href":"https:\/\/www.europesays.com\/no\/wp-json\/wp\/v2\/media\/175785"}],"wp:attachment":[{"href":"https:\/\/www.europesays.com\/no\/wp-json\/wp\/v2\/media?parent=175784"}],"wp:term":[{"taxonomy":"category","embeddable":true,"href":"https:\/\/www.europesays.com\/no\/wp-json\/wp\/v2\/categories?post=175784"},{"taxonomy":"post_tag","embeddable":true,"href":"https:\/\/www.europesays.com\/no\/wp-json\/wp\/v2\/tags?post=175784"}],"curies":[{"name":"wp","href":"https:\/\/api.w.org\/{rel}","templated":true}]}}