{"id":175812,"date":"2026-03-01T14:37:11","date_gmt":"2026-03-01T14:37:11","guid":{"rendered":"https:\/\/www.europesays.com\/no\/175812\/"},"modified":"2026-03-01T14:37:11","modified_gmt":"2026-03-01T14:37:11","slug":"jennifer-garner-om-foreldreskap-med-ben-affleck-utfordringer-og-gleder","status":"publish","type":"post","link":"https:\/\/www.europesays.com\/no\/175812\/","title":{"rendered":"Jennifer Garner om foreldreskap med Ben Affleck: Utfordringer og gleder"},"content":{"rendered":"<p class=\"kicker \" style=\"\">Jennifer Garner og Ben Affleck:<\/p>\n<p>    Det tidligere stjerneparet er for alltid forbundet &#8211; n\u00e5 letter Jennifer Garner p\u00e5 sl\u00f8ret.<\/p>\n<p>\n    SKILT: I en \u00e5rrekke var de bransjens st\u00f8rste par &#8211; n\u00e5 samarbeider de som foreldre. Foto: NTB\n  <\/p>\n<p>Et av Hollywoods st\u00f8rste stjernepar var Jennifer Garner (53) og Ben Affleck (53). De ble omtalt som et \u00abpower couple\u00bb, og flere ble nok overrasket da de gikk hver til sitt.<\/p>\n<p>    <a itemprop=\"url\" href=\"https:\/\/www.seher.no\/kjendis\/ikke-til-a-kjenne-igjen\/84101730\" rel=\"nofollow noopener\" target=\"_blank\"><\/p>\n<p>        <img loading=\"lazy\" decoding=\"async\" src=\"https:\/\/www.europesays.com\/no\/wp-content\/uploads\/2026\/03\/84105922.webp.webp\" width=\"980\" height=\"441\" title=\"Ikke til \u00e5 kjenne igjen\" alt=\"\" class=\"lazyload\" style=\"--aspect-ratio-image: 2.22; \"\/><\/p>\n<p>        Ikke til \u00e5 kjenne igjen<\/p>\n<p>    <\/a><\/p>\n<p class=\"font-weight-bold m-font-weight-bold\" data-lab-font_weight=\"font-weight-bold\">Jennifer deler n\u00e5 \u00e5penhjertig om hvordan det er \u00e5 v\u00e6re forelder sammen med eksmannen. De har barna Violet (21), Seraphina (18) og Samuel (14) sammen.\u00a0<\/p>\n<p>I en fersk episode av Bustles podkast \u00abOne Nightstand\u00bb \u00e5pner \u00abAlias\u00bb-stjernen seg om utfordringene ved \u00e5 oppdra tre barn i to forskjellige hjem, skriver <a href=\"https:\/\/pagesix.com\/2026\/02\/27\/celebrity-news\/jennifer-garner-details-sacrifices-and-challenges-of-co-parenting-with-ben-affleck\/\" rel=\"nofollow noopener\" target=\"_blank\">Page Six<\/a>.<\/p>\n<p>        P\u00c5 G\u00c5RDEN: Jon Almaas forteller om sin nye rolle som bestefar da vi bes\u00f8kte han p\u00e5 Braarud G\u00e5rd. Video: Nora Skavhaug\/Sanne Holt\/R\u00f8d L\u00f8per.<\/p>\n<p>&#8211; N\u00e5r barna dine vokser opp i to separate husholdninger, blir jeg b\u00e5de mor og far og han blir far og mor, sier Jennifer, og fortsetter:<\/p>\n<p>&#8211; Du kan ikke unng\u00e5 det, ikke sant? Fordi du ikke har fordelen av begge sider, yin og yang, i samme hus. S\u00e5 du m\u00e5 ha litt av begge deler i m\u00e5ten du er forelder p\u00e5.<\/p>\n<p>        <img loading=\"lazy\" decoding=\"async\" src=\"https:\/\/www.europesays.com\/no\/wp-content\/uploads\/2026\/03\/84300977.webp.webp\" width=\"667\" height=\"527\" title=\"STORFAMILIEN: Selv etter skilsmissen har familien tilbrakt mye tid sammen. Foto: NTB\" alt=\"\" class=\"\" style=\"--aspect-ratio-image: 1.27; \"\/><\/p>\n<p>\n        STORFAMILIEN: Selv etter skilsmissen har familien tilbrakt mye tid sammen. Foto: NTB\n    <\/p>\n<p>Jennifer og Ben m\u00f8ttes p\u00e5 settet til \u00abPearl Harbor\u00bb i 2001, men forholdet startet f\u00f8rst i 2004. De giftet seg i 2005, men gikk fra hverandre ti \u00e5r senere.<\/p>\n<p>Etter skilsmissen giftet Ben seg med Jennifer Lopez (56) i 2022. Det ekteskapet ble oppl\u00f8st i januar i fjor.<\/p>\n<p>    <a itemprop=\"url\" href=\"https:\/\/www.seher.no\/kjendis\/aerlig-om-skilsmissen-vanskelig\/84073147\" rel=\"nofollow noopener\" target=\"_blank\"><\/p>\n<p>        <img loading=\"lazy\" decoding=\"async\" src=\"https:\/\/www.europesays.com\/no\/wp-content\/uploads\/2026\/03\/84073704.webp.webp\" width=\"147\" height=\"98\" title=\"\u00c6rlig om skilsmissen: - Vanskelig\" alt=\"\" class=\"lazyload\" style=\"--aspect-ratio-image: 1.50; \"\/><\/p>\n<p>        \u00c6rlig om skilsmissen: &#8211; Vanskelig<\/p>\n<p>    <\/a><\/p>\n<p>Jennifer innr\u00f8mmer at det er b\u00e5de tap og gevinst ved \u00e5 ha delt omsorg.<\/p>\n<p>&#8211; Det er litt tap i det, men det er ogs\u00e5 noe \u00e5 vinne. Du l\u00e6rer rett og slett, det har f\u00e5tt meg til \u00e5 slippe taket og ikke fokusere s\u00e5 mye p\u00e5 oppdragelsen, sier hun.<\/p>\n<p>        NY SESONG: De nye deltakerne i \u00abTeam P\u00f8lsa\u00bb sjokkeres da de f\u00e5r h\u00f8re hvilke planer \u00d8ystein \u00abP\u00f8lsa\u00bb Pettersen har for \u00e5rets sesong. Video: Karolina Grace \/ R\u00f8d L\u00f8per, \u00abTeam P\u00f8lsa\u00bb \/ NRK. <\/p>\n<p>I 2020 sa Ben til \u00abGood Morning America\u00bb at han og Jennifer vil v\u00e6re forbundet for alltid.<\/p>\n<p>&#8211; Jeg ville ikke skille meg, jeg ville ikke v\u00e6re en skilt person, jeg ville virkelig ikke v\u00e6re en delt familie med barna mine. Det gjorde meg oppr\u00f8rt fordi det betydde at jeg ikke var den jeg trodde jeg var, og det var s\u00e5 smertefullt og s\u00e5 skuffende. I meg selv, sa han den gang.<\/p>\n<p>    <a itemprop=\"url\" href=\"https:\/\/www.seher.no\/kjendis\/tar-hjerteskjaerende-valg-orker-ikke-mer\/84280751\" rel=\"nofollow noopener\" target=\"_blank\"><\/p>\n<p>        <img loading=\"lazy\" decoding=\"async\" src=\"https:\/\/www.europesays.com\/no\/wp-content\/uploads\/2026\/03\/84281800.webp.webp\" width=\"147\" height=\"98\" title=\"Tar hjerteskj\u00e6rende valg: Orker ikke mer\" alt=\"\" class=\"lazyload\" style=\"--aspect-ratio-image: 1.50; \"\/><\/p>\n<p>        Tar hjerteskj\u00e6rende valg: Orker ikke mer<\/p>\n<p>    <\/a><\/p>\n<p>If\u00f8lge en kilde n\u00e6r Ben har skuespilleren nytt godt av tiden borte fra rampelyset det siste \u00e5ret.<\/p>\n<p class=\"\">\u00a0&#8211; Ben og Jennifer Garner har et virkelig godt samarbeidsforhold. De er fortsatt familie for barnas skyld. De snakker hele tiden, og Jennifer vil det beste for ham fordi det er best for barna deres, sa kilden til Fox News Digital i desember.<\/p>\n","protected":false},"excerpt":{"rendered":"Jennifer Garner og Ben Affleck: Det tidligere stjerneparet er for alltid forbundet &#8211; n\u00e5 letter Jennifer Garner p\u00e5&hellip;\n","protected":false},"author":2,"featured_media":175813,"comment_status":"","ping_status":"","sticky":false,"template":"","format":"standard","meta":{"footnotes":"","_share_on_mastodon":"0"},"categories":[58],"tags":[7454,71,14194,479,2543,30,28,29,72],"class_list":["post-175812","post","type-post","status-publish","format-standard","has-post-thumbnail","category-underholdning","tag-ben-affleck","tag-entertainment","tag-jennifer-garner","tag-kjendis","tag-kjendisdesken","tag-no","tag-norge","tag-norway","tag-underholdning"],"share_on_mastodon":{"url":"https:\/\/pubeurope.com\/@no\/116154429959350823","error":""},"_links":{"self":[{"href":"https:\/\/www.europesays.com\/no\/wp-json\/wp\/v2\/posts\/175812","targetHints":{"allow":["GET"]}}],"collection":[{"href":"https:\/\/www.europesays.com\/no\/wp-json\/wp\/v2\/posts"}],"about":[{"href":"https:\/\/www.europesays.com\/no\/wp-json\/wp\/v2\/types\/post"}],"author":[{"embeddable":true,"href":"https:\/\/www.europesays.com\/no\/wp-json\/wp\/v2\/users\/2"}],"replies":[{"embeddable":true,"href":"https:\/\/www.europesays.com\/no\/wp-json\/wp\/v2\/comments?post=175812"}],"version-history":[{"count":0,"href":"https:\/\/www.europesays.com\/no\/wp-json\/wp\/v2\/posts\/175812\/revisions"}],"wp:featuredmedia":[{"embeddable":true,"href":"https:\/\/www.europesays.com\/no\/wp-json\/wp\/v2\/media\/175813"}],"wp:attachment":[{"href":"https:\/\/www.europesays.com\/no\/wp-json\/wp\/v2\/media?parent=175812"}],"wp:term":[{"taxonomy":"category","embeddable":true,"href":"https:\/\/www.europesays.com\/no\/wp-json\/wp\/v2\/categories?post=175812"},{"taxonomy":"post_tag","embeddable":true,"href":"https:\/\/www.europesays.com\/no\/wp-json\/wp\/v2\/tags?post=175812"}],"curies":[{"name":"wp","href":"https:\/\/api.w.org\/{rel}","templated":true}]}}