{"id":17589,"date":"2025-08-25T12:43:09","date_gmt":"2025-08-25T12:43:09","guid":{"rendered":"https:\/\/www.europesays.com\/no\/17589\/"},"modified":"2025-08-25T12:43:09","modified_gmt":"2025-08-25T12:43:09","slug":"halden-halden-sentrum-halden-fredrikstenfestivalen-1975-lever-videre","status":"publish","type":"post","link":"https:\/\/www.europesays.com\/no\/17589\/","title":{"rendered":"Halden, Halden sentrum | Halden: Fredrikstenfestivalen 1975 lever videre"},"content":{"rendered":"\n<p>Det legges ogs\u00e5 opp til visning av bilder og film fra den gang.<\/p>\n<p>Sent fredag kveld den 12. september kan du gjenoppleve Fredrikstenfestivalen i 1975 p\u00e5 Aladdin scene.<\/p>\n<p>50 \u00e5r siden<\/p>\n<p>Det er 50 \u00e5r siden en gjeng langh\u00e5rede haldensere fikk ideen om at Fredriksten festning var et perfekt sted for \u00e5 avholde store konserter. Fredrikstenfestivalen fant sted p\u00e5 Place d\u00b4Armes i august 1975. Tom Skjekles\u00e6ther var en av dem. Med i gjengen var ogs\u00e5 Odd Ragnar Frydenlund, Claes Neeb, Andr\u00e9 Amundsen, Jan Johannesen og Aksel R\u00f8dseth.<\/p>\n<p>   <img decoding=\"async\" width=\"4896\" height=\"3996\" fetchpriority=\"low\"  loading=\"lazy\"  src=\"https:\/\/www.europesays.com\/no\/wp-content\/uploads\/2025\/08\/5_20_1138651+HHB08645.jpg\" alt=\"\" class=\"brick-c-cFOWSL\" style=\"--brick-image-ratio: 4896 \/ 3996;\"\/><\/p>\n<p>    Fra venstre: Odd Ragnar Frydenlund, Claes Neeb, Andre Amundsen, Jan Johannesen, Tom Skjekles\u00e6ther og Aksel R\u00f8dseth.  Historiske Halden-bilder.<br \/>\n    Foto: Stein Johnsen\n  <\/p>\n<p>  Imponerende artistliste<\/p>\n<p>P\u00e5 artistlista sto blant andre disse navnene: Jahn Teigen, Folque, Hawkind fra England, Peps Blodsband fra Sverige, Terje Rypdahls Odyssey, Ruphus, Prudence med \u00c5ge Aleksandersen, St. Harlem med Marcus Hannestad og programleder Herodes Falsk.<\/p>\n<p>I Halden Arbeiderblad slo Jahn Teigen da fast at Fredriksten er landets beste sted for musikkfestivaler.<\/p>\n<p>Aladdin scene<\/p>\n<p>Den 12. september skal Salmon Smokers med gjestene Truls S\u00e6ther, Thomas Eriksen, Marcus Hannestad og John Kjellstr\u00f6m spille en l\u00e5t fra alle artistene som spilte under festivalen for 50 \u00e5r siden. Det skjer alts\u00e5 i forbindelse med <a href=\"https:\/\/www.halden.kommune.no\/Kalender\/CalendarEvent.aspx?Id=1720&amp;MId1=7\" rel=\"Follow nofollow noopener\" target=\"_blank\">Kulturnatt.<\/a><\/p>\n<p>Ikke nok med dette; du vil f\u00e5 et billedlig tilbakeblikk p\u00e5 lerret. I den forbindelsen er Tom Skjekles\u00e6ther p\u00e5 jakt etter bilder som ble tatt under festivalen i 1975.<\/p>\n<p>\u2013 Jeg sitter p\u00e5 en del, og tanken er \u00e5 finne flere. Hvis noen har slike bilder, h\u00e5per jeg de kan sende dem prim\u00e6rt digitalt til meg og samtidig gi tillatelse til at de i tillegg til visning under konserten ogs\u00e5 publiseres i Halden Arbeiderblad. Ta kontakt med meg dersom du har spesielle problemer med \u00e5 f\u00e5 sendt over bildene, ber Skjekles\u00e6ther.<\/p>\n<p>Han forteller at Kyrre S\u00e6ther dessuten sitter p\u00e5 en r\u00e5 18 minutters film, som skal redigeres f\u00f8r den store begivenheten. Den ble filmet av hans bror, Rune S\u00e6ther.<\/p>\n<p>Konserten i Aladdin er gratis, men du m\u00e5 hente ut billetter p\u00e5 Ticketmaster.<\/p>\n<p>Send bilder til denne adressen: tomskjek@online.no<\/p>\n<p>   <img decoding=\"async\" width=\"1469\" height=\"916\" fetchpriority=\"low\"  loading=\"lazy\"  src=\"https:\/\/www.europesays.com\/no\/wp-content\/uploads\/2025\/08\/Skjermbilde+2025-08-07+081337.png\" alt=\"Tom Skjekles\u00e6ther\" class=\"brick-c-cFOWSL\" style=\"--brick-image-ratio: 1469 \/ 916;\"\/><\/p>\n<p>    Fredrikstenfestivalen 1975. Omtale i Halden Arbeiderblad.<br \/>\n    Foto: Arkiv\n  <\/p>\n","protected":false},"excerpt":{"rendered":"Det legges ogs\u00e5 opp til visning av bilder og film fra den gang. Sent fredag kveld den 12.&hellip;\n","protected":false},"author":2,"featured_media":17590,"comment_status":"","ping_status":"","sticky":false,"template":"","format":"standard","meta":{"footnotes":""},"categories":[58],"tags":[3180,3179,36,71,414,3178,410,3181,30,28,29,1510,72],"class_list":{"0":"post-17589","1":"post","2":"type-post","3":"status-publish","4":"format-standard","5":"has-post-thumbnail","7":"category-underholdning","8":"tag-aladdin","9":"tag-aladdin-scene","10":"tag-art","11":"tag-entertainment","12":"tag-halden","13":"tag-halden-sentrum","14":"tag-kultur","15":"tag-kulturnatt","16":"tag-no","17":"tag-norge","18":"tag-norway","19":"tag-story","20":"tag-underholdning"},"share_on_mastodon":{"url":"","error":""},"_links":{"self":[{"href":"https:\/\/www.europesays.com\/no\/wp-json\/wp\/v2\/posts\/17589","targetHints":{"allow":["GET"]}}],"collection":[{"href":"https:\/\/www.europesays.com\/no\/wp-json\/wp\/v2\/posts"}],"about":[{"href":"https:\/\/www.europesays.com\/no\/wp-json\/wp\/v2\/types\/post"}],"author":[{"embeddable":true,"href":"https:\/\/www.europesays.com\/no\/wp-json\/wp\/v2\/users\/2"}],"replies":[{"embeddable":true,"href":"https:\/\/www.europesays.com\/no\/wp-json\/wp\/v2\/comments?post=17589"}],"version-history":[{"count":0,"href":"https:\/\/www.europesays.com\/no\/wp-json\/wp\/v2\/posts\/17589\/revisions"}],"wp:featuredmedia":[{"embeddable":true,"href":"https:\/\/www.europesays.com\/no\/wp-json\/wp\/v2\/media\/17590"}],"wp:attachment":[{"href":"https:\/\/www.europesays.com\/no\/wp-json\/wp\/v2\/media?parent=17589"}],"wp:term":[{"taxonomy":"category","embeddable":true,"href":"https:\/\/www.europesays.com\/no\/wp-json\/wp\/v2\/categories?post=17589"},{"taxonomy":"post_tag","embeddable":true,"href":"https:\/\/www.europesays.com\/no\/wp-json\/wp\/v2\/tags?post=17589"}],"curies":[{"name":"wp","href":"https:\/\/api.w.org\/{rel}","templated":true}]}}