{"id":176021,"date":"2026-03-01T21:47:10","date_gmt":"2026-03-01T21:47:10","guid":{"rendered":"https:\/\/www.europesays.com\/no\/176021\/"},"modified":"2026-03-01T21:47:10","modified_gmt":"2026-03-01T21:47:10","slug":"en-veldig-bra-start","status":"publish","type":"post","link":"https:\/\/www.europesays.com\/no\/176021\/","title":{"rendered":"\u2013 En veldig bra start"},"content":{"rendered":"\n<p class=\"_lead_o9xde_2 _lead_6fko5_53 layout-component text-serif-m layout-normal text-serif-l layout-component layout-wide layout-padded _wide_17hqh_1 layout-padded\">Dennis Hauger (22) ble nummer ti i sitt f\u00f8rste l\u00f8p i den amerikanske motorsportserien Indycar.<\/p>\n<p><img alt=\" Foto: DAVID JENSEN \/ AFP \/ NTB\" class=\"_image_qp4xg_65 layout-component layout-wide\" data-fullscreen- data-track-element-type=\"Article image fullscreen\" data-track-name=\"ImageFullscreen\" fetchpriority=\"high\" decoding=\"sync\" loading=\"eager\" height=\"2621\" itemprop=\"image\"  src=\"https:\/\/www.europesays.com\/no\/wp-content\/uploads\/2026\/03\/77002e98-078d-4a9f-92a1-d413e93b8158.jpeg\"  style=\"object-position:0% 0%\" width=\"3931\"\/> Foto: DAVID JENSEN \/ AFP \/ NTB<\/p>\n<ul aria-hidden=\"true\" class=\"_images_ntbth_112\">\n<li><a class=\"_link_ntbth_117\" href=\"https:\/\/www.vg.no\/forfatter\/ntb\" style=\"z-index:2\" title=\"NTB\" rel=\"nofollow noopener\" target=\"_blank\"><img alt=\"Bilde av NTB\" class=\"_image_ntbth_93\" fetchpriority=\"low\" loading=\"lazy\" decoding=\"async\" itemprop=\"image\"  src=\"https:\/\/www.europesays.com\/no\/wp-content\/uploads\/2026\/03\/1772401629_548_c33980b0-5d07-4027-84a1-813f90a7c8d6.png\"  width=\"480\"\/><\/a><\/li>\n<li><a class=\"_link_ntbth_117\" href=\"https:\/\/www.vg.no\/forfatter\/trond-johannessen-2\" style=\"z-index:1\" title=\"Trond Johannessen\" rel=\"nofollow noopener\" target=\"_blank\"><img alt=\"Bilde av Trond Johannessen\" class=\"_image_ntbth_93\" fetchpriority=\"low\" loading=\"lazy\" decoding=\"async\" itemprop=\"image\"  src=\"https:\/\/www.europesays.com\/no\/wp-content\/uploads\/2026\/03\/8f20a56c-f95f-4178-993a-7fb0527b9125.jpeg\"  width=\"480\"\/><\/a><\/li>\n<\/ul>\n<p> Oppdatert s\u00f8ndag 1. mars kl. 21:40     <\/p>\n<p class=\"_paragraph_o9xde_4 _paragraph_6fko5_10 layout-component text-serif-m layout-normal text-serif-m layout-padded\">Hauger imponerte i kvalifiseringen l\u00f8rdag og startet tredje fremst i l\u00f8pet i St. Petersburg i Florida. Der mistet han raskt noen plasser, og da laget i tillegg ga fra seg sekunder i depotet, endte han p\u00e5 tiendeplass, men det vurderes som en sterk start.<\/p>\n<p class=\"_paragraph_o9xde_4 _paragraph_6fko5_10 layout-component text-serif-m layout-normal text-serif-m layout-padded\">\u2013 Det er en veldig bra start, sier Viaplay-kommentator Thomas Schie om Haugers prestasjon.<\/p>\n<p class=\"_paragraph_o9xde_4 _paragraph_6fko5_10 layout-component text-serif-m layout-normal text-serif-m layout-padded\">Hauger skrev historie ved \u00e5 bli f\u00f8rste norske f\u00f8rer i \u00abden amerikanske Formel 1-varianten\u00bb.<\/p>\n<p class=\"_paragraph_o9xde_4 _paragraph_6fko5_10 layout-component text-serif-m layout-normal text-serif-m layout-padded\">Favoritten Alex Palou var f\u00f8rst i m\u00e5l etter de hundre rundene \u2013 spanjolen som har vunnet sammenlagt i fire av de fem siste sesongene.<\/p>\n<p><img alt=\"Foto: Travis Hinkle \/ Travis Hinkle\" class=\"_image_qp4xg_65 layout-component layout-normal\" data-fullscreen- data-track-element-type=\"Article image fullscreen\" data-track-name=\"ImageFullscreen\" decoding=\"async\" loading=\"lazy\" height=\"3363\" itemprop=\"image\"  src=\"https:\/\/www.europesays.com\/no\/wp-content\/uploads\/2026\/03\/ebc7e2de-2fab-4dea-bd6e-9bbfed56a7cd.png\"  style=\"object-position:0% 0%\" width=\"5044\"\/>Foto: Travis Hinkle \/ Travis Hinkle<\/p>\n<p class=\"_paragraph_o9xde_4 _paragraph_6fko5_10 layout-component text-serif-m layout-normal text-serif-m layout-padded\">I fjor imponerte Hauger stort med sammenlagtseier i Indy NXT, klassen under Indycar, og han leies i \u00e5r ut fra Andretti-laget til Dale Coyne. Der er han lagkamerat med tidligere Formel 1-f\u00f8rer Roman Grosjean. Grosjean ble nummer \u00e5tte.<\/p>\n<p><img decoding=\"async\" alt=\"Bilde av Alex Palou\" class=\"_image_148z4_25\" height=\"38\" itemprop=\"image\" loading=\"lazy\"  src=\"https:\/\/www.europesays.com\/no\/wp-content\/uploads\/2026\/03\/d3c135a6-0cf0-47c6-b3a5-f2a4f276c31f.jpeg\"  width=\"40\"\/><strong class=\"_name_148z4_34 title-serif-xs\">Alex Palou<\/strong><\/p>\n<p class=\"_paragraph_o9xde_4 text-sans-m _description_148z4_39\">Vant \u00e5pningsl\u00f8pet<\/p>\n<p class=\"_paragraph_o9xde_4 _paragraph_6fko5_10 layout-component text-serif-m layout-normal text-serif-m layout-padded\">Hauger har tidligere uttalt at han vil v\u00e6re forn\u00f8yd med en topp ti-plass sammenlagt i sitt f\u00f8rste \u00e5r. Men spesielt er tittelen \u00ab\u00e5rets rookie\u00bb prestisjetung. Hauger er sammen med tidligere Formel 1-f\u00f8rer Mick Schumacher og Caio Collet debutanter. <\/p>\n<p class=\"_paragraph_o9xde_4 _paragraph_6fko5_10 layout-component text-serif-m layout-normal text-serif-m layout-padded\">Schumacher fikk et sv\u00e6rt kort debutl\u00f8p s\u00f8ndag da han krasjet allerede p\u00e5 den f\u00f8rste runden.<\/p>\n<p class=\"_paragraph_o9xde_4 _paragraph_6fko5_10 layout-component text-serif-m layout-normal text-serif-m layout-padded\">Hauger har en solid karriere bak seg. I 2021 vant han Formel 3-mesterskapet. Deretter fors\u00f8kte han seg i Formel 2 i tre sesonger, men dr\u00f8mmen om Formel 1 ble aldri realisert.<\/p>\n<p class=\"_paragraph_o9xde_4 _paragraph_6fko5_10 layout-component text-serif-m layout-normal text-serif-m layout-padded\">Indycar-sesongen best\u00e5r av 18 l\u00f8p over omtrent et halv\u00e5r. Det neste g\u00e5r i Phoenix f\u00f8rstkommende l\u00f8rdag. Der kj\u00f8res det p\u00e5 en ovalbane.<\/p>\n","protected":false},"excerpt":{"rendered":"Dennis Hauger (22) ble nummer ti i sitt f\u00f8rste l\u00f8p i den amerikanske motorsportserien Indycar. Foto: DAVID JENSEN&hellip;\n","protected":false},"author":2,"featured_media":176022,"comment_status":"","ping_status":"","sticky":false,"template":"","format":"standard","meta":{"footnotes":"","_share_on_mastodon":"0"},"categories":[59],"tags":[1119,1120,30,28,29,83,82],"class_list":["post-176021","post","type-post","status-publish","format-standard","has-post-thumbnail","category-sport","tag-dennis-hauger","tag-motorsport","tag-no","tag-norge","tag-norway","tag-sport","tag-sports"],"share_on_mastodon":{"url":"https:\/\/pubeurope.com\/@no\/116156120772148669","error":""},"_links":{"self":[{"href":"https:\/\/www.europesays.com\/no\/wp-json\/wp\/v2\/posts\/176021","targetHints":{"allow":["GET"]}}],"collection":[{"href":"https:\/\/www.europesays.com\/no\/wp-json\/wp\/v2\/posts"}],"about":[{"href":"https:\/\/www.europesays.com\/no\/wp-json\/wp\/v2\/types\/post"}],"author":[{"embeddable":true,"href":"https:\/\/www.europesays.com\/no\/wp-json\/wp\/v2\/users\/2"}],"replies":[{"embeddable":true,"href":"https:\/\/www.europesays.com\/no\/wp-json\/wp\/v2\/comments?post=176021"}],"version-history":[{"count":0,"href":"https:\/\/www.europesays.com\/no\/wp-json\/wp\/v2\/posts\/176021\/revisions"}],"wp:featuredmedia":[{"embeddable":true,"href":"https:\/\/www.europesays.com\/no\/wp-json\/wp\/v2\/media\/176022"}],"wp:attachment":[{"href":"https:\/\/www.europesays.com\/no\/wp-json\/wp\/v2\/media?parent=176021"}],"wp:term":[{"taxonomy":"category","embeddable":true,"href":"https:\/\/www.europesays.com\/no\/wp-json\/wp\/v2\/categories?post=176021"},{"taxonomy":"post_tag","embeddable":true,"href":"https:\/\/www.europesays.com\/no\/wp-json\/wp\/v2\/tags?post=176021"}],"curies":[{"name":"wp","href":"https:\/\/api.w.org\/{rel}","templated":true}]}}