{"id":17603,"date":"2025-08-25T12:57:08","date_gmt":"2025-08-25T12:57:08","guid":{"rendered":"https:\/\/www.europesays.com\/no\/17603\/"},"modified":"2025-08-25T12:57:08","modified_gmt":"2025-08-25T12:57:08","slug":"sandvika-byfest-sandvika-stenger-flere-veier-og-p-plasser-i-sandvika","status":"publish","type":"post","link":"https:\/\/www.europesays.com\/no\/17603\/","title":{"rendered":"Sandvika byfest, Sandvika | Stenger flere veier og p-plasser i Sandvika"},"content":{"rendered":"\n<p>Fra torsdag til s\u00f8ndag blir det folkefest i Sandvika med aktiviteter og underholdning for folk i alle aldre. Allerede mandag startet arbeidet med rigging og forberedelser til byfesten, noe som f\u00e5r konsekvenser for de kj\u00f8rende.<\/p>\n<p>Festplassen parkeringsplass, der det skal v\u00e6re tivoli, ble allerede mandag stengt for parkering. Plassen vil holde stengt frem til mandag 1. september. Det skriver Sandvika Byfest p\u00e5 sin <a href=\"https:\/\/www.sandvikabyfest.no\/berorte-veier-og-parkeringsplasser-under-sandvika-byfest-2025\/\" rel=\"Follow nofollow noopener\" target=\"_blank\">nettside<\/a>.<\/p>\n<p>Disse omr\u00e5dene blir ber\u00f8rt:<\/p>\n<ul>\n<li><b>Festplassen parkeringsplass:<\/b> Stengt for parkering, fra mandag 25. august til mandag 1. september<\/li>\n<li><b>Kadettangen:<\/b> Stengt for innkj\u00f8ring og parkering, fra fredag 30. august kl. 8 til mandag 1. september kl. 17<\/li>\n<li><b>R\u00e5dhustorget <\/b>(fra Claude Monets all\u00e9 ved kinoen til J\u00f8rgen Kanitz gate): Stengt for gjennomkj\u00f8ring fra onsdag 27. august kl. 8 til s\u00f8ndag 31. august (Det vil v\u00e6re perioder med \u00e5pen vei onsdag og torsdag samt etter kl. 20 alle dager).<\/li>\n<li><b>Parkeringsplasser p\u00e5 R\u00e5dhustorget og Claude Monets all\u00e9 <\/b>(enden mot torget): Stengt fra onsdag 27. august kl. 8 til s\u00f8ndag 31. august.<\/li>\n<li><b>Enveiskj\u00f8ring fra Kinoveien via r\u00e5dmann Halmrasts ved til Sandviksveien: <\/b>Stengt fra onsdag 27. august morgen til s\u00f8ndag 31. august. Veien \u00e5pnes igjen hver dag etter klokken 20.<\/li>\n<li><b>Claude Monets all\u00e9:<\/b> Stengt l\u00f8rdag 30. august, fra kl. 6 &#8211; 20. <\/li>\n<\/ul>\n<p>\u2013 Vi ber om forst\u00e5else for dette, og \u00f8nsker samtidig alle naboer og n\u00e6ringsdrivende hjertelig velkommen til \u00e5 delta i byfesten, skriver de p\u00e5 nettsiden sin.<\/p>\n<p>   <img decoding=\"async\" width=\"946\" height=\"872\" fetchpriority=\"low\"  loading=\"lazy\"  src=\"https:\/\/www.europesays.com\/no\/wp-content\/uploads\/2025\/08\/byfest.jpg\" alt=\"Her er oversikten over veier og p-plasser som blir stengt i forbindelse med byfesten. ILLUSTRASJON: SANDVIKA BYFEST\" class=\"brick-c-cFOWSL\" style=\"--brick-image-ratio: 946 \/ 872;\"\/><\/p>\n<p>    Her er oversikten over veier og p-plasser som blir stengt i forbindelse med byfesten. ILLUSTRASJON: SANDVIKA BYFEST<\/p>\n<p>Les mer om: artikkelemnene<\/p>\n","protected":false},"excerpt":{"rendered":"Fra torsdag til s\u00f8ndag blir det folkefest i Sandvika med aktiviteter og underholdning for folk i alle aldre.&hellip;\n","protected":false},"author":2,"featured_media":17604,"comment_status":"","ping_status":"","sticky":false,"template":"","format":"standard","meta":{"footnotes":""},"categories":[58],"tags":[36,997,71,3184,30,28,29,850,3183,1510,72],"class_list":{"0":"post-17603","1":"post","2":"type-post","3":"status-publish","4":"format-standard","5":"has-post-thumbnail","7":"category-underholdning","8":"tag-art","9":"tag-baerum","10":"tag-entertainment","11":"tag-kadettangen","12":"tag-no","13":"tag-norge","14":"tag-norway","15":"tag-sandvika","16":"tag-sandvika-byfest","17":"tag-story","18":"tag-underholdning"},"share_on_mastodon":{"url":"","error":""},"_links":{"self":[{"href":"https:\/\/www.europesays.com\/no\/wp-json\/wp\/v2\/posts\/17603","targetHints":{"allow":["GET"]}}],"collection":[{"href":"https:\/\/www.europesays.com\/no\/wp-json\/wp\/v2\/posts"}],"about":[{"href":"https:\/\/www.europesays.com\/no\/wp-json\/wp\/v2\/types\/post"}],"author":[{"embeddable":true,"href":"https:\/\/www.europesays.com\/no\/wp-json\/wp\/v2\/users\/2"}],"replies":[{"embeddable":true,"href":"https:\/\/www.europesays.com\/no\/wp-json\/wp\/v2\/comments?post=17603"}],"version-history":[{"count":0,"href":"https:\/\/www.europesays.com\/no\/wp-json\/wp\/v2\/posts\/17603\/revisions"}],"wp:featuredmedia":[{"embeddable":true,"href":"https:\/\/www.europesays.com\/no\/wp-json\/wp\/v2\/media\/17604"}],"wp:attachment":[{"href":"https:\/\/www.europesays.com\/no\/wp-json\/wp\/v2\/media?parent=17603"}],"wp:term":[{"taxonomy":"category","embeddable":true,"href":"https:\/\/www.europesays.com\/no\/wp-json\/wp\/v2\/categories?post=17603"},{"taxonomy":"post_tag","embeddable":true,"href":"https:\/\/www.europesays.com\/no\/wp-json\/wp\/v2\/tags?post=17603"}],"curies":[{"name":"wp","href":"https:\/\/api.w.org\/{rel}","templated":true}]}}