{"id":176175,"date":"2026-03-02T05:18:17","date_gmt":"2026-03-02T05:18:17","guid":{"rendered":"https:\/\/www.europesays.com\/no\/176175\/"},"modified":"2026-03-02T05:18:17","modified_gmt":"2026-03-02T05:18:17","slug":"elverum-valer-farevarsel-for-is","status":"publish","type":"post","link":"https:\/\/www.europesays.com\/no\/176175\/","title":{"rendered":"Elverum, V\u00e5ler | Farevarsel for is"},"content":{"rendered":"\n<p>Etter et tungt sn\u00f8fall natt til s\u00f8ndag, har mye av sn\u00f8en smeltet p\u00e5 de store trafikk\u00e5rene i fylket v\u00e5rt.\u00a0<\/p>\n<p>Br\u00f8yte- og str\u00f8mannskaper jobbet hele natten gjennom, for \u00e5 f\u00e5 gode forholde p\u00e5 vegene.<\/p>\n<p>  <a href=\"https:\/\/www.ostlendingen.no\/80-69-208732\" class=\"related-teaser has-image article--c-MkAkR\" rel=\"nofollow noopener\" target=\"_blank\"><\/p>\n<p>    <img decoding=\"async\" width=\"155\"  loading=\"lazy\"  src=\"https:\/\/www.europesays.com\/no\/wp-content\/uploads\/2026\/03\/0429017_1.jpeg\" alt=\"\" class=\"brick-c-cFOWSL\" style=\"\"\/><\/p>\n<p>\n            Les ogs\u00e5<\/p>\n<p>            Tungt sn\u00f8fall f\u00f8r utfartsdagen: \u2013\u00a0Mannskapene har v\u00e6rt ute hele natten\n        <\/p>\n<p>  <\/a><\/p>\n<p>Men selv om sn\u00f8en forsvinner og det er bart p\u00e5 vegene, m\u00e5 man ikke tro kj\u00f8reforholdene automatisk blir gode.\u00a0<\/p>\n<p>Meteorologisk institutt har s\u00f8ndag ettermiddag sendt ut et farevarsel for is p\u00e5 vegene.\u00a0<\/p>\n<p>Natt til mandag skal det bli ned mot 6-7 minusgrader, og med fukt p\u00e5 bakken, vil det fryse til is.\u00a0<\/p>\n<p>P\u00e5 dagen mandag, vil det ligge p\u00e5 rundt null grader og det er ventet nedb\u00f8r.\u00a0<\/p>\n<p>Det kan derfor by p\u00e5 vanskelige kj\u00f8reforhold, b\u00e5de p\u00e5 riksvegene, men ogs\u00e5 sidevegene.\u00a0<\/p>\n<p>Det er sendt ut et gult farevarsel for is p\u00e5 store deler av \u00d8stlandet.\u00a0<\/p>\n<p>Ut fra varselet, s\u00e5 ser det ut som at nordre del av \u00d8sterdalen og Nord-\u00d8sterdal vil slippe de vanskeligste forholdene.\u00a0<\/p>\n<p>   <img decoding=\"async\" width=\"1200\" height=\"675\" fetchpriority=\"low\"  loading=\"lazy\"  src=\"https:\/\/www.europesays.com\/no\/wp-content\/uploads\/2026\/03\/1772428697_446_ae0495ff-e273-4d2c-a08e-5932766d3487.png\" alt=\"\" class=\"brick-c-cFOWSL\" style=\"--brick-image-ratio: 1200 \/ 675;\"\/><\/p>\n<p>      FAREVARSEL: Skal du ut \u00e5 kj\u00f8re mandag, kan det v\u00e6re greit \u00e5 f\u00f8lge ekstra godt med p\u00e5 forholdene.<br \/>\n      Foto: Meteorologisk institutt\n    <\/p>\n<p>I varselet st\u00e5r det dette:<\/p>\n<p>\u2013 Det er fare for is p\u00e5 grunn av regn som fryser p\u00e5 kald bakke eller underkj\u00f8lt regn, yr og t\u00e5ke.<\/p>\n<p>I varselet st\u00e5r det videre at man m\u00e5 beregne ekstra tid til transport og kj\u00f8ring, samt bruke riktige dekk og kj\u00f8re etter forholdene.\u00a0<\/p>\n<p>Varselet \u00f8ker fra mandag morgen klokken 07.00, f\u00f8r det vil avta p\u00e5 kvelden.\u00a0<\/p>\n<p>Vi g\u00e5r inn i en vanskelig tid av vinteren, der det hele kommende uke mest sannsynlig vil ligge p\u00e5 varmegrader p\u00e5 dagen, og minusgrader p\u00e5 natten.\u00a0<\/p>\n<p>Man m\u00e5 derfor f\u00f8lge ekstra godt med n\u00e5r man kj\u00f8rer bil p\u00e5 morgenen og kvelden.\u00a0<\/p>\n<p>  <a href=\"https:\/\/www.ostlendingen.no\/80-69-208684\" class=\"related-teaser article--c-MkAkR\" rel=\"nofollow noopener\" target=\"_blank\"><\/p>\n<p>\n            Les ogs\u00e5<\/p>\n<p>            Trafikkulykke &#8211; glatt veg p\u00e5 stedet\n        <\/p>\n<p>  <\/a><\/p>\n<p>  <a href=\"https:\/\/www.ostlendingen.no\/80-69-206959\" class=\"related-teaser has-image article--c-MkAkR\" rel=\"nofollow noopener\" target=\"_blank\"><\/p>\n<p>    <img decoding=\"async\" width=\"155\"  loading=\"lazy\"  src=\"https:\/\/www.europesays.com\/no\/wp-content\/uploads\/2026\/03\/IMG_6613.jpg\" alt=\"\" class=\"brick-c-cFOWSL\" style=\"\"\/><\/p>\n<p>\n            Les ogs\u00e5<\/p>\n<p>            V\u00e6ret skaper utfordringer: \u2013 Det er travle dager\n        <\/p>\n<p>  <\/a><\/p>\n","protected":false},"excerpt":{"rendered":"Etter et tungt sn\u00f8fall natt til s\u00f8ndag, har mye av sn\u00f8en smeltet p\u00e5 de store trafikk\u00e5rene i fylket&hellip;\n","protected":false},"author":2,"featured_media":286,"comment_status":"","ping_status":"","sticky":false,"template":"","format":"standard","meta":{"footnotes":"","_share_on_mastodon":"0"},"categories":[10],"tags":[7554,36,575,20,21,1070,24,25,8138,15,22,23,13,30,28,29,14,16,478,7555,1510,26,27,224,2040,1986],"class_list":["post-176175","post","type-post","status-publish","format-standard","has-post-thumbnail","category-norge","tag-amot","tag-art","tag-asnes","tag-breaking-news","tag-breakingnews","tag-elverum","tag-featured-news","tag-featurednews","tag-grue","tag-headlines","tag-latest-news","tag-latestnews","tag-news","tag-no","tag-norge","tag-norway","tag-nyheter","tag-overskrifter","tag-solor","tag-stor-elvdal","tag-story","tag-top-stories","tag-topstories","tag-trafikk","tag-trysil","tag-valer"],"share_on_mastodon":{"url":"https:\/\/pubeurope.com\/@no\/116157894044189215","error":""},"_links":{"self":[{"href":"https:\/\/www.europesays.com\/no\/wp-json\/wp\/v2\/posts\/176175","targetHints":{"allow":["GET"]}}],"collection":[{"href":"https:\/\/www.europesays.com\/no\/wp-json\/wp\/v2\/posts"}],"about":[{"href":"https:\/\/www.europesays.com\/no\/wp-json\/wp\/v2\/types\/post"}],"author":[{"embeddable":true,"href":"https:\/\/www.europesays.com\/no\/wp-json\/wp\/v2\/users\/2"}],"replies":[{"embeddable":true,"href":"https:\/\/www.europesays.com\/no\/wp-json\/wp\/v2\/comments?post=176175"}],"version-history":[{"count":0,"href":"https:\/\/www.europesays.com\/no\/wp-json\/wp\/v2\/posts\/176175\/revisions"}],"wp:featuredmedia":[{"embeddable":true,"href":"https:\/\/www.europesays.com\/no\/wp-json\/wp\/v2\/media\/286"}],"wp:attachment":[{"href":"https:\/\/www.europesays.com\/no\/wp-json\/wp\/v2\/media?parent=176175"}],"wp:term":[{"taxonomy":"category","embeddable":true,"href":"https:\/\/www.europesays.com\/no\/wp-json\/wp\/v2\/categories?post=176175"},{"taxonomy":"post_tag","embeddable":true,"href":"https:\/\/www.europesays.com\/no\/wp-json\/wp\/v2\/tags?post=176175"}],"curies":[{"name":"wp","href":"https:\/\/api.w.org\/{rel}","templated":true}]}}