{"id":176447,"date":"2026-03-02T12:46:25","date_gmt":"2026-03-02T12:46:25","guid":{"rendered":"https:\/\/www.europesays.com\/no\/176447\/"},"modified":"2026-03-02T12:46:25","modified_gmt":"2026-03-02T12:46:25","slug":"lise-klaveness-nff-klaveness-gjenvalgt-som-fotballpresident-tar-pusten-fra-selv-relativt-energiske-folk","status":"publish","type":"post","link":"https:\/\/www.europesays.com\/no\/176447\/","title":{"rendered":"Lise Klaveness, NFF | Klaveness gjenvalgt som fotballpresident: \u2013 Tar pusten fra selv relativt energiske folk"},"content":{"rendered":"\n<p>Gjenvalget var i tr\u00e5d med valgkomiteens innstilling. Klaveness ble valgt som NFF-president for fire \u00e5r i 2022, mens hun denne gangen stilte til gjenvalg for en to\u00e5rsperiode.<\/p>\n<p>\u2013 Lise Klaveness leder NFF i en periode hvor det skapes gode resultater i b\u00e5de bredde og topp. Klaveness er en markant og tydelig leder b\u00e5de nasjonalt og internasjonalt, noe som er i tr\u00e5d med forventningene som er vedtatt av det norske fotballdemokratiet, uttalte valgkomiteens leder, Jan Petter Hagen, i innstillingen.<\/p>\n<p>P\u00e5 tinget argumenterte han ogs\u00e5 sterkt for at Klaveness m\u00e5 f\u00e5 fortsette.<\/p>\n<p>\u2013 Lise leder norsk fotball i en periode med fantastiske resultater i topp og bredde, sa Hagen.<\/p>\n<p>\u2013 Det er v\u00e5r klare oppfatning at Lise ogs\u00e5 har h\u00e5ndtert vanskelige perioder og vanskelige saker p\u00e5 en meget god periode. Hun er troverdig og tydelig, b\u00e5de nasjonalt og internasjonalt. Dette vet vi alle sammen, sa valgkomit\u00e9lederen.<\/p>\n<p>Sp\u00f8kte<\/p>\n<p>Videre ble det p\u00e5pekt at Klaveness v\u00e5ren 2025 ogs\u00e5 ble valgt inn i styret i Det europeiske fotballforbundet (Uefa). Det mener valgkomiteen er en klar styrke for internasjonal fotball.<\/p>\n<p>Hagen sp\u00f8kte ogs\u00e5 med Klaveness.<\/p>\n<p>\u2013 Hun er intens. Veldig intens. Men hun har ogs\u00e5 en arbeidskapasitet som tar pusten fra selv relativt energiske folk, sa han.<\/p>\n<p>Klaveness har ved flere anledninger gjort seg bemerket ved \u00e5 tale de internasjonale fotballederne imot.<\/p>\n<p>Styret gjenvalgt<\/p>\n<p>Ogs\u00e5 styremedlemmene Gunhild L\u00e6rum, Leon Jarle Aurdal og Haider Raad er gjenvalgt for to \u00e5r.<\/p>\n<p>NFF-styret for de neste to \u00e5rene ser dermed slik ut:<\/p>\n<p>President: Lise Klaveness (Kvernbit)<\/p>\n<p>1. visepresident: Ane Guro Skaare-Rekdal (Ottestad)<\/p>\n<p>2. visepresident: Aslak Sverdrup (Brann)<\/p>\n<p>Styremedlemmer: Gunhild L\u00e6rum (Lillestr\u00f8m), Leon Jarle Aurdal (Aalesund), Haider Raad (Lisleby), Jon M\u00f8rland (Heming) og Kristine Haugen (Salangen).<\/p>\n<p>Ansatterepresenteant: Rasmus Olstad Semmerud (NFF sentralt).<\/p>\n","protected":false},"excerpt":{"rendered":"Gjenvalget var i tr\u00e5d med valgkomiteens innstilling. Klaveness ble valgt som NFF-president for fire \u00e5r i 2022, mens&hellip;\n","protected":false},"author":2,"featured_media":176448,"comment_status":"","ping_status":"","sticky":false,"template":"","format":"standard","meta":{"footnotes":"","_share_on_mastodon":"0"},"categories":[59],"tags":[36,92,2451,4583,30,28,4049,29,83,82,1510],"class_list":["post-176447","post","type-post","status-publish","format-standard","has-post-thumbnail","category-sport","tag-art","tag-fotball","tag-lise-klaveness","tag-nff","tag-no","tag-norge","tag-norges-fotballforbund","tag-norway","tag-sport","tag-sports","tag-story"],"share_on_mastodon":{"url":"https:\/\/pubeurope.com\/@no\/116159655811827587","error":""},"_links":{"self":[{"href":"https:\/\/www.europesays.com\/no\/wp-json\/wp\/v2\/posts\/176447","targetHints":{"allow":["GET"]}}],"collection":[{"href":"https:\/\/www.europesays.com\/no\/wp-json\/wp\/v2\/posts"}],"about":[{"href":"https:\/\/www.europesays.com\/no\/wp-json\/wp\/v2\/types\/post"}],"author":[{"embeddable":true,"href":"https:\/\/www.europesays.com\/no\/wp-json\/wp\/v2\/users\/2"}],"replies":[{"embeddable":true,"href":"https:\/\/www.europesays.com\/no\/wp-json\/wp\/v2\/comments?post=176447"}],"version-history":[{"count":0,"href":"https:\/\/www.europesays.com\/no\/wp-json\/wp\/v2\/posts\/176447\/revisions"}],"wp:featuredmedia":[{"embeddable":true,"href":"https:\/\/www.europesays.com\/no\/wp-json\/wp\/v2\/media\/176448"}],"wp:attachment":[{"href":"https:\/\/www.europesays.com\/no\/wp-json\/wp\/v2\/media?parent=176447"}],"wp:term":[{"taxonomy":"category","embeddable":true,"href":"https:\/\/www.europesays.com\/no\/wp-json\/wp\/v2\/categories?post=176447"},{"taxonomy":"post_tag","embeddable":true,"href":"https:\/\/www.europesays.com\/no\/wp-json\/wp\/v2\/tags?post=176447"}],"curies":[{"name":"wp","href":"https:\/\/api.w.org\/{rel}","templated":true}]}}