{"id":17662,"date":"2025-08-25T14:19:08","date_gmt":"2025-08-25T14:19:08","guid":{"rendered":"https:\/\/www.europesays.com\/no\/17662\/"},"modified":"2025-08-25T14:19:08","modified_gmt":"2025-08-25T14:19:08","slug":"mosjoen-vefsn-skal-grille-hapefulle-stortingskandidater-pa-bakgarden-i-mosjoen-det-storste-vi-har-arrangert-hittil","status":"publish","type":"post","link":"https:\/\/www.europesays.com\/no\/17662\/","title":{"rendered":"Mosj\u00f8en, Vefsn | Skal grille h\u00e5pefulle stortingskandidater p\u00e5 Bakg\u00e5rden i Mosj\u00f8en: \u2013 Det st\u00f8rste vi har arrangert hittil"},"content":{"rendered":"\n<p>\u2013 Planleggingen startet allerede f\u00f8r jul, s\u00e5 det har g\u00e5tt veldig mange timer med p\u00e5 dette. Det blir de st\u00f8rste arrangementet vi har hatt ansvar for i Mosj\u00f8en hittil, med god margin, sier Wivi Amundsen, Rune Einrem og Nina Berg.<\/p>\n<p>Torsdag 28. august har Ung Arena invitert ni potensielle stortingskandidater fra Helgeland og resten av Nordland for \u00f8vrig til Bakg\u00e5rden Kultur.<\/p>\n<p>\u2013 S\u00e5rbar infrastruktur<\/p>\n<p>Der skal de h\u00e5pefulle f\u00f8r h\u00f8sten stortingsvalg grilles om sikkerhetspolitikk i fylket v\u00e5rt.<\/p>\n<p>\u2013 Vi var innom flere ulike temaer da vi startet planleggingen, men landet p\u00e5 sikkerhetspolitikk fordi det er et tema som ofte blir litt oversett, sier Wivi Amundsen og fortsetter:<\/p>\n<p>\u2013 Mange kjenner p\u00e5 en uro for det vi n\u00e5 ser skjer i Europa og resten av verden. N\u00e5r det kommer til sikkerhetspolitikk har vi inntrykk av at Mosj\u00f8en og Helgeland kanskje blir litt glemt, selv om byen og regionen absolutt er et viktig knutepunkt. Det er bare \u00e5 se p\u00e5 kartet, s\u00e5 skj\u00f8nner man hvorfor. <\/p>\n<p>Gjengen fra Ung Arena peker ogs\u00e5 p\u00e5 utfordringer knyttet til infrastrukturen i regionen, de mener er sv\u00e6rt relevant i et sikkerhetsmessig perspektiv.<\/p>\n<p>\u2013 Vi ser jo hvor s\u00e5rbart det kan v\u00e6re, med eksempelvis tilstanden p\u00e5 Nordlandsbanen og nedbyggingen av sykehus. Mosj\u00f8en er ogs\u00e5 en stor industrikommune, og for vanlige folk handler det vel s\u00e5 mye om \u00abhva gj\u00f8r vi faktisk\u00bb dersom en krise skulle oppst\u00e5, sier Nina Berg. <\/p>\n<p>      Disse deltar<\/p>\n<p>Debatten vil ha fokus p\u00e5 Mosj\u00f8en, men ogs\u00e5 resten av Helgeland som region. Den vil bli ledet av Lars Fredrik Martinussen i NHO, og f\u00f8lgende stortingskandidater er invitert til \u00e5 delta:<\/p>\n<ul>\n<li><b>Synne H\u00f8yforsslett Bj\u00f8rb\u00e6k<\/b> (2.-kandidat \u2013 R\u00f8dt Nordland).<\/li>\n<li><b>\u00c5shild Pettersen<\/b> (2.-kandidat \u2013 Nordland SV).<\/li>\n<li><b>Bent-Joacim Bentzen<\/b> (1.-kandidat \u2013 Nordland Senterparti).<\/li>\n<li><b>Linda Helen Haukland<\/b> (1.-kandidat \u2013 Nordland KrF).<\/li>\n<li><b>B\u00e5rd Ludvig Thorheim<\/b> (1.-kandidat \u2013 Nordland H\u00f8yre).<\/li>\n<li><b>Bj\u00f8rn Larsen<\/b> (2.-kandidat \u2013 Nordland Fremskrittsparti).<\/li>\n<li><b>Trine Lise Sundnes<\/b> (6.-kandidat \u2013 Oslo Arbeiderparti).<\/li>\n<li><b>H\u00e5kon M\u00f8ller<\/b> (2.-kandidat \u2013 Nordland MDG).<\/li>\n<li><b>Tarjei Svalbj\u00f8rg<\/b> (1.-kandidat \u2013 Nordland Venstre).<\/li>\n<\/ul>\n<p>Trine Lise Sundnes er ikke fra Nordland, men arrang\u00f8rene forteller at hun ble valgt ut til \u00e5 delta p\u00e5 debatten p\u00e5 grunn av den tunge bakgrunnen hun har innenfor sp\u00f8rsm\u00e5l knyttet til temaet som skal diskuteres. <\/p>\n<p>\u2013 Vi er godt forn\u00f8yd med deltakerne, for det er tunge navn med tanke p\u00e5 posisjonen de har foran valget. Vi er veldig glade for at de tar seg tid til dette i en travel valgkampinnspurt, sier Rune Einrem. <\/p>\n<p>      H\u00e5per p\u00e5 oppm\u00f8te<\/p>\n<p>Arrangementet skjer i samarbeid med Mosj\u00f8en N\u00e6ringsforening og Mosj\u00f8en og Omegn N\u00e6ringsselskap. <\/p>\n<p>F\u00f8r selve debatten g\u00e5r i gang blir det ogs\u00e5 en s\u00e5kalt sofaprat, som skal ledes av Aina Elise Fagereng i Saltdal utvikling. Der blir tema \u00abframtidens beredskap, og unges rolle i nord\u00bb. I tillegg vil det bli holdt innlegg fra LO, NHO og oberstl\u00f8ytnant Finn Ola Helleberg, som er distriktssjef i HV-14.<\/p>\n<p>\u2013 Vi h\u00e5per s\u00e5 mange som mulig har lyst \u00e5 f\u00e5 med seg dette, b\u00e5de unge, n\u00e6ringslivsakt\u00f8rer, politikere og andre engasjerte innbyggere, sier trioen entusiastisk.<\/p>\n","protected":false},"excerpt":{"rendered":"\u2013 Planleggingen startet allerede f\u00f8r jul, s\u00e5 det har g\u00e5tt veldig mange timer med p\u00e5 dette. Det blir&hellip;\n","protected":false},"author":2,"featured_media":17663,"comment_status":"","ping_status":"","sticky":false,"template":"","format":"standard","meta":{"footnotes":""},"categories":[10],"tags":[36,20,21,24,25,15,22,23,1068,13,30,28,29,14,16,41,1510,26,27,1203],"class_list":{"0":"post-17662","1":"post","2":"type-post","3":"status-publish","4":"format-standard","5":"has-post-thumbnail","7":"category-norge","8":"tag-art","9":"tag-breaking-news","10":"tag-breakingnews","11":"tag-featured-news","12":"tag-featurednews","13":"tag-headlines","14":"tag-latest-news","15":"tag-latestnews","16":"tag-mosjoen","17":"tag-news","18":"tag-no","19":"tag-norge","20":"tag-norway","21":"tag-nyheter","22":"tag-overskrifter","23":"tag-politikk","24":"tag-story","25":"tag-top-stories","26":"tag-topstories","27":"tag-vefsn"},"share_on_mastodon":{"url":"","error":""},"_links":{"self":[{"href":"https:\/\/www.europesays.com\/no\/wp-json\/wp\/v2\/posts\/17662","targetHints":{"allow":["GET"]}}],"collection":[{"href":"https:\/\/www.europesays.com\/no\/wp-json\/wp\/v2\/posts"}],"about":[{"href":"https:\/\/www.europesays.com\/no\/wp-json\/wp\/v2\/types\/post"}],"author":[{"embeddable":true,"href":"https:\/\/www.europesays.com\/no\/wp-json\/wp\/v2\/users\/2"}],"replies":[{"embeddable":true,"href":"https:\/\/www.europesays.com\/no\/wp-json\/wp\/v2\/comments?post=17662"}],"version-history":[{"count":0,"href":"https:\/\/www.europesays.com\/no\/wp-json\/wp\/v2\/posts\/17662\/revisions"}],"wp:featuredmedia":[{"embeddable":true,"href":"https:\/\/www.europesays.com\/no\/wp-json\/wp\/v2\/media\/17663"}],"wp:attachment":[{"href":"https:\/\/www.europesays.com\/no\/wp-json\/wp\/v2\/media?parent=17662"}],"wp:term":[{"taxonomy":"category","embeddable":true,"href":"https:\/\/www.europesays.com\/no\/wp-json\/wp\/v2\/categories?post=17662"},{"taxonomy":"post_tag","embeddable":true,"href":"https:\/\/www.europesays.com\/no\/wp-json\/wp\/v2\/tags?post=17662"}],"curies":[{"name":"wp","href":"https:\/\/api.w.org\/{rel}","templated":true}]}}