{"id":177083,"date":"2026-03-03T07:47:10","date_gmt":"2026-03-03T07:47:10","guid":{"rendered":"https:\/\/www.europesays.com\/no\/177083\/"},"modified":"2026-03-03T07:47:10","modified_gmt":"2026-03-03T07:47:10","slug":"fredrik-aursnes-skadet-usikkert-omfang","status":"publish","type":"post","link":"https:\/\/www.europesays.com\/no\/177083\/","title":{"rendered":"Fredrik Aursnes skadet &#8211; usikkert omfang"},"content":{"rendered":"\n<p class=\"_lead_o9xde_2 _lead_6fko5_53 layout-component text-serif-m layout-normal text-serif-l layout-component layout-wide layout-padded _wide_17hqh_1 layout-padded\">Benfica-trener Jos\u00e9 Mourinho kan m\u00e5tte klare seg uten landslagsaktuelle Fredrik Aursnes til helgen. Skadeomfanget er fortsatt uvisst.<\/p>\n<p><img alt=\"Fredrik Aursnes ble byttet ut med skade mandag.  Foto: Manu Fernandez \/ AP \/ NTB\" class=\"_image_qp4xg_65 layout-component layout-wide\" data-fullscreen- data-track-element-type=\"Article image fullscreen\" data-track-name=\"ImageFullscreen\" fetchpriority=\"high\" decoding=\"sync\" loading=\"eager\" height=\"4219\" itemprop=\"image\"  src=\"https:\/\/www.europesays.com\/no\/wp-content\/uploads\/2026\/03\/865eb923-f36a-4ca7-b12f-715f31a1a963.png\"  style=\"object-position:0% 0%\" width=\"6327\"\/>Fredrik Aursnes ble byttet ut med skade mandag.  Foto: Manu Fernandez \/ AP \/ NTB<\/p>\n<ul aria-hidden=\"true\" class=\"_images_ntbth_112\">\n<li><a class=\"_link_ntbth_117\" href=\"https:\/\/www.vg.no\/forfatter\/ntb\" style=\"z-index:1\" title=\"NTB\" rel=\"nofollow noopener\" target=\"_blank\"><img alt=\"Bilde av NTB\" class=\"_image_ntbth_93\" fetchpriority=\"low\" loading=\"lazy\" decoding=\"async\" itemprop=\"image\"  src=\"https:\/\/www.europesays.com\/no\/wp-content\/uploads\/2026\/03\/1772524030_35_c33980b0-5d07-4027-84a1-813f90a7c8d6.png\"  width=\"480\"\/><\/a><\/li>\n<\/ul>\n<p> Oppdatert tirsdag 3. mars kl. 08:27    <\/p>\n<ul class=\"_list_o9xde_3 _list_64s2r_85 _unordered_o9xde_106 text-sans-m\">\n<li class=\"_item_o9xde_30\">Benfica-trener Jos\u00e9 Mourinho kan miste Fredrik Aursnes til helgens kamp mot Porto.<\/li>\n<li class=\"_item_o9xde_30\">Aursnes m\u00e5tte av banen med skade i oppgj\u00f8ret mot Gil Vicente.<\/li>\n<li class=\"_item_o9xde_30\">Skadeomfanget er fortsatt uvisst, og Mourinho er bekymret for alvorlighetsgraden.<\/li>\n<li class=\"_item_o9xde_30\">Aursnes har nylig meldt seg klar for landslaget etter en pause p\u00e5 to \u00e5r.<\/li>\n<\/ul>\n<p>Vis mer <\/p>\n<p class=\"_paragraph_o9xde_4 _paragraph_6fko5_10 layout-component text-serif-m layout-normal text-serif-m layout-padded\">Fem minutter ut i 2. omgang i oppgj\u00f8ret mot Gil Vicente mandag forlot Aursnes banen. Midtbanemannen holdt seg til baksiden av l\u00e5ret.<\/p>\n<p class=\"_paragraph_o9xde_4 _paragraph_6fko5_10 layout-component text-serif-m layout-normal text-serif-m layout-padded\">Storkampen mot Porto til s\u00f8ndag kan g\u00e5 uten ham, sa Mourinho. Samtidig n\u00e6rmer det seg landslagssamling.<\/p>\n<p class=\"_paragraph_o9xde_4 _paragraph_6fko5_10 layout-component text-serif-m layout-normal text-serif-m layout-padded\"> \u2013 \u00c6rlig talt s\u00e5 vet jeg ikke, sa portugiseren da han m\u00f8tte pressen, if\u00f8lge klubbens egen <a href=\"https:\/\/www.slbenfica.pt\/pt-pt\/agora\/noticias\/2026\/03\/02\/futebol-jose-mourinho-pos-jogo-gil-vicente-benfica-24-jornada-liga-betclic\" class=\"_link_o9xde_39\" rel=\"nofollow noopener\" target=\"_blank\">nettside<\/a>.<\/p>\n<p class=\"_paragraph_o9xde_4 _paragraph_6fko5_10 layout-component text-serif-m layout-normal text-serif-m layout-padded\">Han opplyste ogs\u00e5 at Aursnes har slitt med \u00abdette problemet i flere uker\u00bb.<\/p>\n<p class=\"_paragraph_o9xde_4 _paragraph_6fko5_10 layout-component text-serif-m layout-normal text-serif-m layout-padded\"><strong class=\"_strong_o9xde_25\">\u2013 Vi har nesten alltid funnet m\u00e5ter \u00e5 f\u00e5 ham spilleklar p\u00e5, men det at han m\u00e5tte byttes ut s\u00e5 tidlig i andre gang, etter at han ikke kjente noe i 1. omgang, f\u00e5r meg til \u00e5 tro at det er mer alvorlig denne gangen, sa Mourinho.<\/strong><\/p>\n<p class=\"_paragraph_o9xde_4 _paragraph_6fko5_10 layout-component text-serif-m layout-normal text-serif-m layout-padded\">Aursnes har meldt seg klar for landslaget igjen. Han har v\u00e6rt utenfor St\u00e5le Solbakkens lag de siste to \u00e5rene. \u00c5rsaken var totalbelastningen med klubbfotball i Benfica.<\/p>\n<p class=\"_paragraph_o9xde_4 _paragraph_6fko5_10 layout-component text-serif-m layout-normal text-serif-m layout-padded\">Mourinho understreket under sin pressekonferanse at han ikke visste statusen p\u00e5 Aursnes.<\/p>\n<p class=\"_paragraph_o9xde_4 _paragraph_6fko5_10 layout-component text-serif-m layout-normal text-serif-m layout-padded\">\u2013 Slike ting vet man bedre etter 48 timer.<\/p>\n<p class=\"_paragraph_o9xde_4 _paragraph_6fko5_10 layout-component text-serif-m layout-normal text-serif-m layout-padded\">Norge starter snart oppkj\u00f8ringen til VM med kamper mot Nederland (27. mars) og Sveits (31. mars). <\/p>\n<p class=\"_paragraph_o9xde_4 _paragraph_6fko5_10 layout-component text-serif-m layout-normal text-serif-m layout-padded\">Aursnes spilte 20 landskamper for Norge i tiden juni 2021 til november 2023. Alle kom under Solbakkens ledelse.<\/p>\n","protected":false},"excerpt":{"rendered":"Benfica-trener Jos\u00e9 Mourinho kan m\u00e5tte klare seg uten landslagsaktuelle Fredrik Aursnes til helgen. Skadeomfanget er fortsatt uvisst. Fredrik&hellip;\n","protected":false},"author":2,"featured_media":177084,"comment_status":"","ping_status":"","sticky":false,"template":"","format":"standard","meta":{"footnotes":"","_share_on_mastodon":"0"},"categories":[59],"tags":[92,4762,3163,30,28,29,6096,83,82],"class_list":["post-177083","post","type-post","status-publish","format-standard","has-post-thumbnail","category-sport","tag-fotball","tag-fredrik-aursnes","tag-herrelandslaget-fotball","tag-no","tag-norge","tag-norway","tag-sl-benfica","tag-sport","tag-sports"],"share_on_mastodon":{"url":"https:\/\/pubeurope.com\/@no\/116164142534672088","error":""},"_links":{"self":[{"href":"https:\/\/www.europesays.com\/no\/wp-json\/wp\/v2\/posts\/177083","targetHints":{"allow":["GET"]}}],"collection":[{"href":"https:\/\/www.europesays.com\/no\/wp-json\/wp\/v2\/posts"}],"about":[{"href":"https:\/\/www.europesays.com\/no\/wp-json\/wp\/v2\/types\/post"}],"author":[{"embeddable":true,"href":"https:\/\/www.europesays.com\/no\/wp-json\/wp\/v2\/users\/2"}],"replies":[{"embeddable":true,"href":"https:\/\/www.europesays.com\/no\/wp-json\/wp\/v2\/comments?post=177083"}],"version-history":[{"count":0,"href":"https:\/\/www.europesays.com\/no\/wp-json\/wp\/v2\/posts\/177083\/revisions"}],"wp:featuredmedia":[{"embeddable":true,"href":"https:\/\/www.europesays.com\/no\/wp-json\/wp\/v2\/media\/177084"}],"wp:attachment":[{"href":"https:\/\/www.europesays.com\/no\/wp-json\/wp\/v2\/media?parent=177083"}],"wp:term":[{"taxonomy":"category","embeddable":true,"href":"https:\/\/www.europesays.com\/no\/wp-json\/wp\/v2\/categories?post=177083"},{"taxonomy":"post_tag","embeddable":true,"href":"https:\/\/www.europesays.com\/no\/wp-json\/wp\/v2\/tags?post=177083"}],"curies":[{"name":"wp","href":"https:\/\/api.w.org\/{rel}","templated":true}]}}