{"id":177099,"date":"2026-03-03T08:05:22","date_gmt":"2026-03-03T08:05:22","guid":{"rendered":"https:\/\/www.europesays.com\/no\/177099\/"},"modified":"2026-03-03T08:05:22","modified_gmt":"2026-03-03T08:05:22","slug":"voss-ulvik-fleire-medaljar-under-noregsmeisterskapen","status":"publish","type":"post","link":"https:\/\/www.europesays.com\/no\/177099\/","title":{"rendered":"Voss, Ulvik | Fleire medaljar under noregsmeisterskapen"},"content":{"rendered":"\n<p>Denne helgen var det klart for innand\u00f8rs noregsmeisterskap i friidrett, der b\u00e5de Voss og Ulvik var representerte med lokale ut\u00f8varar.<\/p>\n<p>Meisterskapen gjekk f\u00f8re seg over tre dagar i Gneisthallen i R\u00e5dal, like ved Fana stadion.<\/p>\n<p>Tre medaljar<\/p>\n<p>Under meisterskapen blei det to gullmedaljar, som vossingane Marcus Thomsen og Mariell Hetles\u00e6ther Morken stod for.<\/p>\n<p>Begge er kulest\u00f8ytarar og representerer klubbene Norna Salhus og Ullensaker\/Kisa.<\/p>\n<p>Thomsen sitt vinnarst\u00f8yt var p\u00e5 20,63 meter og Morken vann med eit st\u00f8yt p\u00e5 14,00 meter.<\/p>\n<p>\u2013 Veldig g\u00f8y<\/p>\n<p>Vossaut\u00f8veren Mariell Hetles\u00e6ther Morken studerer for tida til \u00e5 bli tollar ved Universitetet i Stavanger.<\/p>\n<p>Ho fortel at det var litt overraskande at ho gjekk heilt til topps under noregsmeisterskapen i helga.<\/p>\n<p>\u2013 Det var veldig g\u00f8y! Det var ikkje helt forventa sidan eg har slite litt med teknikken. S\u00e5 det var veldig godt at det klaffa i helga.<\/p>\n<p>   <img decoding=\"async\" width=\"3501\" height=\"2334\" fetchpriority=\"low\"  loading=\"lazy\"  src=\"https:\/\/www.europesays.com\/no\/wp-content\/uploads\/2026\/03\/NTB_5gbnGg80Cng_1.jpg\" alt=\"Stavanger, Norway 20240628. &#10;Mariell Hetles\u00e6ter Morken i kulefinalen under NM i friidrett 2024.&#10;Foto: Carina Johansen \/ NTB\" class=\"brick-c-cFOWSL\" style=\"--brick-image-ratio: 3501 \/ 2334;\"\/><\/p>\n<p>      Stavanger, Norway 20240628.<br \/>\nMariell Hetles\u00e6ter Morken i kulefinalen under NM i friidrett 2024.<br \/>\nFoto: Carina Johansen \/ NTB<br \/>\n      Foto: Carina Johansen\n    <\/p>\n<p>\u2013 Vart det noko feiring av meisterskapsgullet? <\/p>\n<p>\u2013 Eg \u00e5t pizza. Eigentleg berre det, seier Morken.<\/p>\n<p>No ser vossingen fram til utand\u00f8rssesongen startar, der m\u00e5let rett og slett berre er \u00e5 kasta s\u00e5 langt ho kan.<\/p>\n<p>Fleire pallplassar<\/p>\n<p>Under noregsmeisterskapen sprang vossingen Anne Tharaldsen Danielsen inn til bronsemedalje p\u00e5 4 x 200 meter stafett, og blei nummer \u00e5tte p\u00e5 400 meter med tida 55,88 sekund.<\/p>\n<p>   <img decoding=\"async\" width=\"4000\" height=\"2836\" fetchpriority=\"low\"  loading=\"lazy\"  src=\"https:\/\/www.europesays.com\/no\/wp-content\/uploads\/2026\/03\/a+t+d+4.JPG\" alt=\"Anne Tharaldsen Danielsen\" class=\"brick-c-cFOWSL\" style=\"--brick-image-ratio: 4000 \/ 2836;\"\/><\/p>\n<p>      BRONSJE: Anne Tharaldsen Danielsen sprang inn til bronsemedalje under stafetten.<br \/>\n      Foto: Hilde Stokvold Gundersen\n    <\/p>\n<p>Vossingen Tore Akerlie som spring for klubben Gular leverte ogs\u00e5 solide prestasjonar med 4. plass p\u00e5 b\u00e5de 1500 og 3000 meter. Tidene var 3.47.22 og 8.00.18.<\/p>\n<p>Ulvikjen Marius Bull Hjeltnes hoppa inn til ein fjerdeplass i lengdehopp med 7,07 meter.<\/p>\n<p>Sofie \u00d8sterb\u00f8 Jansen deltok i KS para, 200 meter og 60 meter, og tok h\u00f8vesvis bronse og s\u00f8lv.<\/p>\n<p>   <img decoding=\"async\" width=\"3024\" height=\"4032\" fetchpriority=\"low\"  loading=\"lazy\"  src=\"https:\/\/www.europesays.com\/no\/wp-content\/uploads\/2026\/03\/IMG_2458.jpeg\" alt=\"\" class=\"brick-c-cFOWSL\" style=\"--brick-image-ratio: 3024 \/ 4032;\"\/><\/p>\n<p>      Sofie \u00d8sterb\u00f8 Jansen (til venstre) under NM i friidrett.<br \/>\n      Foto: Privat\n    <\/p>\n<p><a href=\"https:\/\/norway.opentrack.run\/nb\/x\/2026\/NOR\/innenmfriidett\/\" rel=\"Follow nofollow noopener\" target=\"_blank\">Alle resultat kan ein finna her.<\/a><\/p>\n<p>  <a href=\"https:\/\/www.avisa-hordaland.no\/5-132-1073328\" class=\"related-teaser has-image article--c-MkAkR\" rel=\"nofollow noopener\" target=\"_blank\"><\/p>\n<p>    <img decoding=\"async\" width=\"155\"  loading=\"lazy\"  src=\"https:\/\/www.europesays.com\/no\/wp-content\/uploads\/2026\/03\/NM_NC6.PNG\" alt=\"\" class=\"brick-c-cFOWSL\" style=\"\"\/><\/p>\n<p>\n            Les ogs\u00e5<\/p>\n<p>            Amerikansk siger, stygt fall og ny bakkerekord\n        <\/p>\n<p>  <\/a><\/p>\n<p>  <a data-static=\"\" href=\"#skip-\" class=\"brick-c-fgNmNC\">Hopp over karusellen.<\/a><\/p>\n<p data-static=\"\" class=\"brick-c-fgNmNC\" id=\"carousel-title-\">Innholdskarusell med 20 artikler.<\/p>\n<ul data-static=\"\" aria-label=\"Navigasjon for innholdskarusell\" class=\"carousel-nav\">\n<li>\n<\/li>\n<li>\n<\/li>\n<\/ul>\n","protected":false},"excerpt":{"rendered":"Denne helgen var det klart for innand\u00f8rs noregsmeisterskap i friidrett, der b\u00e5de Voss og Ulvik var representerte med&hellip;\n","protected":false},"author":2,"featured_media":177100,"comment_status":"","ping_status":"","sticky":false,"template":"","format":"standard","meta":{"footnotes":"","_share_on_mastodon":"0"},"categories":[59],"tags":[36,423,30,28,29,83,82,1510,18107,1847],"class_list":["post-177099","post","type-post","status-publish","format-standard","has-post-thumbnail","category-sport","tag-art","tag-friidrett","tag-no","tag-norge","tag-norway","tag-sport","tag-sports","tag-story","tag-ulvik","tag-voss"],"share_on_mastodon":{"url":"https:\/\/pubeurope.com\/@no\/116164213517108838","error":""},"_links":{"self":[{"href":"https:\/\/www.europesays.com\/no\/wp-json\/wp\/v2\/posts\/177099","targetHints":{"allow":["GET"]}}],"collection":[{"href":"https:\/\/www.europesays.com\/no\/wp-json\/wp\/v2\/posts"}],"about":[{"href":"https:\/\/www.europesays.com\/no\/wp-json\/wp\/v2\/types\/post"}],"author":[{"embeddable":true,"href":"https:\/\/www.europesays.com\/no\/wp-json\/wp\/v2\/users\/2"}],"replies":[{"embeddable":true,"href":"https:\/\/www.europesays.com\/no\/wp-json\/wp\/v2\/comments?post=177099"}],"version-history":[{"count":0,"href":"https:\/\/www.europesays.com\/no\/wp-json\/wp\/v2\/posts\/177099\/revisions"}],"wp:featuredmedia":[{"embeddable":true,"href":"https:\/\/www.europesays.com\/no\/wp-json\/wp\/v2\/media\/177100"}],"wp:attachment":[{"href":"https:\/\/www.europesays.com\/no\/wp-json\/wp\/v2\/media?parent=177099"}],"wp:term":[{"taxonomy":"category","embeddable":true,"href":"https:\/\/www.europesays.com\/no\/wp-json\/wp\/v2\/categories?post=177099"},{"taxonomy":"post_tag","embeddable":true,"href":"https:\/\/www.europesays.com\/no\/wp-json\/wp\/v2\/tags?post=177099"}],"curies":[{"name":"wp","href":"https:\/\/api.w.org\/{rel}","templated":true}]}}