{"id":17714,"date":"2025-08-25T15:27:08","date_gmt":"2025-08-25T15:27:08","guid":{"rendered":"https:\/\/www.europesays.com\/no\/17714\/"},"modified":"2025-08-25T15:27:08","modified_gmt":"2025-08-25T15:27:08","slug":"preget-rooth-serverte-blytung-beskjed-mister-vm-i-friidrett","status":"publish","type":"post","link":"https:\/\/www.europesays.com\/no\/17714\/","title":{"rendered":"Preget Rooth serverte blytung beskjed: Mister VM i friidrett"},"content":{"rendered":"\n<p class=\"_lead_1bvmi_2 _lead_xtcu6_50 layout-component text-serif-m layout-normal text-serif-l layout-component layout-wide layout-padded _wide_17hqh_1 layout-padded\">Markus Rooth (23) har skader i b\u00e5de kne og albue etter \u00e5 ha landet p\u00e5 bakken under en stav-trening. Han mister friidretts-VM i Tokyo i midten av september.<\/p>\n<p> <img class=\"_image_qp4xg_65 layout-component layout-wide\" data-fullscreen- data-track-element-type=\"Article image fullscreen\" data-track-name=\"ImageFullscreen\" fetchpriority=\"high\" decoding=\"sync\" loading=\"eager\" height=\"102\" itemprop=\"image\"  src=\"https:\/\/www.europesays.com\/no\/wp-content\/uploads\/2025\/08\/5f310614f6c45c33059a4bbe3f65daa5.jpg\"  style=\"object-position:50% 50%;aspect-ratio:1.75;height:auto;object-fit:cover;width:100%\" width=\"102\"\/>   Oppdatert mandag 25. august kl. 17:26     <\/p>\n<p class=\"_paragraph_1bvmi_4 _paragraph_xtcu6_10 layout-component text-serif-m layout-normal text-serif-m layout-padded\">Den norske tikamp-stjernen, som var et av Norges store gullh\u00e5p i n\u00e6rt forest\u00e5ende verdensmesterskapetn\u00e6rt forest\u00e5ende verdensmesterskapetVM i Tokyo arrangeres 13.-21. september. Tikampen g\u00e5r de to siste dagene., har nemlig skadet seg under en stavtrening.<\/p>\n<p class=\"_paragraph_1bvmi_4 _paragraph_xtcu6_10 layout-component text-serif-m layout-normal text-serif-m layout-padded\">P\u00e5 en pressekonferanse mandag stilte Rooth opp for pressen der han formidlet beskjeden. Han var bandasjert rundt det ene kneet og m\u00e5tte bruke en krykke til \u00e5 st\u00f8tte seg p\u00e5.<\/p>\n<p class=\"_paragraph_1bvmi_4 _paragraph_xtcu6_10 layout-component text-serif-m layout-normal text-serif-m layout-padded\">Rooth var tydelig preget da han ble bedt om \u00e5 beskrive sinnsstemningen sin:<\/p>\n<p class=\"_paragraph_1bvmi_4 _paragraph_xtcu6_10 layout-component text-serif-m layout-normal text-serif-m layout-padded\">\u2013 Jeg liker \u00e5 tro at jeg ikke ofte er s\u00e5 lei meg som jeg har v\u00e6rt de siste dagene. Det er ikke s\u00e5 kult, sier friidrettsstjernen mens \u00f8ynene blir blanke.<\/p>\n<p class=\"_paragraph_1bvmi_4 _paragraph_xtcu6_10 layout-component text-serif-m layout-normal text-serif-m layout-padded\">Det var p\u00e5 en stav-\u00f8kt s\u00f8ndag at det gikk helt galt.<\/p>\n<p class=\"_paragraph_1bvmi_4 _paragraph_xtcu6_10 layout-component text-serif-m layout-normal text-serif-m layout-padded\">\u2013 Jeg f\u00e5r ikke sistehoppet til \u00e5 funke. Jeg blir kastet tilbake igjen og landet p\u00e5 bakken i stedet for p\u00e5 matten.<\/p>\n<p class=\"_paragraph_1bvmi_4 _paragraph_xtcu6_10 layout-component text-serif-m layout-normal text-serif-m layout-padded\">Han fikk en overstrekk i kneet og slo ogs\u00e5 albuen kraftig.<\/p>\n<p class=\"_paragraph_1bvmi_4 _paragraph_xtcu6_10 layout-component text-serif-m layout-normal text-serif-m layout-padded\">\u2013 Det var ikke bra, kneet b\u00f8yde seg den veien det vanligvis ikke b\u00f8yer seg, sier han.<\/p>\n<p class=\"_paragraph_1bvmi_4 _paragraph_xtcu6_10 layout-component text-serif-m layout-normal text-serif-m layout-padded\">Pappa Espen Rooth er trener for s\u00f8nnen Markus. Han var ogs\u00e5 til stede i B\u00e6rum idrettspark der tikamp-stjernen skadet seg.<\/p>\n<p class=\"_paragraph_1bvmi_4 _paragraph_xtcu6_10 layout-component text-serif-m layout-normal text-serif-m layout-padded\">\u2013 Det er klart jeg er glad jeg var der. Men jeg skulle \u00f8nske jeg ikke var der, for jeg har noen bilder inne i hodet mitt som ikke er hyggelige idet jeg ser det g\u00e5r falt. Trenerbiten er langt bak i en s\u00e5nn situasjon, det er instinktet om det g\u00e5r bra med Markus, for det ser ikke noe hyggelig ut. Det var \u00e5 f\u00e5 kontakt med ham og f\u00e5 kontroll over hva det var. Det er jo t\u00f8ft \u00e5 se n\u00e5r barna sine opplever noe s\u00e5nt noe, det er leit, det, sier han under pressekonferansen.<\/p>\n<p class=\"_paragraph_1bvmi_4 _paragraph_xtcu6_10 layout-component text-serif-m layout-normal text-serif-m layout-padded\"><strong class=\"_strong_1bvmi_25\">Senere dro han p\u00e5 tester, blant annet hos idrettsfysioterapeut H\u00e5vard Moksnes som ogs\u00e5 var til stede p\u00e5 mandagens pressekonferanse. Moksnes sp\u00e5dde at Rooth ville v\u00e6re klar for full trening igjen om seks m\u00e5neder.<\/strong><\/p>\n<p class=\"_paragraph_1bvmi_4 _paragraph_xtcu6_10 layout-component text-serif-m layout-normal text-serif-m layout-padded\">\u2013 Klar til v\u00e5ren 2026, det b\u00f8r v\u00e6re innen rekkevidde, sier Moksnes.<\/p>\n<p class=\"_paragraph_1bvmi_4 _paragraph_xtcu6_10 layout-component text-serif-m layout-normal text-serif-m layout-padded\">Rooth fortalte ogs\u00e5 hvordan det f\u00f8ltes da han skadet seg.<\/p>\n<p class=\"_paragraph_1bvmi_4 _paragraph_xtcu6_10 layout-component text-serif-m layout-normal text-serif-m layout-padded\">\u2013 Det er klart det var vondt \u2013 og jeg skj\u00f8nte med en gang at det var s\u00e5pass alvorlig at jeg bare kunne glemme VM. Jeg var heldig og fikk raskt hjelp av Jan L\u00f8ken, H\u00e5vard Moksnes, Mads Oksum og Marc Strauss ved Idrettens Helsesenter samt MR-unders\u00f8kelse hos Evidia \u2013 og vi fikk svar allerede i g\u00e5r kveld, sier OL-mesteren i mangekamp.<\/p>\n<p class=\"_paragraph_1bvmi_4 _paragraph_xtcu6_10 layout-component text-serif-m layout-normal text-serif-m layout-padded\">VG utvider saken.<\/p>\n<p class=\"_paragraph_1bvmi_4 _paragraph_xtcu6_10 layout-component text-serif-m layout-normal text-serif-m layout-padded\">Rooth tok Norge med storm da han vant OL-gull i Paris i august sist \u00e5r. Men f\u00f8r OL m\u00e5tte han trekke underveis i tikamp-konkurransen i Roma-EM, da han fikk en l\u00e5rskade.<\/p>\n<p class=\"_paragraph_1bvmi_4 _paragraph_xtcu6_10 layout-component text-serif-m layout-normal text-serif-m layout-padded\">Sander Skotheim er for \u00f8vrig Norges andre store gullh\u00e5p i tikamp.<\/p>\n<p class=\"_paragraph_1bvmi_4 _paragraph_xtcu6_10 layout-component text-serif-m layout-normal text-serif-m layout-padded\">Med 8909 poeng og seier under Hypomeeting i \u00d8sterrike i juni &#8211; den st\u00f8rste tikampen utenfor mesterskap &#8211; overgikk han Rooths norgesrekord fra Paris p\u00e5 8796.<\/p>\n","protected":false},"excerpt":{"rendered":"Markus Rooth (23) har skader i b\u00e5de kne og albue etter \u00e5 ha landet p\u00e5 bakken under en&hellip;\n","protected":false},"author":2,"featured_media":17715,"comment_status":"","ping_status":"","sticky":false,"template":"","format":"standard","meta":{"footnotes":""},"categories":[59],"tags":[423,1245,3195,30,28,29,83,82],"class_list":{"0":"post-17714","1":"post","2":"type-post","3":"status-publish","4":"format-standard","5":"has-post-thumbnail","7":"category-sport","8":"tag-friidrett","9":"tag-friidretts-vm","10":"tag-markus-rooth","11":"tag-no","12":"tag-norge","13":"tag-norway","14":"tag-sport","15":"tag-sports"},"share_on_mastodon":{"url":"","error":""},"_links":{"self":[{"href":"https:\/\/www.europesays.com\/no\/wp-json\/wp\/v2\/posts\/17714","targetHints":{"allow":["GET"]}}],"collection":[{"href":"https:\/\/www.europesays.com\/no\/wp-json\/wp\/v2\/posts"}],"about":[{"href":"https:\/\/www.europesays.com\/no\/wp-json\/wp\/v2\/types\/post"}],"author":[{"embeddable":true,"href":"https:\/\/www.europesays.com\/no\/wp-json\/wp\/v2\/users\/2"}],"replies":[{"embeddable":true,"href":"https:\/\/www.europesays.com\/no\/wp-json\/wp\/v2\/comments?post=17714"}],"version-history":[{"count":0,"href":"https:\/\/www.europesays.com\/no\/wp-json\/wp\/v2\/posts\/17714\/revisions"}],"wp:featuredmedia":[{"embeddable":true,"href":"https:\/\/www.europesays.com\/no\/wp-json\/wp\/v2\/media\/17715"}],"wp:attachment":[{"href":"https:\/\/www.europesays.com\/no\/wp-json\/wp\/v2\/media?parent=17714"}],"wp:term":[{"taxonomy":"category","embeddable":true,"href":"https:\/\/www.europesays.com\/no\/wp-json\/wp\/v2\/categories?post=17714"},{"taxonomy":"post_tag","embeddable":true,"href":"https:\/\/www.europesays.com\/no\/wp-json\/wp\/v2\/tags?post=17714"}],"curies":[{"name":"wp","href":"https:\/\/api.w.org\/{rel}","templated":true}]}}