{"id":17723,"date":"2025-08-25T15:35:11","date_gmt":"2025-08-25T15:35:11","guid":{"rendered":"https:\/\/www.europesays.com\/no\/17723\/"},"modified":"2025-08-25T15:35:11","modified_gmt":"2025-08-25T15:35:11","slug":"fetsund-soul-na-losner-det-for-stina-det-er-bare-a-henge-med-i-svingene","status":"publish","type":"post","link":"https:\/\/www.europesays.com\/no\/17723\/","title":{"rendered":"Fetsund, Soul | N\u00e5 l\u00f8sner det for Stina: \u2013 Det er bare \u00e5 henge med i svingene"},"content":{"rendered":"\n<p>Stina Stenerud er travlere p\u00e5 konsertfronten enn p\u00e5 lenge.<\/p>\n<p>47-\u00e5ringen er involvert i en rekke bandkonstellasjoner i tillegg til bandet hennes Soul Replacement, der hun synger og spiller egne l\u00e5ter komponert sammen med gitarist Stian Haslie og resten av bandet.<\/p>\n<p>Etter 17 \u00e5r med bandet, er Stenerud klinkende klar p\u00e5 at det er \u00e9n faktor som er viktigere enn andre.<\/p>\n<p><b>\u2013 Det er selvf\u00f8lgelig essensielt at alt fungerer musikalsk og at sceneopptredene blir s\u00e5 bra som mulig, men det aller viktigste er at vi fungerer sammen sosialt. Med tiden har dette f\u00e5tt et par hakk viktigere prioritet enn tidligere. N\u00e5r man velger \u00e5 bruke s\u00e5 mye tid sammen og samtidig gir avkall p\u00e5 tid til familie og annen A4-tilv\u00e6relse, er det fint at den tida gir deg noe. <\/b><\/p>\n<p>\u2013 Kan stille et helt fotballag til sammen<\/p>\n<p>\u2013 Vi er et skikkelig godt lag sammen n\u00e5 og apropos d\u00e9t: Vi kan jo med v\u00e5re respektive familier nesten stille et helt fotballag sammen av barn ogs\u00e5. Dermed er vi i samme b\u00e5t, noe som ogs\u00e5 gj\u00f8r oss mer sammensveiset, p\u00e5peker den rutinerte sangeren, som ogs\u00e5 har med seg tangentist Kristian Wentzel, bassist Bo Berg og trommeslager Ole Martin Thorset i Soul Replacement.<\/p>\n<p>2025 har vist seg \u00e5 v\u00e6re \u00e5ret der det virkelig l\u00f8sner for Stina Stenerud &amp; Her Soul Replacement.<\/p>\n<p>En rekke spillejobber i Mellom-Europa er tilbakelagt, og flere skal det bli.<\/p>\n<p>I oktober drar Stina og orkesteret p\u00e5 en ti dagers turn\u00e9 i Tyskland og Sveits med like mange spillejobber p\u00e5 plakaten.<\/p>\n<p>\u2013 Jeg ble invitert med p\u00e5 en stor blueskonsert som samlet en rekke av Norges mest kjente artister i sjangeren p\u00e5 Parkteatret i desember i fjor. Der ble jeg godt kjent med Krissy Matthews, en engelskmann som spiller mye i Norge. Han har turnet i Europa i \u00e5revis og har en rekke kontakter s\u00e6rlig i Nederland, Tyskland og Sveits. Han spurte om vi hadde noen som booket jobber fast for oss i Mellom-Europa, noe vi ikke hadde. Dermed begynte sn\u00f8ballen \u00e5 rulle, forteller fetsokningen.<\/p>\n<p>Under blues- og jazzfestivalen i Bamberg i Tyskland 9. august, spilte bandet for adskillige tusener.<\/p>\n<p><b>\u2013 Festivalen drar \u00e5rlig 150.000 tilskuere og er Tysklands st\u00f8rste med gratis inngang. Det var ganske kult \u00e5 pumpe ut soulmusikk fra Norge for et publikum p\u00e5 5-6.000. Under turneen i oktober blir det klubbscener i forskjellige st\u00f8rrelser det kommer til \u00e5 g\u00e5 i. Det er ogs\u00e5 artig. Artisthonorarene er ogs\u00e5 i all hovedsak gode. <\/b><\/p>\n<p>\u2013 Det er jo snakk om et enormt marked i forhold til her hjemme, s\u00e5 publikumsomfanget er enormt, ogs\u00e5 for soul-, jazz- og bluesmusikk. Dessuten er det gode offentlige st\u00f8tteordninger for kulturarrang\u00f8rer i Tyskland, konstaterer Stenerud.<\/p>\n<p>Vil runde 1.000 kilometer<\/p>\n<p>Stenerud ansl\u00e5r dessuten at bandbussen vil runde 1.000 kilometer under turneen.<\/p>\n<p>Stina Stenerud &amp; Her Soul Replacements siste langspiller, Coming Home, kom ut i 2012, mens den siste singlen kom i 2016.<\/p>\n<p>Neste \u00e5r kommer det omsider ny musikk.<\/p>\n<p>\u2013 Vi startet \u00e5 spille inn for en stund siden, og vi har flere l\u00e5ter p\u00e5 gang. Med det sm\u00e5tt hektiske musikklivet jeg lever, blir det sjelden ro til \u00e5 sette seg ned og skrive nye l\u00e5ter, men gitaristen min, Stian Haslie, tryller heldigvis frem flotte soull\u00e5ter. Og nettopp den \u00f8kte konsertaktiviteten for Soul Replacement, har ogs\u00e5 inspirert oss. Derfor er m\u00e5let \u00e5 gi ut en hel LP etter hvert, forteller artisten.<\/p>\n<p>Stenerud har datteren Ella, som nettopp har begynt p\u00e5 skolen, fra et tidligere forhold.<\/p>\n<p>      \u2013 Lokomotivet g\u00e5r<\/p>\n<p>Jobben som markedssjef for Vianor krever ogs\u00e5 sitt.<\/p>\n<p><b>\u2013 Det er selvf\u00f8lgelig en kabal jeg skal ha til \u00e5 g\u00e5 opp, for jeg synger jo med en rekke andre orkestre og storband ogs\u00e5. Det hender jo at jeg snakker med venninner som sp\u00f8r om jeg har sett diverse serier p\u00e5 Netflix, men den siste serien jeg rakk \u00e5 se helt ferdig var rundt 2019, tror jeg! Dette har uansett v\u00e6rt livsstilen min i flere \u00e5r og jeg har blitt rutinert p\u00e5 \u00e5 justere tiden jeg har deretter. <\/b><\/p>\n<p>\u2013 Jeg elsker \u00e5 synge. Derfor er det verdt det. Det er utrolig stas at det er i ferd med \u00e5 l\u00f8sne for Soul Replacement. Lokomotivet g\u00e5r n\u00e5, og det er bare \u00e5 henge med i svingene og kose seg maksimalt, avslutter Stina Stenerud.<\/p>\n","protected":false},"excerpt":{"rendered":"Stina Stenerud er travlere p\u00e5 konsertfronten enn p\u00e5 lenge. 47-\u00e5ringen er involvert i en rekke bandkonstellasjoner i tillegg&hellip;\n","protected":false},"author":2,"featured_media":17724,"comment_status":"","ping_status":"","sticky":false,"template":"","format":"standard","meta":{"footnotes":""},"categories":[58],"tags":[36,3197,71,1011,1377,221,30,28,29,3196,1510,72],"class_list":{"0":"post-17723","1":"post","2":"type-post","3":"status-publish","4":"format-standard","5":"has-post-thumbnail","7":"category-underholdning","8":"tag-art","9":"tag-blues","10":"tag-entertainment","11":"tag-fetsund","12":"tag-jazz","13":"tag-musikk","14":"tag-no","15":"tag-norge","16":"tag-norway","17":"tag-soul","18":"tag-story","19":"tag-underholdning"},"share_on_mastodon":{"url":"","error":""},"_links":{"self":[{"href":"https:\/\/www.europesays.com\/no\/wp-json\/wp\/v2\/posts\/17723","targetHints":{"allow":["GET"]}}],"collection":[{"href":"https:\/\/www.europesays.com\/no\/wp-json\/wp\/v2\/posts"}],"about":[{"href":"https:\/\/www.europesays.com\/no\/wp-json\/wp\/v2\/types\/post"}],"author":[{"embeddable":true,"href":"https:\/\/www.europesays.com\/no\/wp-json\/wp\/v2\/users\/2"}],"replies":[{"embeddable":true,"href":"https:\/\/www.europesays.com\/no\/wp-json\/wp\/v2\/comments?post=17723"}],"version-history":[{"count":0,"href":"https:\/\/www.europesays.com\/no\/wp-json\/wp\/v2\/posts\/17723\/revisions"}],"wp:featuredmedia":[{"embeddable":true,"href":"https:\/\/www.europesays.com\/no\/wp-json\/wp\/v2\/media\/17724"}],"wp:attachment":[{"href":"https:\/\/www.europesays.com\/no\/wp-json\/wp\/v2\/media?parent=17723"}],"wp:term":[{"taxonomy":"category","embeddable":true,"href":"https:\/\/www.europesays.com\/no\/wp-json\/wp\/v2\/categories?post=17723"},{"taxonomy":"post_tag","embeddable":true,"href":"https:\/\/www.europesays.com\/no\/wp-json\/wp\/v2\/tags?post=17723"}],"curies":[{"name":"wp","href":"https:\/\/api.w.org\/{rel}","templated":true}]}}