{"id":177346,"date":"2026-03-03T13:34:08","date_gmt":"2026-03-03T13:34:08","guid":{"rendered":"https:\/\/www.europesays.com\/no\/177346\/"},"modified":"2026-03-03T13:34:08","modified_gmt":"2026-03-03T13:34:08","slug":"utsetter-rapport-etter-vm-krisen-med-flere-maneder","status":"publish","type":"post","link":"https:\/\/www.europesays.com\/no\/177346\/","title":{"rendered":"Utsetter rapport etter VM-krisen med flere m\u00e5neder"},"content":{"rendered":"\n<p class=\"_lead_o9xde_2 _lead_6fko5_53 layout-component text-serif-m layout-normal text-serif-l layout-component layout-wide layout-padded _wide_17hqh_1 layout-padded\">Granskingen av ski-VM i Trondheim i fjor blir ikke ferdig som forventet i mars. En ny frist er satt til juni.<\/p>\n<p><img alt=\"Leder i kontrollutvalget i Trondheim kommune, Gjermund Gorset (Ap), sier at VM-rapporten blir forsinket.&#10;Foto: Jan Langhaug \/ NTB\" class=\"_image_qp4xg_65 layout-component layout-wide\" data-fullscreen- data-track-element-type=\"Article image fullscreen\" data-track-name=\"ImageFullscreen\" fetchpriority=\"high\" decoding=\"sync\" loading=\"eager\" height=\"2000\" itemprop=\"image\"  src=\"https:\/\/www.europesays.com\/no\/wp-content\/uploads\/2026\/03\/91cbb609-8b65-4522-a159-8f7aa18caebf.jpeg\"  style=\"object-position:0% 0%\" width=\"3000\"\/>Leder i kontrollutvalget i Trondheim kommune, Gjermund Gorset (Ap), sier at VM-rapporten blir forsinket.<br \/>\nFoto: Jan Langhaug \/ NTB<\/p>\n<ul aria-hidden=\"true\" class=\"_images_ntbth_112\">\n<li><a class=\"_link_ntbth_117\" href=\"https:\/\/www.vg.no\/forfatter\/ntb\" style=\"z-index:1\" title=\"NTB\" rel=\"nofollow noopener\" target=\"_blank\"><img alt=\"Bilde av NTB\" class=\"_image_ntbth_93\" fetchpriority=\"low\" loading=\"lazy\" decoding=\"async\" itemprop=\"image\"  src=\"https:\/\/www.europesays.com\/no\/wp-content\/uploads\/2026\/03\/1772544848_464_c33980b0-5d07-4027-84a1-813f90a7c8d6.png\"  width=\"480\"\/><\/a><\/li>\n<\/ul>\n<p> Oppdatert tirsdag 3. mars kl. 12:41    <\/p>\n<ul class=\"_list_o9xde_3 _list_64s2r_85 _unordered_o9xde_106 text-sans-m\">\n<li class=\"_item_o9xde_30\">Rapporten om \u00f8konomisk kollaps i ski-VM i Gran\u00e5sen blir forsinket og ferdigstilles trolig i juni.<\/li>\n<li class=\"_item_o9xde_30\">Gjermund Gorset (Ap) i kontrollutvalget i Trondheim kommune forklarer at forsinkelsen skyldes prosjektets kompleksitet og manglende regnskapsopplysninger.<\/li>\n<li class=\"_item_o9xde_30\">VM-selskapet gikk 37 millioner kroner i minus, til tross for forventninger om overskudd.<\/li>\n<\/ul>\n<p>Vis mer <\/p>\n<p class=\"_paragraph_o9xde_4 _paragraph_6fko5_10 layout-component text-serif-m layout-normal text-serif-m layout-padded\"> Det sier Gjermund Gorset (Ap) til <a href=\"https:\/\/www.adressa.no\/sport\/langrenn\/i\/L4lBLq\/kraftig-forsinket-vm-rapporten-utsatt-i-maaneder\" class=\"_link_o9xde_39\" rel=\"nofollow noopener\" target=\"_blank\">Adresseavisen<\/a>. Gorset er leder i kontrollutvalget i Trondheim kommune, som i fjor sommer besluttet \u00e5 granske den \u00f8konomiske kollapsen rundt ski-VM i Gran\u00e5sen.<\/p>\n<p class=\"_paragraph_o9xde_4 _paragraph_6fko5_10 layout-component text-serif-m layout-normal text-serif-m layout-padded\">Enn\u00e5 gjenst\u00e5r det flere ting f\u00f8r rapporten er p\u00e5 plass. Opprinnelig var det planlagt \u00e5 ha den klar til mars.<\/p>\n<p class=\"_paragraph_o9xde_4 _paragraph_6fko5_10 layout-component text-serif-m layout-normal text-serif-m layout-padded\">\u2013 Det stemmer at rapporten er forsinket. Trolig blir det ferdigstilt i juni, sier Gorset til Adressa.<\/p>\n<p class=\"_paragraph_o9xde_4 _paragraph_6fko5_10 layout-component text-serif-m layout-normal text-serif-m layout-padded\">VM-selskapet gikk 37 millioner kroner i minus, har flere medier meldt. Det skjedde etter at det var lagt opp til et solid overskudd. Norges Skiforbund gikk alene mellom 6,5 og 7 millioner kroner i underskudd p\u00e5 mesterskapet.<\/p>\n<p class=\"_paragraph_o9xde_4 _paragraph_6fko5_10 layout-component text-serif-m layout-normal text-serif-m layout-padded\">Trondheim kommune eier 10 prosent av VM-selskapet og har bidratt med betydelige ressurser inn i arrangementet. Norges Skiforbund (60 prosent) og S\u00f8r-Tr\u00f8ndelag skikrets (30 prosent) utgj\u00f8r resten av eiergruppen.<\/p>\n<p class=\"_paragraph_o9xde_4 _paragraph_6fko5_10 layout-component text-serif-m layout-normal text-serif-m layout-padded\">Pengekrisen som oppsto fikk eierne til \u00e5 ta grep og bestille en gransking.<\/p>\n<p class=\"_paragraph_o9xde_4 _paragraph_6fko5_10 layout-component text-serif-m layout-normal text-serif-m layout-padded\">Gorset sier at flere faktorer spiller inn i forsinkelsen.<\/p>\n<p class=\"_paragraph_o9xde_4 _paragraph_6fko5_10 layout-component text-serif-m layout-normal text-serif-m layout-padded\">\u2013 \u00c5rsaken er todelt. Prosjektet er blitt omfattende og komplekst, og derfor er det vanskelig \u00e5 tidfeste n\u00f8yaktig n\u00e5r arbeidet er ferdig. I tillegg mangler vi regnskapet til VM-selskapet fra fjor\u00e5ret. Vi har brukt lang tid p\u00e5 \u00e5 innhente regnskapsopplysninger fra selskapet, som i fjor h\u00f8st satte ned et avviklingsstyre.<\/p>\n","protected":false},"excerpt":{"rendered":"Granskingen av ski-VM i Trondheim i fjor blir ikke ferdig som forventet i mars. En ny frist er&hellip;\n","protected":false},"author":2,"featured_media":177347,"comment_status":"","ping_status":"","sticky":false,"template":"","format":"standard","meta":{"footnotes":"","_share_on_mastodon":"0"},"categories":[59],"tags":[30,28,29,356,83,82,399],"class_list":["post-177346","post","type-post","status-publish","format-standard","has-post-thumbnail","category-sport","tag-no","tag-norge","tag-norway","tag-ski-vm","tag-sport","tag-sports","tag-vintersport"],"share_on_mastodon":{"url":"https:\/\/pubeurope.com\/@no\/116165506716622412","error":""},"_links":{"self":[{"href":"https:\/\/www.europesays.com\/no\/wp-json\/wp\/v2\/posts\/177346","targetHints":{"allow":["GET"]}}],"collection":[{"href":"https:\/\/www.europesays.com\/no\/wp-json\/wp\/v2\/posts"}],"about":[{"href":"https:\/\/www.europesays.com\/no\/wp-json\/wp\/v2\/types\/post"}],"author":[{"embeddable":true,"href":"https:\/\/www.europesays.com\/no\/wp-json\/wp\/v2\/users\/2"}],"replies":[{"embeddable":true,"href":"https:\/\/www.europesays.com\/no\/wp-json\/wp\/v2\/comments?post=177346"}],"version-history":[{"count":0,"href":"https:\/\/www.europesays.com\/no\/wp-json\/wp\/v2\/posts\/177346\/revisions"}],"wp:featuredmedia":[{"embeddable":true,"href":"https:\/\/www.europesays.com\/no\/wp-json\/wp\/v2\/media\/177347"}],"wp:attachment":[{"href":"https:\/\/www.europesays.com\/no\/wp-json\/wp\/v2\/media?parent=177346"}],"wp:term":[{"taxonomy":"category","embeddable":true,"href":"https:\/\/www.europesays.com\/no\/wp-json\/wp\/v2\/categories?post=177346"},{"taxonomy":"post_tag","embeddable":true,"href":"https:\/\/www.europesays.com\/no\/wp-json\/wp\/v2\/tags?post=177346"}],"curies":[{"name":"wp","href":"https:\/\/api.w.org\/{rel}","templated":true}]}}