{"id":177938,"date":"2026-03-04T07:18:25","date_gmt":"2026-03-04T07:18:25","guid":{"rendered":"https:\/\/www.europesays.com\/no\/177938\/"},"modified":"2026-03-04T07:18:25","modified_gmt":"2026-03-04T07:18:25","slug":"naturlig-skjonnhetstrend-omfavne-egen-hudtone","status":"publish","type":"post","link":"https:\/\/www.europesays.com\/no\/177938\/","title":{"rendered":"Naturlig skj\u00f8nnhetstrend: Omfavne egen hudtone"},"content":{"rendered":"<p class=\"kicker \" style=\"\">Ny hudtrend:<\/p>\n<p>    Beautyprofil Victoria Emilie L\u00f8ken f\u00f8lte hun m\u00e5tte bruke selvbruning hele tiden.\u00a0<\/p>\n<p>\n    KONTRAST: Victoria har n\u00e5 g\u00e5tt tilbake til en lysere, mer naturlig base. Foto: Foto: Anna Novalova\n  <\/p>\n<p>Scroller du p\u00e5 sosiale medier, har du sannsynligvis allerede lagt merke til det; \u00abGet ready with me\u00bb. Kontour. Glow.<\/p>\n<p class=\"font-weight-bold m-font-weight-bold\" data-lab-font_weight=\"font-weight-bold\">Men n\u00e5 er det som om noe er skjedd.<\/p>\n<p class=\"font-weight-bold m-font-weight-bold\" data-lab-font_weight=\"font-weight-bold\">\u00a0For stadig flere ser ut til \u00e5 g\u00e5 bort fra det.<\/p>\n<p>De kaller det \u00e5 \u00abomfavne egen blekhet\u00bb.<\/p>\n<p>La oss skru tiden tilbake til 2000-tallet.\u00a0<\/p>\n<p>    <a itemprop=\"url\" href=\"https:\/\/www.kk.no\/mote\/slik-velger-du-riktig-foundation-1\/81013268\" rel=\"nofollow noopener\" target=\"_blank\"><\/p>\n<p>        <img loading=\"lazy\" decoding=\"async\" src=\"https:\/\/www.europesays.com\/no\/wp-content\/uploads\/2026\/03\/81013336.webp.webp\" width=\"147\" height=\"98\" title=\"Slik velger du riktig foundation\" alt=\"\" class=\"lazyload\" style=\"--aspect-ratio-image: 1.50; \"\/><\/p>\n<p>        Slik velger du riktig foundation<\/p>\n<p>    <\/a><\/p>\n<p>Tidlig 2000-tall var en tid preget av solarium, oransje foundation og kraftig selvbruning. Se bare p\u00e5 bilder av stjernene da og n\u00e5; Victoria Beckham, for eksempel I 2002 hadde hun gyllenbrun hud og lys concealer under \u00f8ynene. I dag omfavner hun egen hudtone. Hun har lagt selvbruningen p\u00e5 hyllen, \u00e5penbart.\u00a0<\/p>\n<p>Det samme gjelder Lindsay Lohan som gikk fra kraftig solbrun glam-estetikk til en langt mer dempet, kj\u00f8ligere look i dag.<\/p>\n<p>        <img loading=\"lazy\" decoding=\"async\" src=\"https:\/\/www.europesays.com\/no\/wp-content\/uploads\/2026\/03\/84276320.webp.webp\" width=\"490\" height=\"750\" title=\"DEN GANG DA: Victoria Beckham i 2002. Foto: NTB\" alt=\"\" class=\"\" style=\"--aspect-ratio-image: 0.65; \"\/><\/p>\n<p>\n        DEN GANG DA: Victoria Beckham i 2002. Foto: NTB\n    <\/p>\n<p>Ogs\u00e5 Kylie Jenner har de siste par \u00e5rene tonet ned den tunge 2016-kontureringen og den til dels dyyype spraytan-fargen.\u00a0<\/p>\n<p>Ariana Grande, som tidligere ofte ble kritisert for \u00e5 fremst\u00e5 betydelig m\u00f8rkere enn sin naturlige hudtone, viser i nyere bilder en lysere og mer balansert base.<\/p>\n<p>Den solbrune huden var et slags ideal.\u00a0<\/p>\n<p>        <img loading=\"lazy\" decoding=\"async\" src=\"https:\/\/www.europesays.com\/no\/wp-content\/uploads\/2026\/03\/84276330.webp.webp\" width=\"490\" height=\"750\" title=\"...OG N\u00c5: Motedesigneren og skj\u00f8nnhetsmagnaten avbildet tidligere i \u00e5r. Foto: NTB\" alt=\"\" class=\"\" style=\"--aspect-ratio-image: 0.65; \"\/><\/p>\n<p>\n        &#8230;OG N\u00c5: Motedesigneren og skj\u00f8nnhetsmagnaten avbildet tidligere i \u00e5r. Foto: NTB\n    <\/p>\n<p>I et land som Norge ble solpudderet n\u00e6rmest en fast del av sminkerutinen \u2013 p\u00e5 linje med for eksempel maskara.<\/p>\n<p>        <img loading=\"lazy\" decoding=\"async\" src=\"https:\/\/www.europesays.com\/no\/wp-content\/uploads\/2026\/03\/84276280.webp.webp\" width=\"245\" height=\"334\" title=\"LINDSAY LOHAN: Under \u00e5pningen av \u00abDecadence\u00bb-utstillingen i London i 2016. Foto: NTB\" alt=\"\" class=\"\" style=\"--aspect-ratio-image: 0.73; \"\/><\/p>\n<p>\n        LINDSAY LOHAN: Under \u00e5pningen av \u00abDecadence\u00bb-utstillingen i London i 2016. Foto: NTB\n    <\/p>\n<p>        <img loading=\"lazy\" decoding=\"async\" src=\"https:\/\/www.europesays.com\/no\/wp-content\/uploads\/2026\/03\/84276262.webp.webp\" width=\"245\" height=\"334\" title=\"LINDSAY LOHAN: Under Michael Kors\u2019 v\u00e5r\/sommer-visning i New York i 2025. Foto: NTB\" alt=\"\" class=\"\" style=\"--aspect-ratio-image: 0.73; \"\/><\/p>\n<p>\n        LINDSAY LOHAN: Under Michael Kors\u2019 v\u00e5r\/sommer-visning i New York i 2025. Foto: NTB\n    <\/p>\n<p>Men n\u00e5 er trenden hudsminke og sminke med hudpleielignende egenskaper. Det skal v\u00e6re naturlig og lett fremfor dekke.\u00a0<\/p>\n<p>        <img loading=\"lazy\" decoding=\"async\" src=\"https:\/\/www.europesays.com\/no\/wp-content\/uploads\/2026\/03\/84275709.webp.webp\" width=\"245\" height=\"346\" title=\"KYLIE JENNER: P\u00e5 Oscar-utdelingen i Beverly Hills i 2020, med den varme glam-looken som preget perioden. Foto: NTB\" alt=\"\" class=\"\" style=\"--aspect-ratio-image: 0.71; \"\/><\/p>\n<p>\n        KYLIE JENNER: P\u00e5 Oscar-utdelingen i Beverly Hills i 2020, med den varme glam-looken som preget perioden. Foto: NTB\n    <\/p>\n<p>        <img loading=\"lazy\" decoding=\"async\" src=\"https:\/\/www.europesays.com\/no\/wp-content\/uploads\/2026\/03\/84275707.webp.webp\" width=\"245\" height=\"346\" title=\"KYLIE JENNER: Under Jean Paul Gaultiers haute couture-visning for v\u00e5r\/sommer 2024 i Paris, med en mer balansert sminke. Foto: NTB\" alt=\"\" class=\"\" style=\"--aspect-ratio-image: 0.71; \"\/><\/p>\n<p>\n        KYLIE JENNER: Under Jean Paul Gaultiers haute couture-visning for v\u00e5r\/sommer 2024 i Paris, med en mer balansert sminke. Foto: NTB\n    <\/p>\n<p class=\"font-weight-bold m-font-weight-bold\" data-lab-font_weight=\"font-weight-bold\">\u2013 Noe er helt klart skjedd. Det handler til dels om et endret skj\u00f8nnhetsideal fra da til n\u00e5, sier Ida Elise Eide Einarsd\u00f3ttir, mote- og skj\u00f8nnhetsansvarlig i KK.\u00a0<\/p>\n<p>        <img loading=\"lazy\" decoding=\"async\" src=\"https:\/\/www.europesays.com\/no\/wp-content\/uploads\/2026\/03\/84087386.webp.webp\" width=\"980\" height=\"1470\" title=\"Ida Elise Eide Einarsd\u00f3ttir er moteredakt\u00f8r i KK. Foto: Polina Vinogradova.\" alt=\"\" class=\"\" style=\"--aspect-ratio-image: 0.67; \"\/><\/p>\n<p>\n        Ida Elise Eide Einarsd\u00f3ttir er moteredakt\u00f8r i KK. Foto: Polina Vinogradova.\n    <\/p>\n<p>        <img loading=\"lazy\" decoding=\"async\" src=\"https:\/\/www.europesays.com\/no\/wp-content\/uploads\/2026\/03\/84276288.webp.webp\" width=\"245\" height=\"358\" title=\"ARIANA GRANDE: Under American Music Awards i Los Angeles i 2016. Foto: NTB\" alt=\"\" class=\"\" style=\"--aspect-ratio-image: 0.68; \"\/><\/p>\n<p>\n        ARIANA GRANDE: Under American Music Awards i Los Angeles i 2016. Foto: NTB\n    <\/p>\n<p>        <img loading=\"lazy\" decoding=\"async\" src=\"https:\/\/www.europesays.com\/no\/wp-content\/uploads\/2026\/03\/84276304.webp.webp\" width=\"245\" height=\"358\" title=\"ARIANA GRANDE: Under Golden Globes i Beverly Hills i 2026, med en mer naturlig look. Foto: NTB\" alt=\"\" class=\"\" style=\"--aspect-ratio-image: 0.68; \"\/><\/p>\n<p>\n        ARIANA GRANDE: Under Golden Globes i Beverly Hills i 2026, med en mer naturlig look. Foto: NTB\n    <\/p>\n<p class=\"font-weight-normal m-font-weight-normal\" data-lab-font_weight=\"font-weight-normal\">\u2013 Som moten g\u00e5r ogs\u00e5 trendene innen\u00a0 skj\u00f8nnhet i b\u00f8lger. N\u00e5 ser vi en mer naturlig trend der egen hud og hudtone er utgangspunktet og sminken skal ligge tett opptil denne. N\u00e5r det er sagt ser vi absolutt mer farger p\u00e5 b\u00e5de \u00f8yenskygge og leppestift \u2013 et skritt vekk fra stille luksus som har dominert lenge n\u00e5, men huden den skal fortsatt ligge tett opptil egen hudtone; egen hud, men bedre,\u00a0<\/p>\n<p>\u2013 Et giftig forhold\t<\/p>\n<p>\u2013 Jeg skj\u00f8nte at jeg hadde et slags giftig forhold til selvbruning. Hvorfor f\u00f8lte jeg at jeg m\u00e5tte bruke det hele tiden, sier beautyprofil Victoria Emilie L\u00f8ken.<\/p>\n<p>Hun begynte etter hvert\u00a0 \u00e5 teste \u00abkaldere\u00bb looks. Ble leppestift\u00a0 Mindre kontraster og varme, mer naturlig hud,\u00a0<\/p>\n<p class=\"font-weight-bold m-font-weight-bold\" data-lab-font_weight=\"font-weight-bold\">\u2013 Jeg startet med selvbruning da jeg var 16 \u00e5r, og n\u00e5 er jeg 26. N\u00e5r man har brukt det s\u00e5 lenge, blir man vant til det. Det er vanskelig \u00e5 slutte, sier hun til KK.\u00a0<\/p>\n<p>    <a itemprop=\"url\" href=\"https:\/\/www.kk.no\/mote\/dette-skjonnhetsproduktet-vil-ikke-erika-55-vaere-for-uten-1\/83693506\" rel=\"nofollow noopener\" target=\"_blank\"><\/p>\n<p>        <img loading=\"lazy\" decoding=\"async\" src=\"https:\/\/www.europesays.com\/no\/wp-content\/uploads\/2026\/03\/83693754.webp.webp\" width=\"980\" height=\"441\" title=\"Dette skj\u00f8nnhetsproduktet vil ikke Erika (55) v\u00e6re for uten\" alt=\"\" class=\"lazyload\" style=\"--aspect-ratio-image: 2.22; \"\/><\/p>\n<p>        Dette skj\u00f8nnhetsproduktet vil ikke Erika (55) v\u00e6re for uten<\/p>\n<p>    <\/a><\/p>\n<p>\u2013 N\u00e5 tenker jeg mer: Less is more. Det kan fort bli for mye av det gode, spesielt n\u00e5r man er lys i huden. For mye av enten solpudder eller til og med foundation kan veldig raskt blir for hardt, fortsetter hun.<\/p>\n<p>Hun mener mange misforst\u00e5r solpudder eller i det minste bruker produktet feil.\u00a0<\/p>\n<p>        <img loading=\"lazy\" decoding=\"async\" src=\"https:\/\/www.europesays.com\/no\/wp-content\/uploads\/2026\/03\/84298729.webp.webp\" width=\"667\" height=\"781\" title=\"MENING: Victoria tror vi er p\u00e5 rett vei, men ikke helt fremme enda. Foto: Anna Novalova\" alt=\"\" class=\"\" style=\"--aspect-ratio-image: 0.85; \"\/><\/p>\n<p>\n        MENING: Victoria tror vi er p\u00e5 rett vei, men ikke helt fremme enda. Foto: Anna Novalova\n    <\/p>\n<p>\u2013 Jeg f\u00f8ler folk bruker solpudder som kontur. N\u00e5r man er veldig lys, blir det fort oransje. Basen er ikke blek lenger \u2013 den blir ferskenfarget eller for oransje.<\/p>\n<p>    <a itemprop=\"url\" href=\"https:\/\/www.kk.no\/mote\/si-farvel-til-maskaraen\/84001323\" rel=\"nofollow noopener\" target=\"_blank\"><\/p>\n<p>        <img loading=\"lazy\" decoding=\"async\" src=\"https:\/\/www.europesays.com\/no\/wp-content\/uploads\/2026\/03\/84002029.webp.webp\" width=\"980\" height=\"441\" title=\"Si farvel til maskaraen\" alt=\"\" class=\"lazyload\" style=\"--aspect-ratio-image: 2.22; \"\/><\/p>\n<p>        Si farvel til maskaraen<\/p>\n<p>    <\/a><\/p>\n<p>Hun anbefaler \u00e5 bruke concealer der det trengs, fremfor full foundation og dekke, mer fokus p\u00e5 blush fremfor solpudder, highlighter tilpasset hudens undertone og lys brun eller burgunder maskara.<\/p>\n<p>\u2013 Spesielt i Skandinavia der mange er n\u00f8ytrale eller rosa i undertonen. Da trenger man ikke \u00e5 \u00abvarme opp\u00bb huden.<\/p>\n<p class=\"font-weight-bold m-font-weight-bold\" data-lab-font_weight=\"font-weight-bold\">KKs skj\u00f8nnhetsansvarlig stemmer i.\u00a0<\/p>\n<p>\u2013 Det handler om \u00e5 ta utgangspunkt i egen undertone i huden. Det er en velpr\u00f8vd oppskrift. Mange husker med skrekk det vi kalte \u00abbrunkrem\u00bb f\u00f8r. Dit vil vi absolutt ikke tilbake. Aldri, sier hun,\u00a0<\/p>\n<p>Samtidig som solpudderets dominans utfordres, har interessen for sesonganalyse og undertoner vokst.\u00a0<\/p>\n<p>KK har tidligere skrevet om fargeanalyse,<\/p>\n<p>L\u00f8ken mener det er viktig at influensere viser at man kan droppe selvbruningen.<\/p>\n<p>    <a itemprop=\"url\" href=\"https:\/\/www.kk.no\/mote\/det-beste-resultatet-far-du-ved-a-bruke-en-fargekorrigerende-concealer\/69168816\" rel=\"nofollow noopener\" target=\"_blank\"><\/p>\n<p>        <img loading=\"lazy\" decoding=\"async\" src=\"https:\/\/www.europesays.com\/no\/wp-content\/uploads\/2026\/03\/69169089.webp.webp\" width=\"980\" height=\"441\" title=\"Legger du concealeren din riktig?\" alt=\"\" class=\"lazyload\" style=\"--aspect-ratio-image: 2.22; \"\/><\/p>\n<p>        Legger du concealeren din riktig?<\/p>\n<p>    <\/a><\/p>\n<p>\u2013 Mange begynner n\u00e5r de er veldig unge. Det er viktig at de ser at det aller fineste er \u00e5 v\u00e6re naturlig, og at det \u00e5 bruke selvbruning ikke er noe de m\u00e5 gj\u00f8re.\u00a0<\/p>\n<p>Sminketrenden treffer dessuten midt i hjertet av tids\u00e5nden, mener Einarsd\u00f3ttir.\u00a0<\/p>\n<p class=\"font-weight-bold m-font-weight-bold\" data-lab-font_weight=\"font-weight-bold\">\u2013 B\u00e5de motemessig og ogs\u00e5 i popul\u00e6rkulturen ser vi n\u00e5 tilbake. Ikke s\u00e5 rart, for i en verden i krise tenderer vi til \u00e5 gj\u00f8re nettopp det. Til en tid der alt var bedre, i alle fall tilsynelatende.\u00a0<\/p>\n","protected":false},"excerpt":{"rendered":"Ny hudtrend: Beautyprofil Victoria Emilie L\u00f8ken f\u00f8lte hun m\u00e5tte bruke selvbruning hele tiden.\u00a0 KONTRAST: Victoria har n\u00e5 g\u00e5tt&hellip;\n","protected":false},"author":2,"featured_media":177939,"comment_status":"","ping_status":"","sticky":false,"template":"","format":"standard","meta":{"footnotes":"","_share_on_mastodon":"0"},"categories":[58],"tags":[18300,18301,71,18302,4024,10173,30,28,29,6680,7743,12613,18305,6097,18304,18303,72],"class_list":["post-177938","post","type-post","status-publish","format-standard","has-post-thumbnail","category-underholdning","tag-bronzer","tag-contour","tag-entertainment","tag-foundation","tag-mote","tag-mote-trender","tag-no","tag-norge","tag-norway","tag-skjonnhet","tag-skjonnhetsprodukter","tag-skjonnhetstips","tag-skjonnhetstrender","tag-sminke","tag-sminketips","tag-solarium","tag-underholdning"],"share_on_mastodon":{"url":"https:\/\/pubeurope.com\/@no\/116169690742043111","error":""},"_links":{"self":[{"href":"https:\/\/www.europesays.com\/no\/wp-json\/wp\/v2\/posts\/177938","targetHints":{"allow":["GET"]}}],"collection":[{"href":"https:\/\/www.europesays.com\/no\/wp-json\/wp\/v2\/posts"}],"about":[{"href":"https:\/\/www.europesays.com\/no\/wp-json\/wp\/v2\/types\/post"}],"author":[{"embeddable":true,"href":"https:\/\/www.europesays.com\/no\/wp-json\/wp\/v2\/users\/2"}],"replies":[{"embeddable":true,"href":"https:\/\/www.europesays.com\/no\/wp-json\/wp\/v2\/comments?post=177938"}],"version-history":[{"count":0,"href":"https:\/\/www.europesays.com\/no\/wp-json\/wp\/v2\/posts\/177938\/revisions"}],"wp:featuredmedia":[{"embeddable":true,"href":"https:\/\/www.europesays.com\/no\/wp-json\/wp\/v2\/media\/177939"}],"wp:attachment":[{"href":"https:\/\/www.europesays.com\/no\/wp-json\/wp\/v2\/media?parent=177938"}],"wp:term":[{"taxonomy":"category","embeddable":true,"href":"https:\/\/www.europesays.com\/no\/wp-json\/wp\/v2\/categories?post=177938"},{"taxonomy":"post_tag","embeddable":true,"href":"https:\/\/www.europesays.com\/no\/wp-json\/wp\/v2\/tags?post=177938"}],"curies":[{"name":"wp","href":"https:\/\/api.w.org\/{rel}","templated":true}]}}