{"id":17803,"date":"2025-08-25T17:26:14","date_gmt":"2025-08-25T17:26:14","guid":{"rendered":"https:\/\/www.europesays.com\/no\/17803\/"},"modified":"2025-08-25T17:26:14","modified_gmt":"2025-08-25T17:26:14","slug":"ulykker-og-hendelser-lagendalen-fikk-melding-om-sprengstoff-i-terrenget-matte-tilkalle-forsvaret","status":"publish","type":"post","link":"https:\/\/www.europesays.com\/no\/17803\/","title":{"rendered":"Ulykker og hendelser, L\u00e5gendalen | Fikk melding om sprengstoff i terrenget: M\u00e5tte tilkalle Forsvaret"},"content":{"rendered":"\n<p>Mandag ettermiddag rykket n\u00f8detatene ut til Brufoss, etter \u00e5 ha f\u00e5tt melding om noe sprengstoff som var blitt funnet i terrenget ved Numedalsl\u00e5gen.<\/p>\n<p>Det meldte operasjonsleder ved S\u00f8r-\u00d8st politidistrikt, Lise Bj\u00f8rnsund, i politiloggen klokken 15.58.<\/p>\n<p><b>Forsvaret ble if\u00f8lge operasjonslederen ogs\u00e5 tilkalt, for \u00e5 f\u00e5 sprengstoffet destruert. Mens arbeidet med sprengingen p\u00e5gikk, m\u00e5tte strekningen mellom Fossekroa og avkj\u00f8ringen til Sundet p\u00e5 fylkesvei 40 ogs\u00e5 stenges for trafikk i en kort periode.<\/b><\/p>\n<p>\u2013 Granat av eldre \u00e5rgang<\/p>\n<p>Bj\u00f8rnsund opplyste til \u00d8stlands-Posten at det var en person som hadde v\u00e6rt ute i L\u00e5gen for \u00e5 fiske som hadde varslet n\u00f8detatene om sprengstoffet.<\/p>\n<p>\u2013 Det var i hvert fall slik jeg forstod det, la hun til.<\/p>\n<p>Dermed rykket alts\u00e5 n\u00f8detatene ut til stedet.<\/p>\n<p>\u2013 N\u00e5r det blir gjort slike funn, m\u00e5 vi f\u00f8rst unders\u00f8ke hvor eksplosivet kommer fra \u2013 om det er sivilt, eller milit\u00e6rt. I dette tilfellet var det milit\u00e6rt, og derfor varslet vi Forsvaret, forklarte operasjonslederen videre.<\/p>\n<p>\u2013 Hva slags sprengstoff var det snakk om?<\/p>\n<p><b>\u2013 Det skal ha v\u00e6rt en granat av eldre \u00e5rgang. Den ble beskrevet som rusten, og den har nok ligget der en god stund.<\/b><\/p>\n<p>      \u2013 Liten fare<\/p>\n<p><b>Klokken 16.10 kunne Bj\u00f8rnsund melde at Forsvaret hadde gjennomf\u00f8rt sprengingen etter planen, og at strekningen p\u00e5 L\u00e5gendalsveien var \u00e5pen for trafikk igjen.<\/b><\/p>\n<p>N\u00e5r det kommer til selve destrueringen, eller sprengingen, fortalte Bj\u00f8rnsund at det var vanskelig \u00e5 ansl\u00e5 hvor stor eksplosjonen endte opp med \u00e5 bli.<\/p>\n<p>\u2013 Men jeg har ikke inntrykk av at det var en veldig stor eksplosjon. Her har ogs\u00e5 Forsvaret gjort en risikovurdering, med tanke p\u00e5 om sprengingen kunne gj\u00f8res p\u00e5 stedet eller om eksplosivet m\u00e5tte fraktes et annet sted. Siden det ble gjort p\u00e5 stedet denne gangen, tyder det p\u00e5 at det har v\u00e6rt liten fare for andre, forklarte Bj\u00f8rnsund.<\/p>\n<p>\u2013 Veien ble jo sperret i en kort periode, for \u00e5 s\u00f8rge for at det ikke skulle oppst\u00e5 personskader eller materielle skader p\u00e5 kj\u00f8ret\u00f8y, tilf\u00f8yde operasjonslederen avslutningsvis.<\/p>\n<p>  <a href=\"https:\/\/www.op.no\/5-36-1797350\" class=\"related-teaser has-image default-story-teaser article--c-eRUmMG article--c-eRUmMG-jKCPdD-design-default\" rel=\"nofollow noopener\" target=\"_blank\"><\/p>\n<p>    <img decoding=\"async\" loading=\"lazy\"  src=\"https:\/\/www.europesays.com\/no\/wp-content\/uploads\/2025\/08\/DSC_6951.JPG\" alt=\"\" class=\"brick-c-cFOWSL\" style=\"\"\/><\/p>\n<p>\n            Les ogs\u00e5<\/p>\n<p>              Skulle pusse opp boligen \u2013 fikk bes\u00f8k av bombegruppa\n        <\/p>\n<p>  <\/a><\/p>\n<p>  <a href=\"https:\/\/www.op.no\/5-36-1282572\" class=\"related-teaser has-image default-story-teaser article--c-eRUmMG article--c-eRUmMG-jKCPdD-design-default\" rel=\"nofollow noopener\" target=\"_blank\"><\/p>\n<p>    <img decoding=\"async\" loading=\"lazy\"  src=\"https:\/\/www.europesays.com\/no\/wp-content\/uploads\/2025\/08\/received_384423890487307.jpeg\" alt=\"\" class=\"brick-c-cFOWSL\" style=\"\"\/><\/p>\n<p>\n            Les ogs\u00e5<\/p>\n<p>              Fant granat p\u00e5 tur med familien: \u2013 Skj\u00f8nte hva det var med en gang\n        <\/p>\n<p>  <\/a><\/p>\n","protected":false},"excerpt":{"rendered":"Mandag ettermiddag rykket n\u00f8detatene ut til Brufoss, etter \u00e5 ha f\u00e5tt melding om noe sprengstoff som var blitt&hellip;\n","protected":false},"author":2,"featured_media":17804,"comment_status":"","ping_status":"","sticky":false,"template":"","format":"standard","meta":{"footnotes":""},"categories":[12],"tags":[36,20,21,24,25,15,3200,113,22,23,13,30,28,29,14,16,3201,1510,26,27,224,941,42,43,44,45],"class_list":{"0":"post-17803","1":"post","2":"type-post","3":"status-publish","4":"format-standard","5":"has-post-thumbnail","7":"category-verden","8":"tag-art","9":"tag-breaking-news","10":"tag-breakingnews","11":"tag-featured-news","12":"tag-featurednews","13":"tag-headlines","14":"tag-lagendalen","15":"tag-larvik","16":"tag-latest-news","17":"tag-latestnews","18":"tag-news","19":"tag-no","20":"tag-norge","21":"tag-norway","22":"tag-nyheter","23":"tag-overskrifter","24":"tag-sor-ost-politidistrikt","25":"tag-story","26":"tag-top-stories","27":"tag-topstories","28":"tag-trafikk","29":"tag-ulykker-og-hendelser","30":"tag-verden","31":"tag-world","32":"tag-world-news","33":"tag-worldnews"},"share_on_mastodon":{"url":"","error":""},"_links":{"self":[{"href":"https:\/\/www.europesays.com\/no\/wp-json\/wp\/v2\/posts\/17803","targetHints":{"allow":["GET"]}}],"collection":[{"href":"https:\/\/www.europesays.com\/no\/wp-json\/wp\/v2\/posts"}],"about":[{"href":"https:\/\/www.europesays.com\/no\/wp-json\/wp\/v2\/types\/post"}],"author":[{"embeddable":true,"href":"https:\/\/www.europesays.com\/no\/wp-json\/wp\/v2\/users\/2"}],"replies":[{"embeddable":true,"href":"https:\/\/www.europesays.com\/no\/wp-json\/wp\/v2\/comments?post=17803"}],"version-history":[{"count":0,"href":"https:\/\/www.europesays.com\/no\/wp-json\/wp\/v2\/posts\/17803\/revisions"}],"wp:featuredmedia":[{"embeddable":true,"href":"https:\/\/www.europesays.com\/no\/wp-json\/wp\/v2\/media\/17804"}],"wp:attachment":[{"href":"https:\/\/www.europesays.com\/no\/wp-json\/wp\/v2\/media?parent=17803"}],"wp:term":[{"taxonomy":"category","embeddable":true,"href":"https:\/\/www.europesays.com\/no\/wp-json\/wp\/v2\/categories?post=17803"},{"taxonomy":"post_tag","embeddable":true,"href":"https:\/\/www.europesays.com\/no\/wp-json\/wp\/v2\/tags?post=17803"}],"curies":[{"name":"wp","href":"https:\/\/api.w.org\/{rel}","templated":true}]}}