{"id":17805,"date":"2025-08-25T17:27:17","date_gmt":"2025-08-25T17:27:17","guid":{"rendered":"https:\/\/www.europesays.com\/no\/17805\/"},"modified":"2025-08-25T17:27:17","modified_gmt":"2025-08-25T17:27:17","slug":"kriminalitet-og-rettsvesen-loten-siktet-for-storbrannen-i-loten","status":"publish","type":"post","link":"https:\/\/www.europesays.com\/no\/17805\/","title":{"rendered":"Kriminalitet og rettsvesen, L\u00f8ten | Siktet for storbrannen i L\u00f8ten"},"content":{"rendered":"\n<p>Sent s\u00f8ndag kveld siktet politiet to mindre\u00e5rige personer for grovt skadeverk i forbindelse med brannen p\u00e5 L\u00f8ten ungdomsskole. Det opplyser politiet i Innlandet i en pressemelding mandag formiddag.<\/p>\n<p>  <a href=\"https:\/\/www.ringsaker-blad.no\/5-79-941041\" class=\"related-teaser has-image default-story-teaser article--c-eRUmMG article--c-eRUmMG-jKCPdD-design-default\" rel=\"nofollow noopener\" target=\"_blank\"><\/p>\n<p>    <img decoding=\"async\" loading=\"lazy\"  src=\"https:\/\/www.europesays.com\/no\/wp-content\/uploads\/2025\/08\/brann+l%C3%B8ten5.jpg\" alt=\"\" class=\"brick-c-cFOWSL\" style=\"\"\/><\/p>\n<p>\n            Les ogs\u00e5<\/p>\n<p>              L\u00f8ten ungdomsskole sto i brann \u2013 har satt krisestab\n        <\/p>\n<p>  <\/a><\/p>\n<p>\u2013 Vi har sikret og f\u00e5tt tilsendt mange bilder og videoer fra f\u00f8r, under og etter brannen, hvor mye ogs\u00e5 er delt i sosiale medier, sier politiadvokat Anders M\u00f8llersen, og fortsetter:<\/p>\n<p>   <img decoding=\"async\" width=\"1200\" height=\"675\" fetchpriority=\"low\"  loading=\"lazy\"  src=\"https:\/\/www.europesays.com\/no\/wp-content\/uploads\/2025\/08\/bergebakken.jpg\" alt=\"\" class=\"brick-c-cFOWSL\" style=\"--brick-image-ratio: 1200 \/ 675;\"\/><\/p>\n<p>    STORE SKADER: Slik ser det ut p\u00e5 skolen i L\u00f8ten dagen derp\u00e5.<br \/>\n    Foto: Tor Bergebakken\n  <\/p>\n<p>\u2013 Vi er i innledningsfasen av etterforskningen, og det har v\u00e6rt mange til stede p\u00e5 skolen i g\u00e5r kveld, slik at vi m\u00e5 f\u00e5 tid til \u00e5 gj\u00f8re avh\u00f8r av aktuelle personer, gjennomg\u00e5 materialet vi har og sortere dette, f\u00f8r vi kan si noe mer om hendelsesforl\u00f8pet.<\/p>\n<p>Det er tatt flere beslag, blant annet mobiltelefoner.<\/p>\n<p>En stor del av L\u00f8ten ungdomsskole ble totalskadd i brannen s\u00f8ndag kveld. Det er f\u00f8rst og fremst administrasjonsbygget til skolen som er skadet, i tillegg til noen klasserom og et naturfagrom.<\/p>\n<p>Skolen holder mandag stengt. Skadeomfanget p\u00e5 resten av skolen er enn\u00e5 ikke klart.<\/p>\n<p><b>Se bildene fra stedet (sveip):<\/b><\/p>\n<p>  <a data-static=\"\" href=\"#skip-\" class=\"brick-c-fgNmNC\">Hopp over karusellen.<\/a><\/p>\n<p data-static=\"\" class=\"brick-c-fgNmNC\" id=\"carousel-title-\">Innholdskarusell med 7 artikler.<\/p>\n<ul data-static=\"\" class=\"contents-wrapper\" data-contents-wrapper=\"\" tabindex=\"0\" data-min-slides-to-show=\"1\" aria-label=\"Skrollbart innhold\">\n<li data-static=\"\" data-content-wrapper=\"\" data-content-item=\"\" tabindex=\"-1\" aria-label=\"Artikkel 1\">\n<p>   <img decoding=\"async\" width=\"1200\" height=\"675\" fetchpriority=\"low\"  loading=\"lazy\"  src=\"https:\/\/www.europesays.com\/no\/wp-content\/uploads\/2025\/08\/bergebakken_1.jpg\" alt=\"\" class=\"brick-c-cFOWSL\" style=\"--brick-image-ratio: 1200 \/ 675;\"\/><\/p>\n<p>\n    undefined<\/p>\n<p>    Foto: Tor Bergebakken\n  <\/p>\n<\/li>\n<li data-static=\"\" data-content-wrapper=\"\" data-content-item=\"\" tabindex=\"-1\" aria-label=\"Artikkel 2\">\n<p>   <img decoding=\"async\" width=\"1200\" height=\"675\" fetchpriority=\"low\"  loading=\"lazy\"  src=\"https:\/\/www.europesays.com\/no\/wp-content\/uploads\/2025\/08\/1756142835_964_4.jpg\" alt=\"\" class=\"brick-c-cFOWSL\" style=\"--brick-image-ratio: 1200 \/ 675;\"\/><\/p>\n<p>\n    undefined<\/p>\n<p>    Foto: Tor Bergebakken\n  <\/p>\n<\/li>\n<li data-static=\"\" data-content-wrapper=\"\" data-content-item=\"\" tabindex=\"-1\" aria-label=\"Artikkel 3\">\n<p>   <img decoding=\"async\" width=\"1200\" height=\"900\" fetchpriority=\"low\"  loading=\"lazy\"  src=\"https:\/\/www.europesays.com\/no\/wp-content\/uploads\/2025\/08\/5.jpg\" alt=\"\" class=\"brick-c-cFOWSL\" style=\"--brick-image-ratio: 1200 \/ 900;\"\/><\/p>\n<p>\n    undefined<\/p>\n<p>    Foto: Tor Bergebakken\n  <\/p>\n<\/li>\n<li data-static=\"\" data-content-wrapper=\"\" data-content-item=\"\" tabindex=\"-1\" aria-label=\"Artikkel 4\">\n<p>   <img decoding=\"async\" width=\"1200\" height=\"900\" fetchpriority=\"low\"  loading=\"lazy\"  src=\"https:\/\/www.europesays.com\/no\/wp-content\/uploads\/2025\/08\/1756142836_124_6.jpg\" alt=\"\" class=\"brick-c-cFOWSL\" style=\"--brick-image-ratio: 1200 \/ 900;\"\/><\/p>\n<p>\n    undefined<\/p>\n<p>    Foto: Tor Bergebakken\n  <\/p>\n<\/li>\n<li data-static=\"\" data-content-wrapper=\"\" data-content-item=\"\" tabindex=\"-1\" aria-label=\"Artikkel 5\">\n<p>   <img decoding=\"async\" width=\"1200\" height=\"900\" fetchpriority=\"low\"  loading=\"lazy\"  src=\"https:\/\/www.europesays.com\/no\/wp-content\/uploads\/2025\/08\/7.jpg\" alt=\"\" class=\"brick-c-cFOWSL\" style=\"--brick-image-ratio: 1200 \/ 900;\"\/><\/p>\n<p>\n    undefined<\/p>\n<p>    Foto: Tor Bergebakken\n  <\/p>\n<\/li>\n<li data-static=\"\" data-content-wrapper=\"\" data-content-item=\"\" tabindex=\"-1\" aria-label=\"Artikkel 6\">\n<p>   <img decoding=\"async\" width=\"1200\" height=\"900\" fetchpriority=\"low\"  loading=\"lazy\"  src=\"https:\/\/www.europesays.com\/no\/wp-content\/uploads\/2025\/08\/8.jpg\" alt=\"\" class=\"brick-c-cFOWSL\" style=\"--brick-image-ratio: 1200 \/ 900;\"\/><\/p>\n<p>\n    undefined<\/p>\n<p>    Foto: Tor Bergebakken\n  <\/p>\n<\/li>\n<li data-static=\"\" data-content-wrapper=\"\" data-content-item=\"\" tabindex=\"-1\" aria-label=\"Artikkel 7\">\n<p>   <img decoding=\"async\" width=\"1200\" height=\"900\" fetchpriority=\"low\"  loading=\"lazy\"  src=\"https:\/\/www.europesays.com\/no\/wp-content\/uploads\/2025\/08\/9.jpg\" alt=\"\" class=\"brick-c-cFOWSL\" style=\"--brick-image-ratio: 1200 \/ 900;\"\/><\/p>\n<p>\n    undefined<\/p>\n<p>    Foto: Tor Bergebakken\n  <\/p>\n<\/li>\n<\/ul>\n<p>\u2013 Dette er en alvorlig hendelse som vi vet har oppr\u00f8rt mange, og vi vet at rykteb\u00f8rsen g\u00e5r varm i L\u00f8ten. Vi ber om at politiet f\u00e5r tid til \u00e5 etterforske slik at vi kan skille mellom det som er rykter og det som er sannheten. Vi ber i den sammenheng om at det ikke deles flere bilder og videoer i sosiale medier som kan bidra til ryktespredning, sier M\u00f8llersen.<\/p>\n<p><b>Saken oppdateres.<\/b><\/p>\n<p>Les mer om: artikkelemnene<\/p>\n","protected":false},"excerpt":{"rendered":"Sent s\u00f8ndag kveld siktet politiet to mindre\u00e5rige personer for grovt skadeverk i forbindelse med brannen p\u00e5 L\u00f8ten ungdomsskole.&hellip;\n","protected":false},"author":2,"featured_media":15979,"comment_status":"","ping_status":"","sticky":false,"template":"","format":"standard","meta":{"footnotes":""},"categories":[10],"tags":[36,20,21,24,25,15,3149,22,23,1272,13,30,28,29,14,16,1510,26,27],"class_list":{"0":"post-17805","1":"post","2":"type-post","3":"status-publish","4":"format-standard","5":"has-post-thumbnail","7":"category-norge","8":"tag-art","9":"tag-breaking-news","10":"tag-breakingnews","11":"tag-featured-news","12":"tag-featurednews","13":"tag-headlines","14":"tag-kriminalitet-og-rettsvesen","15":"tag-latest-news","16":"tag-latestnews","17":"tag-loten","18":"tag-news","19":"tag-no","20":"tag-norge","21":"tag-norway","22":"tag-nyheter","23":"tag-overskrifter","24":"tag-story","25":"tag-top-stories","26":"tag-topstories"},"share_on_mastodon":{"url":"","error":""},"_links":{"self":[{"href":"https:\/\/www.europesays.com\/no\/wp-json\/wp\/v2\/posts\/17805","targetHints":{"allow":["GET"]}}],"collection":[{"href":"https:\/\/www.europesays.com\/no\/wp-json\/wp\/v2\/posts"}],"about":[{"href":"https:\/\/www.europesays.com\/no\/wp-json\/wp\/v2\/types\/post"}],"author":[{"embeddable":true,"href":"https:\/\/www.europesays.com\/no\/wp-json\/wp\/v2\/users\/2"}],"replies":[{"embeddable":true,"href":"https:\/\/www.europesays.com\/no\/wp-json\/wp\/v2\/comments?post=17805"}],"version-history":[{"count":0,"href":"https:\/\/www.europesays.com\/no\/wp-json\/wp\/v2\/posts\/17805\/revisions"}],"wp:featuredmedia":[{"embeddable":true,"href":"https:\/\/www.europesays.com\/no\/wp-json\/wp\/v2\/media\/15979"}],"wp:attachment":[{"href":"https:\/\/www.europesays.com\/no\/wp-json\/wp\/v2\/media?parent=17805"}],"wp:term":[{"taxonomy":"category","embeddable":true,"href":"https:\/\/www.europesays.com\/no\/wp-json\/wp\/v2\/categories?post=17805"},{"taxonomy":"post_tag","embeddable":true,"href":"https:\/\/www.europesays.com\/no\/wp-json\/wp\/v2\/tags?post=17805"}],"curies":[{"name":"wp","href":"https:\/\/api.w.org\/{rel}","templated":true}]}}